{"id":10868,"date":"2015-11-25T19:24:01","date_gmt":"2015-11-25T22:24:01","guid":{"rendered":"http:\/\/obispadodezaratecampana.org\/?p=10868"},"modified":"2015-11-25T19:24:01","modified_gmt":"2015-11-25T22:24:01","slug":"vii-peregrinacion-diocesana-de-piedad-ecumenica-y-dialogo-interreligioso","status":"publish","type":"post","link":"https:\/\/obispadodezaratecampana.org\/?p=10868","title":{"rendered":"VII PEREGRINACION DIOCESANA DE PIEDAD ECUMENICA Y DIALOGO INTERRELIGIOSO"},"content":{"rendered":"<p><img fetchpriority=\"high\" decoding=\"async\" class=\" wp-image-10871 aligncenter\" src=\"http:\/\/obispadodezaratecampana.org\/wp-content\/uploads\/2015\/11\/12294641_10207317822240303_5624608220292522843_n2-300x300.jpg\" alt=\"12294641_10207317822240303_5624608220292522843_n\" width=\"497\" height=\"372\" \/><\/p>\n<p>El lunes 21 de diciembre se realizara la VII Peregrinaci\u00f3n Diocesana de Piedad Ecum\u00e9nica y Di\u00e1logo Interreligioso.<\/p>\n<p>Lugar y horario de encuentro : Acceso a la Secretar\u00eda de la Bas\u00edlica &#8211; 15 horas.<\/p>\n<p>Saldr\u00e1n minibuses desde la Catedral Santa Florentina, por lo que si deseen viajar en ellos , acercarse con anticipaci\u00f3n a la Secretaria Parroquial de esta comunidad \u00a0(horarios de atenci\u00f3n : Lunes a Viernes de 9 a 12 hs y de 16 a 19 hs) \u00a0.<\/p>\n<!-- AddThis Advanced Settings generic via filter on the_content --><!-- AddThis Share Buttons generic via filter on the_content -->","protected":false},"excerpt":{"rendered":"<p>El lunes 21 de diciembre se realizara la VII Peregrinaci\u00f3n Diocesana de Piedad Ecum\u00e9nica y Di\u00e1logo Interreligioso. Lugar y horario de encuentro : Acceso a [&hellip;]<!-- AddThis Advanced Settings generic via filter on get_the_excerpt --><!-- AddThis Share Buttons generic via filter on get_the_excerpt --><\/p>\n","protected":false},"author":2,"featured_media":10871,"comment_status":"open","ping_status":"open","sticky":false,"template":"","format":"standard","meta":{"footnotes":""},"categories":[1],"tags":[],"class_list":["post-10868","post","type-post","status-publish","format-standard","has-post-thumbnail","hentry","category-noticiasdiocesanas"],"_links":{"self":[{"href":"https:\/\/obispadodezaratecampana.org\/index.php?rest_route=\/wp\/v2\/posts\/10868","targetHints":{"allow":["GET"]}}],"collection":[{"href":"https:\/\/obispadodezaratecampana.org\/index.php?rest_route=\/wp\/v2\/posts"}],"about":[{"href":"https:\/\/obispadodezaratecampana.org\/index.php?rest_route=\/wp\/v2\/types\/post"}],"author":[{"embeddable":true,"href":"https:\/\/obispadodezaratecampana.org\/index.php?rest_route=\/wp\/v2\/users\/2"}],"replies":[{"embeddable":true,"href":"https:\/\/obispadodezaratecampana.org\/index.php?rest_route=%2Fwp%2Fv2%2Fcomments&post=10868"}],"version-history":[{"count":1,"href":"https:\/\/obispadodezaratecampana.org\/index.php?rest_route=\/wp\/v2\/posts\/10868\/revisions"}],"predecessor-version":[{"id":10872,"href":"https:\/\/obispadodezaratecampana.org\/index.php?rest_route=\/wp\/v2\/posts\/10868\/revisions\/10872"}],"wp:featuredmedia":[{"embeddable":true,"href":"https:\/\/obispadodezaratecampana.org\/index.php?rest_route=\/wp\/v2\/media\/10871"}],"wp:attachment":[{"href":"https:\/\/obispadodezaratecampana.org\/index.php?rest_route=%2Fwp%2Fv2%2Fmedia&parent=10868"}],"wp:term":[{"taxonomy":"category","embeddable":true,"href":"https:\/\/obispadodezaratecampana.org\/index.php?rest_route=%2Fwp%2Fv2%2Fcategories&post=10868"},{"taxonomy":"post_tag","embeddable":true,"href":"https:\/\/obispadodezaratecampana.org\/index.php?rest_route=%2Fwp%2Fv2%2Ftags&post=10868"}],"curies":[{"name":"wp","href":"https:\/\/api.w.org\/{rel}","templated":true}]}}