{"id":10862,"date":"2015-11-25T18:52:49","date_gmt":"2015-11-25T21:52:49","guid":{"rendered":"http:\/\/obispadodezaratecampana.org\/?p=10862"},"modified":"2015-11-25T18:52:49","modified_gmt":"2015-11-25T21:52:49","slug":"8-de-diciembre-peregrinacion-a-lujan-en-bicicleta-desde-zarate","status":"publish","type":"post","link":"https:\/\/obispadodezaratecampana.org\/?p=10862","title":{"rendered":"8 de diciembre : Peregrinaci\u00f3n a Lujan en bicicleta, desde Z\u00e1rate"},"content":{"rendered":"<p><img fetchpriority=\"high\" decoding=\"async\" class=\" wp-image-10863 aligncenter\" src=\"http:\/\/obispadodezaratecampana.org\/wp-content\/uploads\/2015\/11\/11057351_974037309324258_7903080435899843816_o-300x151.jpg\" alt=\"11057351_974037309324258_7903080435899843816_o\" width=\"558\" height=\"281\" srcset=\"https:\/\/obispadodezaratecampana.org\/wp-content\/uploads\/2015\/11\/11057351_974037309324258_7903080435899843816_o-300x151.jpg 300w, https:\/\/obispadodezaratecampana.org\/wp-content\/uploads\/2015\/11\/11057351_974037309324258_7903080435899843816_o-1024x518.jpg 1024w\" sizes=\"(max-width: 558px) 100vw, 558px\" \/><\/p>\n<p>El martes 8 de diciembre , a las 5 de la ma\u00f1ana, est\u00e1n todos invitados a participar de la Peregrinaci\u00f3n en bicicleta al Santuario de Ntra Sra de Lujan, en Lujan. Para participar o solicitar informaci\u00f3n acerca de esta iniciativa en honor a nuestra Madre del Cielo comunicarse con la Parroquia Ntra Sra de F\u00e1tima &#8211; \u00a0en Z\u00e1rate &#8211; al tel\u00e9fono: 03487 &#8211; 447488 .<\/p>\n<p>En el siguiente enlace de facebook pueden encontrar el Evento:<\/p>\n<p><a title=\"lujan\" href=\"https:\/\/www.facebook.com\/events\/862272527203882\/\" target=\"_blank\">https:\/\/www.facebook.com\/events\/862272527203882\/<\/a><\/p>\n<p>&nbsp;<\/p>\n<p>&nbsp;<\/p>\n<p>&nbsp;<\/p>\n<!-- AddThis Advanced Settings generic via filter on the_content --><!-- AddThis Share Buttons generic via filter on the_content -->","protected":false},"excerpt":{"rendered":"<p>El martes 8 de diciembre , a las 5 de la ma\u00f1ana, est\u00e1n todos invitados a participar de la Peregrinaci\u00f3n en bicicleta al Santuario de [&hellip;]<!-- AddThis Advanced Settings generic via filter on get_the_excerpt --><!-- AddThis Share Buttons generic via filter on get_the_excerpt --><\/p>\n","protected":false},"author":2,"featured_media":10863,"comment_status":"open","ping_status":"open","sticky":false,"template":"","format":"standard","meta":{"footnotes":""},"categories":[3],"tags":[],"class_list":["post-10862","post","type-post","status-publish","format-standard","has-post-thumbnail","hentry","category-noticiasparroquiales"],"_links":{"self":[{"href":"https:\/\/obispadodezaratecampana.org\/index.php?rest_route=\/wp\/v2\/posts\/10862","targetHints":{"allow":["GET"]}}],"collection":[{"href":"https:\/\/obispadodezaratecampana.org\/index.php?rest_route=\/wp\/v2\/posts"}],"about":[{"href":"https:\/\/obispadodezaratecampana.org\/index.php?rest_route=\/wp\/v2\/types\/post"}],"author":[{"embeddable":true,"href":"https:\/\/obispadodezaratecampana.org\/index.php?rest_route=\/wp\/v2\/users\/2"}],"replies":[{"embeddable":true,"href":"https:\/\/obispadodezaratecampana.org\/index.php?rest_route=%2Fwp%2Fv2%2Fcomments&post=10862"}],"version-history":[{"count":1,"href":"https:\/\/obispadodezaratecampana.org\/index.php?rest_route=\/wp\/v2\/posts\/10862\/revisions"}],"predecessor-version":[{"id":10864,"href":"https:\/\/obispadodezaratecampana.org\/index.php?rest_route=\/wp\/v2\/posts\/10862\/revisions\/10864"}],"wp:featuredmedia":[{"embeddable":true,"href":"https:\/\/obispadodezaratecampana.org\/index.php?rest_route=\/wp\/v2\/media\/10863"}],"wp:attachment":[{"href":"https:\/\/obispadodezaratecampana.org\/index.php?rest_route=%2Fwp%2Fv2%2Fmedia&parent=10862"}],"wp:term":[{"taxonomy":"category","embeddable":true,"href":"https:\/\/obispadodezaratecampana.org\/index.php?rest_route=%2Fwp%2Fv2%2Fcategories&post=10862"},{"taxonomy":"post_tag","embeddable":true,"href":"https:\/\/obispadodezaratecampana.org\/index.php?rest_route=%2Fwp%2Fv2%2Ftags&post=10862"}],"curies":[{"name":"wp","href":"https:\/\/api.w.org\/{rel}","templated":true}]}}