{"id":10857,"date":"2015-11-19T12:42:56","date_gmt":"2015-11-19T15:42:56","guid":{"rendered":"http:\/\/obispadodezaratecampana.org\/?p=10857"},"modified":"2015-11-19T12:42:56","modified_gmt":"2015-11-19T15:42:56","slug":"novena-preparatoria-fiesta-patronal-de-san-roque-gonzalez-de-santa-cruz","status":"publish","type":"post","link":"https:\/\/obispadodezaratecampana.org\/?p=10857","title":{"rendered":"Novena preparatoria: Fiesta Patronal de San Roque Gonzalez de Santa Cruz"},"content":{"rendered":"<p><img fetchpriority=\"high\" decoding=\"async\" class=\" wp-image-10860 aligncenter\" src=\"http:\/\/obispadodezaratecampana.org\/wp-content\/uploads\/2015\/11\/santo1-300x225.jpg\" alt=\"santo\" width=\"395\" height=\"296\" srcset=\"https:\/\/obispadodezaratecampana.org\/wp-content\/uploads\/2015\/11\/santo1-300x225.jpg 300w, https:\/\/obispadodezaratecampana.org\/wp-content\/uploads\/2015\/11\/santo1.jpg 960w\" sizes=\"(max-width: 395px) 100vw, 395px\" \/><\/p>\n<p><strong>FIESTA PATRONAL 2015 DE SAN ROQUE GONZALEZ DE SANTA CRUZ<\/strong><\/p>\n<p><em>LEMA DE LA NOVENA: &#8221; SAN ROQUE GONZALEZ QUE TU MARTIR CORAZ\u00d3N NOS ENSE\u00d1E A SER MISERICORDIOSOS&#8221;<\/em><\/p>\n<p>El 19 de noviembre comienza la novena a San Roque Gonzalez de Santa Cruz patrono de la capilla de nuestra comunidad parroquial.\u00a0Se rezar\u00e1 lo novena todos los d\u00edas a las 18 hs, excepto el s\u00e1bado 21\/11 que se realizar\u00e1 a las 16 hs cerrando con la santa Misa.<\/p>\n<p>La fiesta central del santo Patrono se efectuar\u00e1 el 28 de noviembre :\u00a017 hs Procesi\u00f3n por las calles del barrio y a las \u00a018 hs Misa.<\/p>\n<p>Fuente de la publicaci\u00f3n Parroquia Ntra Sra de las Gracias &#8211; de Pilar &#8211; :\u00a0<a title=\"gracias\" href=\"https:\/\/www.facebook.com\/parroquiantrasradelasgracias.pilar?pnref=story\" target=\"_blank\">https:\/\/www.facebook.com\/parroquiantrasradelasgracias.pilar?pnref=story<\/a><\/p>\n<p>&nbsp;<\/p>\n<!-- AddThis Advanced Settings generic via filter on the_content --><!-- AddThis Share Buttons generic via filter on the_content -->","protected":false},"excerpt":{"rendered":"<p>FIESTA PATRONAL 2015 DE SAN ROQUE GONZALEZ DE SANTA CRUZ LEMA DE LA NOVENA: &#8221; SAN ROQUE GONZALEZ QUE TU MARTIR CORAZ\u00d3N NOS ENSE\u00d1E A [&hellip;]<!-- AddThis Advanced Settings generic via filter on get_the_excerpt --><!-- AddThis Share Buttons generic via filter on get_the_excerpt --><\/p>\n","protected":false},"author":2,"featured_media":10859,"comment_status":"open","ping_status":"open","sticky":false,"template":"","format":"standard","meta":{"footnotes":""},"categories":[3],"tags":[],"class_list":["post-10857","post","type-post","status-publish","format-standard","has-post-thumbnail","hentry","category-noticiasparroquiales"],"_links":{"self":[{"href":"https:\/\/obispadodezaratecampana.org\/index.php?rest_route=\/wp\/v2\/posts\/10857","targetHints":{"allow":["GET"]}}],"collection":[{"href":"https:\/\/obispadodezaratecampana.org\/index.php?rest_route=\/wp\/v2\/posts"}],"about":[{"href":"https:\/\/obispadodezaratecampana.org\/index.php?rest_route=\/wp\/v2\/types\/post"}],"author":[{"embeddable":true,"href":"https:\/\/obispadodezaratecampana.org\/index.php?rest_route=\/wp\/v2\/users\/2"}],"replies":[{"embeddable":true,"href":"https:\/\/obispadodezaratecampana.org\/index.php?rest_route=%2Fwp%2Fv2%2Fcomments&post=10857"}],"version-history":[{"count":1,"href":"https:\/\/obispadodezaratecampana.org\/index.php?rest_route=\/wp\/v2\/posts\/10857\/revisions"}],"predecessor-version":[{"id":10861,"href":"https:\/\/obispadodezaratecampana.org\/index.php?rest_route=\/wp\/v2\/posts\/10857\/revisions\/10861"}],"wp:featuredmedia":[{"embeddable":true,"href":"https:\/\/obispadodezaratecampana.org\/index.php?rest_route=\/wp\/v2\/media\/10859"}],"wp:attachment":[{"href":"https:\/\/obispadodezaratecampana.org\/index.php?rest_route=%2Fwp%2Fv2%2Fmedia&parent=10857"}],"wp:term":[{"taxonomy":"category","embeddable":true,"href":"https:\/\/obispadodezaratecampana.org\/index.php?rest_route=%2Fwp%2Fv2%2Fcategories&post=10857"},{"taxonomy":"post_tag","embeddable":true,"href":"https:\/\/obispadodezaratecampana.org\/index.php?rest_route=%2Fwp%2Fv2%2Ftags&post=10857"}],"curies":[{"name":"wp","href":"https:\/\/api.w.org\/{rel}","templated":true}]}}