{"id":10831,"date":"2015-11-12T08:46:30","date_gmt":"2015-11-12T11:46:30","guid":{"rendered":"http:\/\/obispadodezaratecampana.org\/?p=10831"},"modified":"2015-11-12T08:46:30","modified_gmt":"2015-11-12T11:46:30","slug":"ultima-fecha-de-golf-2015-a-beneficio-de-caritas","status":"publish","type":"post","link":"https:\/\/obispadodezaratecampana.org\/?p=10831","title":{"rendered":"Ultima fecha de GOLF 2015 a beneficio de CARITAS"},"content":{"rendered":"<p>Queridos lectores: les compartimos estas l\u00edneas con la invitaci\u00f3n de C\u00e1ritas diocesana al \u00faltimo Torneo de Golf de este 2015:<\/p>\n<p><em>No esperes a \u00faltimo momento! Reserv\u00e1 tu green fee Ahora!<\/em><br \/>\n<em>Ven\u00ed a colaborar con C\u00e1ritas haciendo lo que m\u00e1s te gusta, jugar GOLF.<\/em><br \/>\n<em>Pr\u00f3xima y \u00faltima fecha Circuito de Golf 2015 a beneficio de C\u00e1ritas Di\u00f3cesis Zarate Campana &#8211; 19 de Noviembre &#8211; La Orquidea Golf &#8211; Four Ball, Approach y Long Drive &#8211;<\/em><br \/>\n<em>Reserv\u00e1 tu green fee por mensaje privado, llamado al 1565088575 o por mail a info@pro-medios.com.ar<\/em><br \/>\n<em>Enviar Nombre y Apellido &#8211; N\u00famero de Matricula, Tel\u00e9fono y Mail<\/em><br \/>\n<em>Green Fee $ 500.00<\/em><br \/>\n<em>10:00 hs. Acreditaci\u00f3n y Desayuno<\/em><br \/>\n<em>12:00 hs. Ca\u00f1onazo<\/em><br \/>\n<em>17:00 hs. Cocktail, entrega de Premios y Sorteos<\/em><br \/>\n<em>Los mejores premios y sorteos! Estadias Cost\u00e3o do Santinho Resort, Golf &amp; Spa All Inclusive Florianopolis, Estadias Casa de Campo La Romana Rep. Dominicana All Inclusive, Estadias Ruca Kuyen Golf &amp; Resort Villa La Angostura, Estadias Sofitel La Reserva Cardales c\/Gf, Estadias en Hotel La Posta Golf Villa General Belgrano, Green Fees en Estancias de Cafayate, Trofeos Locket, Green Fees en Arelauquen, Valle de Tandil y Sierra de los Padres, Indumentaria Lacoste, Perfumes Paco Rabanne, Packs Schneider, Botellas 100 Pipers, Bolsos Puma, Productos Trumpeter Rutini Wines, Botellas y regalos Fernet Branca, Cenas en Ceviche y Kansas Pilar<\/em><\/p>\n<p>FAN PAGE :\u00a0<a title=\"golf\" href=\"https:\/\/www.facebook.com\/Circuito-de-Golf-2015-C%C3%A1ritas-1663762533846736\/?fref=ts\" target=\"_blank\">https:\/\/www.facebook.com\/Circuito-de-Golf-2015-C%C3%A1ritas-1663762533846736\/?fref=ts<\/a><\/p>\n<p><img fetchpriority=\"high\" decoding=\"async\" class=\" wp-image-10833 aligncenter\" src=\"http:\/\/obispadodezaratecampana.org\/wp-content\/uploads\/2015\/11\/golf-300x199.jpg\" alt=\"golf\" width=\"516\" height=\"348\" \/><\/p>\n<!-- AddThis Advanced Settings generic via filter on the_content --><!-- AddThis Share Buttons generic via filter on the_content -->","protected":false},"excerpt":{"rendered":"<p>Queridos lectores: les compartimos estas l\u00edneas con la invitaci\u00f3n de C\u00e1ritas diocesana al \u00faltimo Torneo de Golf de este 2015: No esperes a \u00faltimo momento! [&hellip;]<!-- AddThis Advanced Settings generic via filter on get_the_excerpt --><!-- AddThis Share Buttons generic via filter on get_the_excerpt --><\/p>\n","protected":false},"author":2,"featured_media":10833,"comment_status":"open","ping_status":"open","sticky":false,"template":"","format":"standard","meta":{"footnotes":""},"categories":[1],"tags":[],"class_list":["post-10831","post","type-post","status-publish","format-standard","has-post-thumbnail","hentry","category-noticiasdiocesanas"],"_links":{"self":[{"href":"https:\/\/obispadodezaratecampana.org\/index.php?rest_route=\/wp\/v2\/posts\/10831","targetHints":{"allow":["GET"]}}],"collection":[{"href":"https:\/\/obispadodezaratecampana.org\/index.php?rest_route=\/wp\/v2\/posts"}],"about":[{"href":"https:\/\/obispadodezaratecampana.org\/index.php?rest_route=\/wp\/v2\/types\/post"}],"author":[{"embeddable":true,"href":"https:\/\/obispadodezaratecampana.org\/index.php?rest_route=\/wp\/v2\/users\/2"}],"replies":[{"embeddable":true,"href":"https:\/\/obispadodezaratecampana.org\/index.php?rest_route=%2Fwp%2Fv2%2Fcomments&post=10831"}],"version-history":[{"count":2,"href":"https:\/\/obispadodezaratecampana.org\/index.php?rest_route=\/wp\/v2\/posts\/10831\/revisions"}],"predecessor-version":[{"id":10835,"href":"https:\/\/obispadodezaratecampana.org\/index.php?rest_route=\/wp\/v2\/posts\/10831\/revisions\/10835"}],"wp:featuredmedia":[{"embeddable":true,"href":"https:\/\/obispadodezaratecampana.org\/index.php?rest_route=\/wp\/v2\/media\/10833"}],"wp:attachment":[{"href":"https:\/\/obispadodezaratecampana.org\/index.php?rest_route=%2Fwp%2Fv2%2Fmedia&parent=10831"}],"wp:term":[{"taxonomy":"category","embeddable":true,"href":"https:\/\/obispadodezaratecampana.org\/index.php?rest_route=%2Fwp%2Fv2%2Fcategories&post=10831"},{"taxonomy":"post_tag","embeddable":true,"href":"https:\/\/obispadodezaratecampana.org\/index.php?rest_route=%2Fwp%2Fv2%2Ftags&post=10831"}],"curies":[{"name":"wp","href":"https:\/\/api.w.org\/{rel}","templated":true}]}}