{"id":10822,"date":"2015-11-11T09:34:22","date_gmt":"2015-11-11T12:34:22","guid":{"rendered":"http:\/\/obispadodezaratecampana.org\/?p=10822"},"modified":"2015-11-19T12:14:15","modified_gmt":"2015-11-19T15:14:15","slug":"toma-de-posesion-del-obispo","status":"publish","type":"post","link":"https:\/\/obispadodezaratecampana.org\/?p=10822","title":{"rendered":"Inicio del Ministerio Pastoral de Monse\u00f1or Laxague"},"content":{"rendered":"<p>En el d\u00eda de ayer el equipo de prensa de la Conferencia Episcopal Argentina dio a conocer que el pr\u00f3ximo 19 de diciembre a las 19 hs. en la ciudad de Campana ser\u00e1 el inicio de Ministerio Pastoral de Mons. Pedro Mar\u00eda Laxague.<\/p>\n<p>Mons. Laxague, quien previamente fue obispo auxiliar de la arquidi\u00f3cesis de Bah\u00eda Blanca, fue designado obispo titular de la di\u00f3cesis de Z\u00e1rate &#8211; Campana por el Papa Francisco.<\/p>\n<p>En las pr\u00f3ximas semanas compartiremos mas detalles de este acontecimiento.<\/p>\n<p><img fetchpriority=\"high\" decoding=\"async\" class=\" wp-image-10823 aligncenter\" src=\"http:\/\/obispadodezaratecampana.org\/wp-content\/uploads\/2015\/11\/fca0be6ee0b305dc486f54b3bb9bd446-300x225.jpg\" alt=\"fca0be6ee0b305dc486f54b3bb9bd446\" width=\"405\" height=\"303\" srcset=\"https:\/\/obispadodezaratecampana.org\/wp-content\/uploads\/2015\/11\/fca0be6ee0b305dc486f54b3bb9bd446-300x225.jpg 300w, https:\/\/obispadodezaratecampana.org\/wp-content\/uploads\/2015\/11\/fca0be6ee0b305dc486f54b3bb9bd446.jpg 620w\" sizes=\"(max-width: 405px) 100vw, 405px\" \/><\/p>\n<!-- AddThis Advanced Settings generic via filter on the_content --><!-- AddThis Share Buttons generic via filter on the_content -->","protected":false},"excerpt":{"rendered":"<p>En el d\u00eda de ayer el equipo de prensa de la Conferencia Episcopal Argentina dio a conocer que el pr\u00f3ximo 19 de diciembre a las [&hellip;]<!-- AddThis Advanced Settings generic via filter on get_the_excerpt --><!-- AddThis Share Buttons generic via filter on get_the_excerpt --><\/p>\n","protected":false},"author":1,"featured_media":10823,"comment_status":"open","ping_status":"open","sticky":false,"template":"","format":"standard","meta":{"footnotes":""},"categories":[1],"tags":[],"class_list":["post-10822","post","type-post","status-publish","format-standard","has-post-thumbnail","hentry","category-noticiasdiocesanas"],"_links":{"self":[{"href":"https:\/\/obispadodezaratecampana.org\/index.php?rest_route=\/wp\/v2\/posts\/10822","targetHints":{"allow":["GET"]}}],"collection":[{"href":"https:\/\/obispadodezaratecampana.org\/index.php?rest_route=\/wp\/v2\/posts"}],"about":[{"href":"https:\/\/obispadodezaratecampana.org\/index.php?rest_route=\/wp\/v2\/types\/post"}],"author":[{"embeddable":true,"href":"https:\/\/obispadodezaratecampana.org\/index.php?rest_route=\/wp\/v2\/users\/1"}],"replies":[{"embeddable":true,"href":"https:\/\/obispadodezaratecampana.org\/index.php?rest_route=%2Fwp%2Fv2%2Fcomments&post=10822"}],"version-history":[{"count":3,"href":"https:\/\/obispadodezaratecampana.org\/index.php?rest_route=\/wp\/v2\/posts\/10822\/revisions"}],"predecessor-version":[{"id":10852,"href":"https:\/\/obispadodezaratecampana.org\/index.php?rest_route=\/wp\/v2\/posts\/10822\/revisions\/10852"}],"wp:featuredmedia":[{"embeddable":true,"href":"https:\/\/obispadodezaratecampana.org\/index.php?rest_route=\/wp\/v2\/media\/10823"}],"wp:attachment":[{"href":"https:\/\/obispadodezaratecampana.org\/index.php?rest_route=%2Fwp%2Fv2%2Fmedia&parent=10822"}],"wp:term":[{"taxonomy":"category","embeddable":true,"href":"https:\/\/obispadodezaratecampana.org\/index.php?rest_route=%2Fwp%2Fv2%2Fcategories&post=10822"},{"taxonomy":"post_tag","embeddable":true,"href":"https:\/\/obispadodezaratecampana.org\/index.php?rest_route=%2Fwp%2Fv2%2Ftags&post=10822"}],"curies":[{"name":"wp","href":"https:\/\/api.w.org\/{rel}","templated":true}]}}