{"id":10817,"date":"2015-11-09T09:12:48","date_gmt":"2015-11-09T12:12:48","guid":{"rendered":"http:\/\/obispadodezaratecampana.org\/?p=10817"},"modified":"2015-11-09T09:12:48","modified_gmt":"2015-11-09T12:12:48","slug":"homilia-del-presidente-de-la-cea-mons-jose-maria-arancedo-misa-de-apertura-de-la-110o-asamblea-plenaria-lujan-8-de-noviembre","status":"publish","type":"post","link":"https:\/\/obispadodezaratecampana.org\/?p=10817","title":{"rendered":"Homil\u00eda del Presidente de la CEA, Mons. Jos\u00e9 Mar\u00eda Arancedo &#8211; Misa de Apertura de la 110\u00ba Asamblea Plenaria (Luj\u00e1n, 8 de noviembre)"},"content":{"rendered":"<p><strong>Homil\u00eda del Presidente de la CEA, Mons. Jos\u00e9 Mar\u00eda Arancedo &#8211; Misa de Apertura de la 110\u00ba Asamblea Plenaria (Luj\u00e1n, 8 de noviembre)<\/strong><br \/>\nHemos venido a la Bas\u00edlica de Nuestra Se\u00f1ora de Luj\u00e1n, para iniciar la 110\u00b0 Asamblea Plenaria del Episcopado Argentino. El motivo es celebrar y unirnos en esta Eucarist\u00eda y en el marco de este Templo que lo sentimos tan nuestro, al camino de gracia del A\u00f1o de la Vida Consagrada que finalizar\u00e1, Dios mediante, en la Fiesta de la Presentaci\u00f3n del Se\u00f1or el pr\u00f3ximo 2 de febrero de 2016. Vivimos este a\u00f1o jubilar como un momento de reconocimiento, de gratitud y de viva comuni\u00f3n eclesial.<br \/>\nLa palabra del Se\u00f1or que acabamos de proclamar nos introduce en esa sabidur\u00eda siempre nueva del evangelio del amor, de la generosidad y el compartir. Ella nos descubre en nuestra condici\u00f3n de hijos de Dios y en su necesaria consecuencia que es la donaci\u00f3n y el servicio. Oraci\u00f3n y caridad son expresiones de una aut\u00e9ntica vida de fe. Frente a muchos ricos que daban de su abundancia en el Templo para ser vistos, nos dice Jes\u00fas: \u201cLleg\u00f3 una viuda de condici\u00f3n humilde y coloc\u00f3 dos peque\u00f1as monedas de cobre, para luego concluir con un ense\u00f1anza a sus disc\u00edpulos, a nosotros, les aseguro que esta pobre viuda ha puesto m\u00e1s que cualquiera de los otros\u201d (Mc. 12, 41-44).<br \/>\nNo importa la cantidad o la publicidad ante Dios, sino el esp\u00edritu de desprendimiento y de generosidad con que se vive la fe y se practica la caridad. \u00a1Cu\u00e1ntas veces hemos sido testigos y aprendido este evangelio del amor y el silencio en la sencillez de nuestra gente! Este camino de humildad y ocultamiento, de oraci\u00f3n y de compartir, es el que le da sabor y autenticidad a toda vida cristiana. \u00a1Danos, Se\u00f1or, la gracia de comprender y de vivir la grandeza de lo peque\u00f1o para dar sentido evang\u00e9lico a nuestras vidas!<br \/>\nEl Santo Padre Francisco ha querido, al recordar los 50 a\u00f1os de la Constituci\u00f3n Dogm\u00e1tica Lumen Gentium que dedic\u00f3 un cap\u00edtulo especial a la vida consagrada, abrir en la Iglesia un a\u00f1o de oraci\u00f3n y de reflexi\u00f3n sobre la riqueza de este don del Esp\u00edritu Santo. Es, ante todo, un acto de fe en esa historia del amor de Dios que va suscitando testigos y comunidades en la vida de la Iglesia, para continuar acompa\u00f1\u00e1ndonos y mostrarnos la belleza, la santidad y la alegr\u00eda de la vida consagrada.<br \/>\nEste camino tiene su fuente en Jesucristo en quien descubrimos la obra de Dios y la llamada a seguirlo de un modo totalizante. As\u00ed act\u00faa el Esp\u00edritu Santo, \u00e9l nos orienta a escuchar al Se\u00f1or y a hacernos sus disc\u00edpulos para gloria de Dios, y al servicio de nuestros hermanos m\u00e1s necesitados. Es Dios y nosotros, nunca nosotros y Dios. \u00c9l es el centro, el origen y la finalidad de nuestras vidas, llamadas a ser vividas en el hoy de la historia, en la comuni\u00f3n de la Iglesia y en la din\u00e1mica misionera del Evangelio.<br \/>\nCada Instituto tiene su propia historia carism\u00e1tica que es un don que nos enriquece, dir\u00eda que nos pertenece. Somos testigos agradecidos de este camino de Dios en la Iglesia Argentina. Esto es hoy para los obispos, queridos religiosas y religiosos, motivo de alabanza y gratitud a Dios y de reconocimiento a ustedes por su entrega. Esto queremos dec\u00edrselo en este d\u00eda. Hay un momento fundante en la historia de cada carisma que nos recuerda la riqueza y el fuego del comienzo, no la nostalgia de lo que fue. Ello requiere hoy de una fidelidad creativa que mantenga vivo el sentido y la vivencia del carisma.<br \/>\nLo aut\u00e9nticamente nuevo en la Iglesia siempre es obra del Esp\u00edritu Santo que presenta en la vida consagrada, nos recuerda Francisco, una nota particular de profec\u00eda. Ella est\u00e1 llamada, en el seguimiento a Jes\u00fas y en la comuni\u00f3n de la Iglesia, a mostrar la audacia del Esp\u00edritu en caminos nuevos, sea en la vida activa como contemplativa. Valoren el don recibido. Reconocemos con gratitud tantas obras misioneras, caritativas como educativas entre otras, que llevan adelante con esfuerzo y no siempre en las mejores condiciones, se lo agradecemos sinceramente, pero sobre todo valoramos sus personas, la presencia de ustedes y la riqueza del carisma en nuestras iglesias particulares.<br \/>\nFortalecer nuestros v\u00ednculos de trabajo en la vida de la comuni\u00f3n apost\u00f3lica que nos encomend\u00f3 el Se\u00f1or, es una tarea que hace al camino pastoral de la Iglesia. En este sentido me permito insistir en el valor de las Orientaciones Pastorales para el trienio 2015-2017 \u201cFelices los misericordiosos porque obtendr\u00e1n misericordia\u201d. En ellas, como obispos, hemos presentado a todo el pueblo de Dios algunas prioridades, acontecimientos y desaf\u00edos pastorales. Hemos asumido directivas del Santo Padre, del magisterio de la Iglesia Latinoamericana, en la continuidad del camino pastoral de la Iglesia en Argentina. Considero a estas breves orientaciones, que est\u00e1n abiertas a la reflexi\u00f3n y el camino de cada comunidad, un lugar de encuentro eclesial y pastoral.<br \/>\nPr\u00f3ximos a la celebraci\u00f3n del Congreso Eucar\u00edstico Nacional en Tucum\u00e1n, bajo el lema \u201cJesucristo, Se\u00f1or de la Historia, te necesitamos\u201d, convocamos a todo el pueblo de Dios a asumirlo como un compromiso que hace a nuestra fe en Jes\u00fas Eucarist\u00eda, pero tambi\u00e9n a un acontecimiento en la vida y el futuro de nuestra Patria. Vamos a concluir el camino que hab\u00edamos iniciado \u201cHacia un Bicentenario en Justicia y solidaridad 2010-2016\u201d. Toda celebraci\u00f3n es memoria de una historia vivida, pero sobre todo apertura y compromiso con el futuro. Argentina necesita con urgencia del encuentro de sus hijos. Les recuerdo uno de las metas que propusimos a luz del Bicentenario: \u201cAvanzar, dec\u00edamos, en la reconciliaci\u00f3n entre sectores y en la capacidad de di\u00e1logo. Una amistad social que incluya a todos, es el punto de partida para proyectarnos como comunidad, desaf\u00edo que no hemos logrado construir en el transcurso de nuestra vida nacional. Y conclu\u00edamos con una cita del documento de Aparecida: Es necesario educar y favorecer en nuestros pueblos todos los gestos, obras y camino de reconciliaci\u00f3n y amistad social, de cooperaci\u00f3n e integraci\u00f3n\u201d (Hacia un Bicentenario, 33).<br \/>\nFinalmente, celebramos este domingo: La Jornada Nacional del Enfermo. Nuestra mirada y nuestra oraci\u00f3n se dirigen en primer lugar a ese hermano nuestro que vive momentos de fragilidad por su enfermedad, pero tambi\u00e9n queremos tener presente a todas las personas que cuidan a un enfermo, pienso en sus familiares y en ese gran n\u00famero de profesionales, enfermeras, enfermeros y voluntarios de la pastoral de salud, que los acompa\u00f1an con su presencia y afecto. La cercan\u00eda con el enfermo es un tema evang\u00e9lico, un camino que nos debe interrogar en nuestro seguimiento a Jesucristo en una de las obras de misericordia. As\u00ed, en la presentaci\u00f3n del A\u00f1o Santo de la Misericordia, el Papa Francisco al hablarnos de \u201clas obras de misericordia corporales y espirituales\u201d, nos dice: \u201cLa predicaci\u00f3n de Jes\u00fas nos presenta estas obras de misericordia para darnos cuenta si vivimos o no como disc\u00edpulos suyos\u201d (M. V. 15).<br \/>\nPonemos a los pies de Mar\u00eda Sant\u00edsima, Nuestra Madre de Luj\u00e1n estas intenciones con las que hemos venido a su Casa, como as\u00ed tambi\u00e9n, los trabajos que hoy iniciamos en nuestra 110\u00b0 Asamblea Plenaria del Episcopado Argentino. Am\u00e9n.<br \/>\n+ Jos\u00e9 Mar\u00eda Arancedo<br \/>\nArzobispo de Santa Fe de la Vera Cruz<br \/>\nPresidente de la Conferencia Episcopal Argentina<\/p>\n<p>Fuente: CEA<\/p>\n<!-- AddThis Advanced Settings generic via filter on the_content --><!-- AddThis Share Buttons generic via filter on the_content -->","protected":false},"excerpt":{"rendered":"<p>Homil\u00eda del Presidente de la CEA, Mons. Jos\u00e9 Mar\u00eda Arancedo &#8211; Misa de Apertura de la 110\u00ba Asamblea Plenaria (Luj\u00e1n, 8 de noviembre) Hemos venido [&hellip;]<!-- AddThis Advanced Settings generic via filter on get_the_excerpt --><!-- AddThis Share Buttons generic via filter on get_the_excerpt --><\/p>\n","protected":false},"author":2,"featured_media":10818,"comment_status":"open","ping_status":"open","sticky":false,"template":"","format":"standard","meta":{"footnotes":""},"categories":[5],"tags":[],"class_list":["post-10817","post","type-post","status-publish","format-standard","has-post-thumbnail","hentry","category-generales"],"_links":{"self":[{"href":"https:\/\/obispadodezaratecampana.org\/index.php?rest_route=\/wp\/v2\/posts\/10817","targetHints":{"allow":["GET"]}}],"collection":[{"href":"https:\/\/obispadodezaratecampana.org\/index.php?rest_route=\/wp\/v2\/posts"}],"about":[{"href":"https:\/\/obispadodezaratecampana.org\/index.php?rest_route=\/wp\/v2\/types\/post"}],"author":[{"embeddable":true,"href":"https:\/\/obispadodezaratecampana.org\/index.php?rest_route=\/wp\/v2\/users\/2"}],"replies":[{"embeddable":true,"href":"https:\/\/obispadodezaratecampana.org\/index.php?rest_route=%2Fwp%2Fv2%2Fcomments&post=10817"}],"version-history":[{"count":1,"href":"https:\/\/obispadodezaratecampana.org\/index.php?rest_route=\/wp\/v2\/posts\/10817\/revisions"}],"predecessor-version":[{"id":10819,"href":"https:\/\/obispadodezaratecampana.org\/index.php?rest_route=\/wp\/v2\/posts\/10817\/revisions\/10819"}],"wp:featuredmedia":[{"embeddable":true,"href":"https:\/\/obispadodezaratecampana.org\/index.php?rest_route=\/wp\/v2\/media\/10818"}],"wp:attachment":[{"href":"https:\/\/obispadodezaratecampana.org\/index.php?rest_route=%2Fwp%2Fv2%2Fmedia&parent=10817"}],"wp:term":[{"taxonomy":"category","embeddable":true,"href":"https:\/\/obispadodezaratecampana.org\/index.php?rest_route=%2Fwp%2Fv2%2Fcategories&post=10817"},{"taxonomy":"post_tag","embeddable":true,"href":"https:\/\/obispadodezaratecampana.org\/index.php?rest_route=%2Fwp%2Fv2%2Ftags&post=10817"}],"curies":[{"name":"wp","href":"https:\/\/api.w.org\/{rel}","templated":true}]}}