{"id":10812,"date":"2015-11-06T16:13:17","date_gmt":"2015-11-06T19:13:17","guid":{"rendered":"http:\/\/obispadodezaratecampana.org\/?p=10812"},"modified":"2015-11-06T16:26:40","modified_gmt":"2015-11-06T19:26:40","slug":"para-conocimiento-de-toda-la-iglesia-diocesana-de-zarate-campana","status":"publish","type":"post","link":"https:\/\/obispadodezaratecampana.org\/?p=10812","title":{"rendered":"Para conocimiento de toda la iglesia diocesana de Z\u00e1rate &#8211; Campana"},"content":{"rendered":"<p style=\"text-align: center;\"><strong>Administrador Diocesano de la Di\u00f3cesis de Z\u00e1rate-Campana, <\/strong><\/p>\n<p style=\"text-align: center;\"><strong>Mons. Justo Rodr\u00edguez Gallego<\/strong><\/p>\n<p><strong>\u00a0<\/strong><\/p>\n<p>Como es de p\u00fablico conocimiento el Santo Padre Francisco\u00a0 nombr\u00f3 obispo de Z\u00e1rate-Campana a Mons. Pedro Mar\u00eda Laxague, quien hasta ahora era obispo titular de Castra Saveriana y auxiliar de la arquidi\u00f3cesis de Bah\u00eda Blanca. Previamente, el Santo Padre acept\u00f3 la renuncia de Mons. Oscar Domingo Sarlinga, como obispo de Z\u00e1rate-Campana, seg\u00fan el c\u00e1non 401,2 del C\u00f3digo de Derecho Can\u00f3nico.<\/p>\n<p>&nbsp;<\/p>\n<p>Por lo tanto, informamos que, como prescribe el C\u00f3digo de Derecho Can\u00f3nico cuando existe Sede vacante (C. 416), el Colegio de Consultores reunido el d\u00eda cinco de noviembre procedi\u00f3 a la elecci\u00f3n del Administrador Diocesano conforme derecho, Canon 421.<\/p>\n<p>Result\u00f3 electo como Administrador Diocesano de la Di\u00f3cesis de Z\u00e1rate-Campana, Mons. Justo Rodr\u00edguez Gallego.<\/p>\n<p>&nbsp;<\/p>\n<p>El resultado de la elecci\u00f3n ha sido notificado a la Nunciatura Apost\u00f3lica en Argentina.<\/p>\n<p>Recordamos que a tenor del Canon 427,1. \u201cel Administrador diocesano tiene los deberes y goza de la potestad del Obispo diocesano, excluido todo aquello que por su misma naturaleza o de propio derecho est\u00e9 exceptuado\u201d y \u201csu cargo cesa por la toma de posesi\u00f3n de la di\u00f3cesis por parte del nuevo Obispo\u201d.<\/p>\n<p>&nbsp;<\/p>\n<p>Por otro lado se informa que las actividades pastorales ordinarias contin\u00faan como hasta ahora, y cualquier duda y consulta se pueden dirigir a la Secretar\u00eda del Obispado en los d\u00edas y horarios habituales.<\/p>\n<p>&nbsp;<\/p>\n<p>Oremos todos por nuestro obispo electo Mons. Pedro Mar\u00eda Laxague.<\/p>\n<!-- AddThis Advanced Settings generic via filter on the_content --><!-- AddThis Share Buttons generic via filter on the_content -->","protected":false},"excerpt":{"rendered":"<p>Administrador Diocesano de la Di\u00f3cesis de Z\u00e1rate-Campana, Mons. Justo Rodr\u00edguez Gallego \u00a0 Como es de p\u00fablico conocimiento el Santo Padre Francisco\u00a0 nombr\u00f3 obispo de Z\u00e1rate-Campana [&hellip;]<!-- AddThis Advanced Settings generic via filter on get_the_excerpt --><!-- AddThis Share Buttons generic via filter on get_the_excerpt --><\/p>\n","protected":false},"author":1,"featured_media":10814,"comment_status":"open","ping_status":"open","sticky":false,"template":"","format":"standard","meta":{"footnotes":""},"categories":[1],"tags":[],"class_list":["post-10812","post","type-post","status-publish","format-standard","has-post-thumbnail","hentry","category-noticiasdiocesanas"],"_links":{"self":[{"href":"https:\/\/obispadodezaratecampana.org\/index.php?rest_route=\/wp\/v2\/posts\/10812","targetHints":{"allow":["GET"]}}],"collection":[{"href":"https:\/\/obispadodezaratecampana.org\/index.php?rest_route=\/wp\/v2\/posts"}],"about":[{"href":"https:\/\/obispadodezaratecampana.org\/index.php?rest_route=\/wp\/v2\/types\/post"}],"author":[{"embeddable":true,"href":"https:\/\/obispadodezaratecampana.org\/index.php?rest_route=\/wp\/v2\/users\/1"}],"replies":[{"embeddable":true,"href":"https:\/\/obispadodezaratecampana.org\/index.php?rest_route=%2Fwp%2Fv2%2Fcomments&post=10812"}],"version-history":[{"count":2,"href":"https:\/\/obispadodezaratecampana.org\/index.php?rest_route=\/wp\/v2\/posts\/10812\/revisions"}],"predecessor-version":[{"id":10816,"href":"https:\/\/obispadodezaratecampana.org\/index.php?rest_route=\/wp\/v2\/posts\/10812\/revisions\/10816"}],"wp:featuredmedia":[{"embeddable":true,"href":"https:\/\/obispadodezaratecampana.org\/index.php?rest_route=\/wp\/v2\/media\/10814"}],"wp:attachment":[{"href":"https:\/\/obispadodezaratecampana.org\/index.php?rest_route=%2Fwp%2Fv2%2Fmedia&parent=10812"}],"wp:term":[{"taxonomy":"category","embeddable":true,"href":"https:\/\/obispadodezaratecampana.org\/index.php?rest_route=%2Fwp%2Fv2%2Fcategories&post=10812"},{"taxonomy":"post_tag","embeddable":true,"href":"https:\/\/obispadodezaratecampana.org\/index.php?rest_route=%2Fwp%2Fv2%2Ftags&post=10812"}],"curies":[{"name":"wp","href":"https:\/\/api.w.org\/{rel}","templated":true}]}}