{"id":10797,"date":"2015-11-03T07:05:31","date_gmt":"2015-11-03T10:05:31","guid":{"rendered":"http:\/\/obispadodezaratecampana.org\/?p=10797"},"modified":"2015-11-03T08:54:52","modified_gmt":"2015-11-03T11:54:52","slug":"mons-pedro-laxague-nuevo-obispo-de-zarate-campana","status":"publish","type":"post","link":"https:\/\/obispadodezaratecampana.org\/?p=10797","title":{"rendered":"Mons. Pedro Laxague, nuevo obispo de Z\u00e1rate &#8211; Campana"},"content":{"rendered":"<p><span style=\"color: #648fc4;\">Buenos Aires (AICA):<\/span>\u00a0El Sumo Pont\u00edfice Francisco nombr\u00f3 obispo de Z\u00e1rate-Campana a Mons. Pedro Mar\u00eda Laxague, de 63 a\u00f1os, quien hasta ahora era obispo titular de Castra Saveriana y auxiliar de la arquidi\u00f3cesis de Bah\u00eda Blanca. Previamente, el Santo Padre acept\u00f3 la dimisi\u00f3n de Mons. Oscar Domingo Sarlinga, de 52 a\u00f1os, como obispo de Z\u00e1rate-Campana, seg\u00fan el c\u00e1non 401,2 del C\u00f3digo de Derecho Can\u00f3nico. Ambas informaciones fueron hechas p\u00fablicas por el nuncio apost\u00f3lico, Mons. Emil Paul Tscherrig, a trav\u00e9s de la agencia AICA, en forma simult\u00e1nea con la informaci\u00f3n dada en Roma.<\/p>\n<p>Por su parte, Mons. Sarlinga, durante la misa que presidi\u00f3 el domingo 1\u00ba de noviembre en el santuario de Luj\u00e1n al t\u00e9rmino de la peregrinaci\u00f3n diocesana, anticip\u00f3 a los fieles de la di\u00f3cesis de Z\u00e1rate-Campana su intenci\u00f3n de renunciar.<\/p>\n<p><span style=\"font-weight: bold;\">Datos biogr\u00e1ficos de monse\u00f1or Pedro Mar\u00eda Laxague<\/span><br \/>\nNaci\u00f3 en Coronel Pringles, provincia de Buenos Aires, Argentina, el 4 de septiembre de 1952, y fue bautizado el 5 de septiembre de 1952 en la iglesia Santa Rosa de Lima de Coronel Pringles. Sexto de diecinueve hermanos, fue su padre Andr\u00e9s Laxague, nacido en Francia, y es su madre Elisabeth de Larminat, tambi\u00e9n de familia francesa.<br \/>\n\u00a0<br \/>\nRealiz\u00f3 sus estudios primarios y parte de los secundarios en el Colegio Salesiano \u201cSan Pedro\u201d de Fort\u00edn Mercedes. Complet\u00f3 el Bachillerato en el Colegio Don Bosco, de Bah\u00eda Blanca. Hizo sus estudios universitarios en la Universidad Nacional del Sur de Bah\u00eda Blanca, de donde egres\u00f3 con t\u00edtulo de Ingeniero Civil.<br \/>\n\u00a0<br \/>\nSu ordenaci\u00f3n sacerdotal fue el 15 de julio de 1989 en la parroquia Santa Rosa de Lima de Coronel Pringles, por el Arzobispo de Bah\u00eda Blanca, Monse\u00f1or Jorge Mayer.<br \/>\n\u00a0<br \/>\nEl 24 de septiembre de 1991, al tomar posesi\u00f3n el nuevo Arzobispo de Bah\u00eda Blanca, Monse\u00f1or R\u00f3mulo Garc\u00eda, lo nombr\u00f3 Canciller, Presidente de la Comisi\u00f3n Judicial Arquidiocesana.<br \/>\n\u00a0<br \/>\nEl 2 de septiembre de 2004 fue nombrado Vicario General de la Arquidi\u00f3cesis de Bah\u00eda Blanca por el actual Arzobispo, Mons. Guillermo Jos\u00e9 Garlatti.<br \/>\n\u00a0<br \/>\nEs miembro del Consejo Presbiteral, del Colegio de Consultores, del Consejo Arquidiocesano de Asuntos Econ\u00f3micos, Delegado Episcopal para la Pastoral Familiar, Asesor Arquidiocesano del Movimiento Familiar Cristiano (MFC), de los Encuentros Conyugales y del Equipo Coordinador del Vi\u00f1edo de Raquel.<\/p>\n<p>El 14 de noviembre de 2006 el Papa Benedicto XVI lo design\u00f3 Obispo Titular de Castra Severiana y Auxiliar de Bah\u00eda Blanca. Recibi\u00f3 la Ordenaci\u00f3n episcopal el 21 de diciembre de 2006 en Bah\u00eda Blanca de manos del Arzobispo, Monse\u00f1or Guillermo Jos\u00e9 Garlatti.<br \/>\n\u00a0<br \/>\nEn 2014, conservando sus funciones como Obispo Auxiliar y Vicario General, fue nombrado p\u00e1rroco de Mar\u00eda Auxiliadora de Punta Alta. Ha asistido anteriormente a varias Parroquias de la Arquidi\u00f3cesis como Administrador Parroquial o Encargado de la Parroquia supliendo en diversos momentos la ausencia de clero de la Arquidi\u00f3cesis.<br \/>\n\u00a0<br \/>\nEn 1997 particip\u00f3 de II Encuentro Mundial de Familias que se realiz\u00f3 en R\u00edo de Janeiro, Brasil. En 2012 particip\u00f3 del VI Encuentro Mundial de Familias en Mil\u00e1n, Italia. Asimismo en 2015 asisti\u00f3 al VIII Encuentro Mundial de Familias que tuvo lugar en Filadelfia, Estados Unidos.<br \/>\n\u00a0<br \/>\nEs Presidente de la Comisi\u00f3n Episcopal de Apostolado Laico y Pastoral Familiar (CELAF).<br \/>\n\u00a0<br \/>\nFue designado Padre Sinodal para el S\u00ednodo de la Familia que se realiz\u00f3 en el Vaticano durante el mes de octubre de 2015.\u00a0<\/p>\n<p>Nombrado Obispo Titular de la Di\u00f3cesis de Z\u00e1rate-Campana por el Santo Padre Francisco el 3 de Noviembre de 2015. <\/p>\n<p><span style=\"font-weight: bold;\">La di\u00f3cesis de Z\u00e1rate-Campana<\/span><br \/>\nCreada el 21 de abril de 1976 por el beato papa Pablo VI, comprende en la provincia de Buenos Aires los partidos de Baradero, Campana, Escobar, Exaltaci\u00f3n de la Cruz, Pilar, San Antonio de Areco y Z\u00e1rate, con una superficie total de 5.924 kil\u00f3metros cuadrados y una poblaci\u00f3n de 720.000 habitantes, de los cuales cerca del 90 por ciento se proclaman cat\u00f3licos.<\/p>\n<p>Seg\u00fan la Gu\u00eda Eclesi\u00e1stica Argentina, la di\u00f3cesis de Z\u00e1rate-Campana cuenta con 33 parroquias y 89 capillas e iglesias no parroquiales; 78 sacerdotes (54 diocesanos y 24 religiosos); 11 di\u00e1conos permanentes, 14 religiosos no sacerdotes, 32 seminaristas mayores, 84 religiosas y 66 centros educativos de la Iglesia.<\/p>\n<p>Su primer obispo fue Mons. Alfredo Mario Esp\u00f3sito Castro, claretiano, elegido por Pablo VI el 21 de abril de 1976. Recibi\u00f3 su consagraci\u00f3n episcopal y tom\u00f3 posesi\u00f3n de la sede el 4 de julio de 1976. Renunci\u00f3 por razones de salud el 18 de diciembre de 1991. Falleci\u00f3 el 1\u00ba de enero de 2010.<\/p>\n<p>Segundo obispo fue Mons. Rafael Rey, quien siendo obispo auxiliar de Mendoza, el 18 de diciembre de 1991 Juan Pablo II lo traslad\u00f3 a la di\u00f3cesis de Z\u00e1rate-Campana, de la que tom\u00f3 posesi\u00f3n el 21 de marzo de 1992. Por razones de salud, renunci\u00f3 el 3 de febrero de 2006.<\/p>\n<p>Tercer obispo, Mons. Oscar Sarlinga, quien siendo obispo auxiliar de Mercedes-Luj\u00e1n, el 3 de febrero de 2006 Benedicto XVI lo traslad\u00f3 a la di\u00f3cesis de Z\u00e1rate-Campana, de la que tom\u00f3 posesi\u00f3n el 18 de febrero de 2006.<\/p>\n<p>Mons. Pedro Mar\u00eda Laxague ser\u00e1 el cuarto obispo de Z\u00e1rate-Campana.+<\/p>\n<!-- AddThis Advanced Settings generic via filter on the_content --><!-- AddThis Share Buttons generic via filter on the_content -->","protected":false},"excerpt":{"rendered":"<p>Buenos Aires (AICA):\u00a0El Sumo Pont\u00edfice Francisco nombr\u00f3 obispo de Z\u00e1rate-Campana a Mons. Pedro Mar\u00eda Laxague, de 63 a\u00f1os, quien hasta ahora era obispo titular de [&hellip;]<!-- AddThis Advanced Settings generic via filter on get_the_excerpt --><!-- AddThis Share Buttons generic via filter on get_the_excerpt --><\/p>\n","protected":false},"author":1,"featured_media":10798,"comment_status":"open","ping_status":"open","sticky":false,"template":"","format":"standard","meta":{"footnotes":""},"categories":[1],"tags":[],"class_list":["post-10797","post","type-post","status-publish","format-standard","has-post-thumbnail","hentry","category-noticiasdiocesanas"],"_links":{"self":[{"href":"https:\/\/obispadodezaratecampana.org\/index.php?rest_route=\/wp\/v2\/posts\/10797","targetHints":{"allow":["GET"]}}],"collection":[{"href":"https:\/\/obispadodezaratecampana.org\/index.php?rest_route=\/wp\/v2\/posts"}],"about":[{"href":"https:\/\/obispadodezaratecampana.org\/index.php?rest_route=\/wp\/v2\/types\/post"}],"author":[{"embeddable":true,"href":"https:\/\/obispadodezaratecampana.org\/index.php?rest_route=\/wp\/v2\/users\/1"}],"replies":[{"embeddable":true,"href":"https:\/\/obispadodezaratecampana.org\/index.php?rest_route=%2Fwp%2Fv2%2Fcomments&post=10797"}],"version-history":[{"count":2,"href":"https:\/\/obispadodezaratecampana.org\/index.php?rest_route=\/wp\/v2\/posts\/10797\/revisions"}],"predecessor-version":[{"id":10800,"href":"https:\/\/obispadodezaratecampana.org\/index.php?rest_route=\/wp\/v2\/posts\/10797\/revisions\/10800"}],"wp:featuredmedia":[{"embeddable":true,"href":"https:\/\/obispadodezaratecampana.org\/index.php?rest_route=\/wp\/v2\/media\/10798"}],"wp:attachment":[{"href":"https:\/\/obispadodezaratecampana.org\/index.php?rest_route=%2Fwp%2Fv2%2Fmedia&parent=10797"}],"wp:term":[{"taxonomy":"category","embeddable":true,"href":"https:\/\/obispadodezaratecampana.org\/index.php?rest_route=%2Fwp%2Fv2%2Fcategories&post=10797"},{"taxonomy":"post_tag","embeddable":true,"href":"https:\/\/obispadodezaratecampana.org\/index.php?rest_route=%2Fwp%2Fv2%2Ftags&post=10797"}],"curies":[{"name":"wp","href":"https:\/\/api.w.org\/{rel}","templated":true}]}}