{"id":10793,"date":"2015-11-02T23:30:54","date_gmt":"2015-11-03T02:30:54","guid":{"rendered":"http:\/\/obispadodezaratecampana.org\/?p=10793"},"modified":"2015-11-02T23:30:54","modified_gmt":"2015-11-03T02:30:54","slug":"se-llevo-a-cabo-la-37-peregrinacion-a-lujan","status":"publish","type":"post","link":"https:\/\/obispadodezaratecampana.org\/?p=10793","title":{"rendered":"Se llev\u00f3 a cabo la 37\u00b0 peregrinaci\u00f3n a Luj\u00e1n"},"content":{"rendered":"<p style=\"color: #222222;\" align=\"justify\"><span style=\"color: #000000;\">El pasado fin de semana\u00a0miles de fieles peregrinaron hacia Luj\u00e1n bajo el lema \u201cCon Mar\u00edan de Luj\u00e1n escucha, aprende y anuncia\u201d. Se trata de la 37\u00ba peregrinaci\u00f3n del pueblo de Dios a Luj\u00e1n. Familias y j\u00f3venes de Z\u00e1rate, Campana, Exaltaci\u00f3n de la Cruz, Pilar, San Antonio de Areco, Escobar y Baradero participaron de la peregrinaci\u00f3n.<\/span><\/p>\n<p style=\"color: #222222;\" align=\"justify\"><span style=\"color: #000000;\">A las 16.00 desde la Plaza Mitre parti\u00f3 la columna de Z\u00e1rate con la bendici\u00f3n de Mons. Ariel P\u00e9rez, p\u00e1rroco de la Catedral y Vicario General, y a las 18 horas lo hicieron los fieles campanenses desde la Plaza Dr. Eduardo Costa con el env\u00edo y bendici\u00f3n del mismo sacerdote.<\/span><\/p>\n<p style=\"color: #222222;\" align=\"justify\"><span style=\"color: #000000;\">Durante el trayecto, los fieles realizaron distintas paradas: en Los Cardales, en el cruce de Ruta N\u00ba 8 y Ruta N\u00ba 6 donde se sumaron los fieles de Baradero, San Antonio de Areco, Escobar y Exaltaci\u00f3n de la Cruz; y por \u00faltimo en el pueblo de Open Door. Las parroquias de Pilar tambi\u00e9n participaron de la peregrinaci\u00f3n retomando otro camino que hac\u00eda a\u00f1os no se utilizaba.<\/span><\/p>\n<p style=\"color: #222222;\" align=\"justify\"><span style=\"color: #000000;\">Desde las 2 de la ma\u00f1ana comenzaron a llegar los fieles que fueron recibidos por los seminaristas que los bendec\u00edan, un coro fuera de la bas\u00edlica y otro dentro\u00a0que animaron la espera de la misa de cierre. Tambi\u00e9n se acercaron varios sacerdotes que confesaban a los fieles que llegaron con la gran columna entre las 5 y las 6 de la ma\u00f1ana. A las 6.00 se celebr\u00f3 la misa central presidida por Monse\u00f1or Oscar Sarlinga, acompa\u00f1ado por sacerdotes, di\u00e1conos y seminaristas en una Bas\u00edlica repleta de fieles de toda la di\u00f3cesis de Z\u00e1rate \u2013 Campana.<\/span><\/p>\n<p style=\"color: #222222;\" align=\"justify\"><span style=\"color: #000000;\">Durante la peregrinaci\u00f3n se cont\u00f3 con el apoyo de las instancias de gobierno provinciales y municipales, adem\u00e1s de las fuerzas de seguridad, vialidad, Cruz Roja y Scouts de Argentina. Tambi\u00e9n hubo mas de 100 m\u00f3viles de apoyo que acompa\u00f1aron a los peregrinos durante el camino anim\u00e1ndolos y asisti\u00e9ndolos.\u00a0<\/span><span style=\"color: #000000;\">Cadena Santa Mar\u00eda transmiti\u00f3 por radio toda la peregrinaci\u00f3n con m\u00f3viles en vivo, participaci\u00f3n de los oyentes, etc.\u00a0<\/span><\/p>\n<p style=\"color: #222222;\" align=\"justify\"><span style=\"color: #000000;\">Teniendo en cuenta ediciones anteriores, se estima que m\u00e1s de 30.000 personas participaron de la peregrinaci\u00f3n a Luj\u00e1n, en un acto de Fe que encuentra a la comunidad cat\u00f3lica renovando su compromiso con la Santa Madre.<\/span><\/p>\n<p style=\"color: #222222;\" align=\"justify\">\n<h2 style=\"color: #222222;\" align=\"justify\">\u00daltima misa de Mons. Oscar Sarlinga con la comunidad diocesana<\/h2>\n<p style=\"color: #222222;\" align=\"justify\">Durante su homil\u00eda en la bas\u00edlica, Mons. Oscar anunci\u00f3 que se retira como obispo de Z\u00e1rate &#8211; Campana. <a href=\"http:\/\/obispadodezaratecampana.org\/?p=10787\">Mas detalles aqu\u00ed.<\/a><\/p>\n<!-- AddThis Advanced Settings generic via filter on the_content --><!-- AddThis Share Buttons generic via filter on the_content -->","protected":false},"excerpt":{"rendered":"<p>El pasado fin de semana\u00a0miles de fieles peregrinaron hacia Luj\u00e1n bajo el lema \u201cCon Mar\u00edan de Luj\u00e1n escucha, aprende y anuncia\u201d. Se trata de la [&hellip;]<!-- AddThis Advanced Settings generic via filter on get_the_excerpt --><!-- AddThis Share Buttons generic via filter on get_the_excerpt --><\/p>\n","protected":false},"author":1,"featured_media":10794,"comment_status":"open","ping_status":"open","sticky":false,"template":"","format":"standard","meta":{"footnotes":""},"categories":[1],"tags":[],"class_list":["post-10793","post","type-post","status-publish","format-standard","has-post-thumbnail","hentry","category-noticiasdiocesanas"],"_links":{"self":[{"href":"https:\/\/obispadodezaratecampana.org\/index.php?rest_route=\/wp\/v2\/posts\/10793","targetHints":{"allow":["GET"]}}],"collection":[{"href":"https:\/\/obispadodezaratecampana.org\/index.php?rest_route=\/wp\/v2\/posts"}],"about":[{"href":"https:\/\/obispadodezaratecampana.org\/index.php?rest_route=\/wp\/v2\/types\/post"}],"author":[{"embeddable":true,"href":"https:\/\/obispadodezaratecampana.org\/index.php?rest_route=\/wp\/v2\/users\/1"}],"replies":[{"embeddable":true,"href":"https:\/\/obispadodezaratecampana.org\/index.php?rest_route=%2Fwp%2Fv2%2Fcomments&post=10793"}],"version-history":[{"count":1,"href":"https:\/\/obispadodezaratecampana.org\/index.php?rest_route=\/wp\/v2\/posts\/10793\/revisions"}],"predecessor-version":[{"id":10795,"href":"https:\/\/obispadodezaratecampana.org\/index.php?rest_route=\/wp\/v2\/posts\/10793\/revisions\/10795"}],"wp:featuredmedia":[{"embeddable":true,"href":"https:\/\/obispadodezaratecampana.org\/index.php?rest_route=\/wp\/v2\/media\/10794"}],"wp:attachment":[{"href":"https:\/\/obispadodezaratecampana.org\/index.php?rest_route=%2Fwp%2Fv2%2Fmedia&parent=10793"}],"wp:term":[{"taxonomy":"category","embeddable":true,"href":"https:\/\/obispadodezaratecampana.org\/index.php?rest_route=%2Fwp%2Fv2%2Fcategories&post=10793"},{"taxonomy":"post_tag","embeddable":true,"href":"https:\/\/obispadodezaratecampana.org\/index.php?rest_route=%2Fwp%2Fv2%2Ftags&post=10793"}],"curies":[{"name":"wp","href":"https:\/\/api.w.org\/{rel}","templated":true}]}}