{"id":10780,"date":"2015-10-31T14:55:33","date_gmt":"2015-10-31T17:55:33","guid":{"rendered":"http:\/\/obispadodezaratecampana.org\/?p=10780"},"modified":"2015-10-31T14:55:33","modified_gmt":"2015-10-31T17:55:33","slug":"dia-de-todos-los-santos-1-de-noviembre","status":"publish","type":"post","link":"https:\/\/obispadodezaratecampana.org\/?p=10780","title":{"rendered":"D\u00eda de todos los Santos &#8211; 1 de noviembre &#8211;"},"content":{"rendered":"<p><img fetchpriority=\"high\" decoding=\"async\" class=\" wp-image-10781 aligncenter\" src=\"http:\/\/obispadodezaratecampana.org\/wp-content\/uploads\/2015\/10\/santos-300x100.jpg\" alt=\"santos\" width=\"597\" height=\"189\" \/><\/p>\n<h2 style=\"text-align: center;\"><span style=\"color: rgb(51, 51, 153);\"><strong><em>Este domingo 1 de noviembre es la Jornada de Oraci\u00f3n por la santificaci\u00f3n del pueblo argentino y la glorificaci\u00f3n de sus Siervos de Dios.<\/em><\/strong><\/span><\/h2>\n<p><em><span style=\"color: #333399;\">Fuente: CONFERENCIA EPISCOPAL<\/span> <span style=\"color: #333399;\">ARGENTINA\u00a0<\/span><\/em><\/p>\n<p><span style=\"color: rgb(51, 51, 153);\"><strong>1 de noviembre: Todos los Santos<\/strong><\/span><\/p>\n<p><span style=\"color: rgb(51, 51, 153);\">El 1 de noviembre es la solemnidad lit\u00fargica de Todos los Santos. Se trata de una popular y bien sentida fiesta cristiana, que al evocar a quienes nos han precedido en el camino de la fe y de la vida, gozan ya de la eterna bienaventuranza, son ya -por as\u00ed decirlo- ciudadanos de pleno derecho del cielo, la patria com\u00fan de toda la humanidad de todos los tiempos.<\/span><\/p>\n<p><span style=\"color: rgb(51, 51, 153);\">\u00a0En esta solemnidad lit\u00fargica, la Iglesia englobaba a todos los santos. Si durante el resto del a\u00f1o lit\u00fargico se nos ofrecen las memorias de distintos y conocidos santos, en la fiesta del 1 de noviembre protagonistas, sobre todo, los santos an\u00f3nimos, los santos desconocidos, los santos del pueblo, los santos de nuestras familias; santos, en definitiva, con rostro tan cercano hasta el punto se que no hay duda de que entre los santos del 1 de noviembre se incluyen amigos, paisanos, conocidos y familiares.<\/span><\/p>\n<p><span style=\"color: rgb(51, 51, 153);\">\u00a0\u00bfY qu\u00e9 es ser santo? Afirmaba el Papa Benedicto XVI: \u201cEl santo es aquel que est\u00e1 tan fascinado por la belleza de Dios y por su perfecta verdad que \u00e9stas lo ir\u00e1n progresivamente transformando. Por esta belleza y verdad est\u00e1 dispuesto a renunciar a todo, tambi\u00e9n a s\u00ed mismo. Le es suficiente el amor de Dios, que experimenta y transmite en el servicio humilde y desinteresado del pr\u00f3jimo\u201d.<\/span><\/p>\n<p><span style=\"color: rgb(51, 51, 153);\">\u00a0<strong>Santos de carne y hueso<\/strong><\/span><\/p>\n<p><span style=\"color: rgb(51, 51, 153);\">\u00a0<\/span> <span style=\"color: #000080;\">(&#8230;) La fiesta de Todos los Santos, es tambi\u00e9n una llamada apremiante a que vivamos todos nuestra vocaci\u00f3n a la santidad seg\u00fan nuestros propios estados de vida, de consagraci\u00f3n y de servicio. En este tema insisti\u00f3 mucho el Concilio Vaticano II. El cap\u00edtulo V de su Constituci\u00f3n dogm\u00e1tica \u201cLumen Gentium\u201d lleva por t\u00edtulo \u201cUniversal vocaci\u00f3n a la santidad en la Iglesia\u201d.<\/span><\/p>\n<p><span style=\"color: rgb(51, 51, 153);\">\u00a0La santidad no es patrimonio de algunos pocos privilegiados. Es el destino de todos, como fue, como lo ha sido para esa multitud de santos an\u00f3nimos a quienes hoy celebramos. Record\u00e9moslo: \u201cUn santo no es un \u00e1ngel, es hombre de carne y hueso, que sabe levantarse y volver a caminar. El santo no se olvida del llanto de su hermano, ni piensa que m\u00e1s bueno subi\u00e9ndose a un altar. Santo es el que vive su fe con alegr\u00eda y lucha cada d\u00eda pues vive para amar\u201d.<\/span><\/p>\n<p>&nbsp;<\/p>\n<p><em><span style=\"color: #000080;\">Fuente: Revista Ecclesia\u00a0<\/span><\/em><\/p>\n<!-- AddThis Advanced Settings generic via filter on the_content --><!-- AddThis Share Buttons generic via filter on the_content -->","protected":false},"excerpt":{"rendered":"<p>Este domingo 1 de noviembre es la Jornada de Oraci\u00f3n por la santificaci\u00f3n del pueblo argentino y la glorificaci\u00f3n de sus Siervos de Dios. Fuente: [&hellip;]<!-- AddThis Advanced Settings generic via filter on get_the_excerpt --><!-- AddThis Share Buttons generic via filter on get_the_excerpt --><\/p>\n","protected":false},"author":2,"featured_media":10781,"comment_status":"open","ping_status":"open","sticky":false,"template":"","format":"standard","meta":{"footnotes":""},"categories":[166],"tags":[],"class_list":["post-10780","post","type-post","status-publish","format-standard","has-post-thumbnail","hentry","category-santoral"],"_links":{"self":[{"href":"https:\/\/obispadodezaratecampana.org\/index.php?rest_route=\/wp\/v2\/posts\/10780","targetHints":{"allow":["GET"]}}],"collection":[{"href":"https:\/\/obispadodezaratecampana.org\/index.php?rest_route=\/wp\/v2\/posts"}],"about":[{"href":"https:\/\/obispadodezaratecampana.org\/index.php?rest_route=\/wp\/v2\/types\/post"}],"author":[{"embeddable":true,"href":"https:\/\/obispadodezaratecampana.org\/index.php?rest_route=\/wp\/v2\/users\/2"}],"replies":[{"embeddable":true,"href":"https:\/\/obispadodezaratecampana.org\/index.php?rest_route=%2Fwp%2Fv2%2Fcomments&post=10780"}],"version-history":[{"count":1,"href":"https:\/\/obispadodezaratecampana.org\/index.php?rest_route=\/wp\/v2\/posts\/10780\/revisions"}],"predecessor-version":[{"id":10782,"href":"https:\/\/obispadodezaratecampana.org\/index.php?rest_route=\/wp\/v2\/posts\/10780\/revisions\/10782"}],"wp:featuredmedia":[{"embeddable":true,"href":"https:\/\/obispadodezaratecampana.org\/index.php?rest_route=\/wp\/v2\/media\/10781"}],"wp:attachment":[{"href":"https:\/\/obispadodezaratecampana.org\/index.php?rest_route=%2Fwp%2Fv2%2Fmedia&parent=10780"}],"wp:term":[{"taxonomy":"category","embeddable":true,"href":"https:\/\/obispadodezaratecampana.org\/index.php?rest_route=%2Fwp%2Fv2%2Fcategories&post=10780"},{"taxonomy":"post_tag","embeddable":true,"href":"https:\/\/obispadodezaratecampana.org\/index.php?rest_route=%2Fwp%2Fv2%2Ftags&post=10780"}],"curies":[{"name":"wp","href":"https:\/\/api.w.org\/{rel}","templated":true}]}}