{"id":10775,"date":"2015-10-30T15:31:39","date_gmt":"2015-10-30T18:31:39","guid":{"rendered":"http:\/\/obispadodezaratecampana.org\/?p=10775"},"modified":"2015-10-30T15:37:33","modified_gmt":"2015-10-30T18:37:33","slug":"charla-sobre-el-inicio-del-jubileo-de-la-misericordia3-de-noviembrepilar","status":"publish","type":"post","link":"https:\/\/obispadodezaratecampana.org\/?p=10775","title":{"rendered":"Charla sobre el inicio del Jubileo de la Misericordia :: 3 de noviembre :: Espacio Pilar"},"content":{"rendered":"<h3 style=\"text-align: center;\"><span style=\"color: #008000;\">&#8211; CAMINO ESPIRITUAL : SIGUIENDO LOS PASOS DE FRANCISCO &#8211;\u00a0<\/span><\/h3>\n<h3 style=\"text-align: center;\"><span style=\"color: #008000;\">PREPAR\u00c1NDONOS PARA LA MISERICORDIA\u00a0<\/span><\/h3>\n<h3 style=\"text-align: center;\"><span style=\"color: #008000;\">El \u00a0martes 3 de noviembre &#8211; a las 20 hs &#8211; el Pbro. Dr. Juan Quelas dar\u00e1 una charla de reflexi\u00f3n acerca del pr\u00f3ximo inicio del JUBILEO DE LA MISERICORDIA. \u00a0<\/span><\/h3>\n<h3 style=\"text-align: center;\"><span style=\"color: #008000;\">ENTRADA LIBRE Y GRATUITA \u00a0<\/span><\/h3>\n<p>&nbsp;<\/p>\n<h3 style=\"text-align: center;\"><span style=\"color: #008000;\">Lugar: ESPACIO PILAR &#8211; Informes e Inscripci\u00f3n: entretiempopilar@gmail.com<\/span><\/h3>\n<p><img fetchpriority=\"high\" decoding=\"async\" class=\" wp-image-10777 aligncenter\" src=\"http:\/\/obispadodezaratecampana.org\/wp-content\/uploads\/2015\/10\/CHARLA.PILAR_1-212x300.jpg\" alt=\"CHARLA.PILAR\" width=\"424\" height=\"582\" \/><\/p>\n<!-- AddThis Advanced Settings generic via filter on the_content --><!-- AddThis Share Buttons generic via filter on the_content -->","protected":false},"excerpt":{"rendered":"<p>&#8211; CAMINO ESPIRITUAL : SIGUIENDO LOS PASOS DE FRANCISCO &#8211;\u00a0 PREPAR\u00c1NDONOS PARA LA MISERICORDIA\u00a0 El \u00a0martes 3 de noviembre &#8211; a las 20 hs &#8211; [&hellip;]<!-- AddThis Advanced Settings generic via filter on get_the_excerpt --><!-- AddThis Share Buttons generic via filter on get_the_excerpt --><\/p>\n","protected":false},"author":2,"featured_media":10776,"comment_status":"open","ping_status":"open","sticky":false,"template":"","format":"standard","meta":{"footnotes":""},"categories":[1],"tags":[],"class_list":["post-10775","post","type-post","status-publish","format-standard","has-post-thumbnail","hentry","category-noticiasdiocesanas"],"_links":{"self":[{"href":"https:\/\/obispadodezaratecampana.org\/index.php?rest_route=\/wp\/v2\/posts\/10775","targetHints":{"allow":["GET"]}}],"collection":[{"href":"https:\/\/obispadodezaratecampana.org\/index.php?rest_route=\/wp\/v2\/posts"}],"about":[{"href":"https:\/\/obispadodezaratecampana.org\/index.php?rest_route=\/wp\/v2\/types\/post"}],"author":[{"embeddable":true,"href":"https:\/\/obispadodezaratecampana.org\/index.php?rest_route=\/wp\/v2\/users\/2"}],"replies":[{"embeddable":true,"href":"https:\/\/obispadodezaratecampana.org\/index.php?rest_route=%2Fwp%2Fv2%2Fcomments&post=10775"}],"version-history":[{"count":2,"href":"https:\/\/obispadodezaratecampana.org\/index.php?rest_route=\/wp\/v2\/posts\/10775\/revisions"}],"predecessor-version":[{"id":10779,"href":"https:\/\/obispadodezaratecampana.org\/index.php?rest_route=\/wp\/v2\/posts\/10775\/revisions\/10779"}],"wp:featuredmedia":[{"embeddable":true,"href":"https:\/\/obispadodezaratecampana.org\/index.php?rest_route=\/wp\/v2\/media\/10776"}],"wp:attachment":[{"href":"https:\/\/obispadodezaratecampana.org\/index.php?rest_route=%2Fwp%2Fv2%2Fmedia&parent=10775"}],"wp:term":[{"taxonomy":"category","embeddable":true,"href":"https:\/\/obispadodezaratecampana.org\/index.php?rest_route=%2Fwp%2Fv2%2Fcategories&post=10775"},{"taxonomy":"post_tag","embeddable":true,"href":"https:\/\/obispadodezaratecampana.org\/index.php?rest_route=%2Fwp%2Fv2%2Ftags&post=10775"}],"curies":[{"name":"wp","href":"https:\/\/api.w.org\/{rel}","templated":true}]}}