{"id":10763,"date":"2015-10-30T14:33:36","date_gmt":"2015-10-30T17:33:36","guid":{"rendered":"http:\/\/obispadodezaratecampana.org\/?p=10763"},"modified":"2015-10-30T14:33:36","modified_gmt":"2015-10-30T17:33:36","slug":"misa-de-jubileo-matrimonial-en-la-parroquia-santiago-apostol-baradero","status":"publish","type":"post","link":"https:\/\/obispadodezaratecampana.org\/?p=10763","title":{"rendered":"Misa de Jubileo Matrimonial en la Parroquia Santiago Ap\u00f3stol, Baradero"},"content":{"rendered":"<p><strong>Rese\u00f1a de la Misa de Jubileo Matrimonial: relato en primera persona desde Baradero<\/strong><\/p>\n<p><em>Este s\u00e1bado 24 de Octubre se celebro como todos los a\u00f1os la Misa de Jubileo, dicha celebraci\u00f3n es organizada por la Pastoral de la Familia de la Parroquia Santiago Ap\u00f3stol de nuestra ciudad.<\/em><\/p>\n<p><em>Cabe destacar el minucioso trabajo de dicha Pastoral, ya que para poder invitar a las parejas tienen que tomarse el trabajo de revisar los libros de la Parroquia y de ah\u00ed en m\u00e1s tratar de rastrear con direcciones y tel\u00e9fonos para poder invitarlos, tambi\u00e9n as\u00ed llevar a cada uno de los hogares la invitaci\u00f3n para ser entregada en mano a los agasajados.<\/em><\/p>\n<p><em>El Padre Atilio Rosatte celebro la Santa Misa y para la importante cantidad de Matrimonios presentes sobre el final de la misma procedi\u00f3 a la Bendici\u00f3n.<\/em><\/p>\n<p><em>Muchas fueron las parejas que renovaron sus votos matrimoniales.<\/em><\/p>\n<p><em>Los matrimonios estaban ubicados de manera tal que a la derecha del Altar se encontraban los matrimonios de 50 a\u00f1os de casados y a su izquierda los que estaban transitando los 25 a\u00f1os de matrimonio.<\/em><\/p>\n<p><em>Familiares y amigos acompa\u00f1aron a los matrimonios agasajados, donde se pudieron ver algunas l\u00e1grimas de felicidad que se derramaban cuando al final de la Celebraci\u00f3n se acercaban a saludarlos.<\/em><\/p>\n<p style=\"text-align: center;\"><em><strong>La Comunidad de la Parroquia Santiago Ap\u00f3stol quiere agradecer a todas y cada una de las parejas el haber compartido esta hermosa MISA DE JUBILEO.<\/strong><\/em><\/p>\n<p style=\"text-align: center;\">\n<p><img fetchpriority=\"high\" decoding=\"async\" class=\" wp-image-10764 aligncenter\" src=\"http:\/\/obispadodezaratecampana.org\/wp-content\/uploads\/2015\/10\/IMG_0740-640x480-300x200.jpg\" alt=\"IMG_0740 [640x480]\" width=\"434\" height=\"289\" srcset=\"https:\/\/obispadodezaratecampana.org\/wp-content\/uploads\/2015\/10\/IMG_0740-640x480-300x200.jpg 300w, https:\/\/obispadodezaratecampana.org\/wp-content\/uploads\/2015\/10\/IMG_0740-640x480.jpg 640w\" sizes=\"(max-width: 434px) 100vw, 434px\" \/><\/p>\n<p><img decoding=\"async\" class=\" wp-image-10765 aligncenter\" src=\"http:\/\/obispadodezaratecampana.org\/wp-content\/uploads\/2015\/10\/IMG_0744-640x480-300x200.jpg\" alt=\"IMG_0744 [640x480]\" width=\"446\" height=\"281\" \/><\/p>\n<p><img decoding=\"async\" class=\" wp-image-10766 aligncenter\" src=\"http:\/\/obispadodezaratecampana.org\/wp-content\/uploads\/2015\/10\/IMG_0754-640x480-300x200.jpg\" alt=\"IMG_0754 [640x480]\" width=\"445\" height=\"303\" \/><\/p>\n<p><img loading=\"lazy\" decoding=\"async\" class=\" wp-image-10767 aligncenter\" src=\"http:\/\/obispadodezaratecampana.org\/wp-content\/uploads\/2015\/10\/IMG_0756-640x480-300x200.jpg\" alt=\"IMG_0756 [640x480]\" width=\"453\" height=\"302\" srcset=\"https:\/\/obispadodezaratecampana.org\/wp-content\/uploads\/2015\/10\/IMG_0756-640x480-300x200.jpg 300w, https:\/\/obispadodezaratecampana.org\/wp-content\/uploads\/2015\/10\/IMG_0756-640x480.jpg 640w\" sizes=\"(max-width: 453px) 100vw, 453px\" \/><\/p>\n<p><img loading=\"lazy\" decoding=\"async\" class=\" wp-image-10768 aligncenter\" src=\"http:\/\/obispadodezaratecampana.org\/wp-content\/uploads\/2015\/10\/IMG_0757-640x480-300x200.jpg\" alt=\"IMG_0757 [640x480]\" width=\"454\" height=\"323\" \/><\/p>\n<p><img loading=\"lazy\" decoding=\"async\" class=\" wp-image-10769 aligncenter\" src=\"http:\/\/obispadodezaratecampana.org\/wp-content\/uploads\/2015\/10\/IMG_0758-640x480-300x200.jpg\" alt=\"IMG_0758 [640x480]\" width=\"378\" height=\"331\" \/><\/p>\n<p><img loading=\"lazy\" decoding=\"async\" class=\" wp-image-10770 aligncenter\" src=\"http:\/\/obispadodezaratecampana.org\/wp-content\/uploads\/2015\/10\/IMG_0766-640x480-300x200.jpg\" alt=\"IMG_0766 [640x480]\" width=\"499\" height=\"334\" srcset=\"https:\/\/obispadodezaratecampana.org\/wp-content\/uploads\/2015\/10\/IMG_0766-640x480-300x200.jpg 300w, https:\/\/obispadodezaratecampana.org\/wp-content\/uploads\/2015\/10\/IMG_0766-640x480.jpg 640w\" sizes=\"(max-width: 499px) 100vw, 499px\" \/><\/p>\n<p><img loading=\"lazy\" decoding=\"async\" class=\" wp-image-10771 aligncenter\" src=\"http:\/\/obispadodezaratecampana.org\/wp-content\/uploads\/2015\/10\/IMG_0768-640x480-300x200.jpg\" alt=\"IMG_0768 [640x480]\" width=\"476\" height=\"359\" \/><\/p>\n<p><img loading=\"lazy\" decoding=\"async\" class=\" wp-image-10772 aligncenter\" src=\"http:\/\/obispadodezaratecampana.org\/wp-content\/uploads\/2015\/10\/IMG_0772-640x480-300x200.jpg\" alt=\"IMG_0772 [640x480]\" width=\"495\" height=\"330\" srcset=\"https:\/\/obispadodezaratecampana.org\/wp-content\/uploads\/2015\/10\/IMG_0772-640x480-300x200.jpg 300w, https:\/\/obispadodezaratecampana.org\/wp-content\/uploads\/2015\/10\/IMG_0772-640x480.jpg 640w\" sizes=\"(max-width: 495px) 100vw, 495px\" \/><\/p>\n<p><img loading=\"lazy\" decoding=\"async\" class=\" wp-image-10773 aligncenter\" src=\"http:\/\/obispadodezaratecampana.org\/wp-content\/uploads\/2015\/10\/IMG_0779-640x480-300x200.jpg\" alt=\"IMG_0779 [640x480]\" width=\"506\" height=\"399\" \/><\/p>\n<!-- AddThis Advanced Settings generic via filter on the_content --><!-- AddThis Share Buttons generic via filter on the_content -->","protected":false},"excerpt":{"rendered":"<p>Rese\u00f1a de la Misa de Jubileo Matrimonial: relato en primera persona desde Baradero Este s\u00e1bado 24 de Octubre se celebro como todos los a\u00f1os la [&hellip;]<!-- AddThis Advanced Settings generic via filter on get_the_excerpt --><!-- AddThis Share Buttons generic via filter on get_the_excerpt --><\/p>\n","protected":false},"author":2,"featured_media":10770,"comment_status":"open","ping_status":"open","sticky":false,"template":"","format":"standard","meta":{"footnotes":""},"categories":[3],"tags":[],"class_list":["post-10763","post","type-post","status-publish","format-standard","has-post-thumbnail","hentry","category-noticiasparroquiales"],"_links":{"self":[{"href":"https:\/\/obispadodezaratecampana.org\/index.php?rest_route=\/wp\/v2\/posts\/10763","targetHints":{"allow":["GET"]}}],"collection":[{"href":"https:\/\/obispadodezaratecampana.org\/index.php?rest_route=\/wp\/v2\/posts"}],"about":[{"href":"https:\/\/obispadodezaratecampana.org\/index.php?rest_route=\/wp\/v2\/types\/post"}],"author":[{"embeddable":true,"href":"https:\/\/obispadodezaratecampana.org\/index.php?rest_route=\/wp\/v2\/users\/2"}],"replies":[{"embeddable":true,"href":"https:\/\/obispadodezaratecampana.org\/index.php?rest_route=%2Fwp%2Fv2%2Fcomments&post=10763"}],"version-history":[{"count":1,"href":"https:\/\/obispadodezaratecampana.org\/index.php?rest_route=\/wp\/v2\/posts\/10763\/revisions"}],"predecessor-version":[{"id":10774,"href":"https:\/\/obispadodezaratecampana.org\/index.php?rest_route=\/wp\/v2\/posts\/10763\/revisions\/10774"}],"wp:featuredmedia":[{"embeddable":true,"href":"https:\/\/obispadodezaratecampana.org\/index.php?rest_route=\/wp\/v2\/media\/10770"}],"wp:attachment":[{"href":"https:\/\/obispadodezaratecampana.org\/index.php?rest_route=%2Fwp%2Fv2%2Fmedia&parent=10763"}],"wp:term":[{"taxonomy":"category","embeddable":true,"href":"https:\/\/obispadodezaratecampana.org\/index.php?rest_route=%2Fwp%2Fv2%2Fcategories&post=10763"},{"taxonomy":"post_tag","embeddable":true,"href":"https:\/\/obispadodezaratecampana.org\/index.php?rest_route=%2Fwp%2Fv2%2Ftags&post=10763"}],"curies":[{"name":"wp","href":"https:\/\/api.w.org\/{rel}","templated":true}]}}