{"id":10714,"date":"2015-10-24T11:20:12","date_gmt":"2015-10-24T14:20:12","guid":{"rendered":"http:\/\/obispadodezaratecampana.org\/?p=10714"},"modified":"2015-10-24T11:20:12","modified_gmt":"2015-10-24T14:20:12","slug":"24-de-octubre-san-antonio-maria-claret","status":"publish","type":"post","link":"https:\/\/obispadodezaratecampana.org\/?p=10714","title":{"rendered":"24 de octubre : San Antonio Mar\u00eda Claret"},"content":{"rendered":"<p style=\"text-align: center;\"><strong>24 de octubre: SAN ANTONIO MARIA CLARET<\/strong><\/p>\n<p><img fetchpriority=\"high\" decoding=\"async\" class=\"size-medium wp-image-10715 aligncenter\" src=\"http:\/\/obispadodezaratecampana.org\/wp-content\/uploads\/2015\/10\/19987_1038204199563264_6573301416626461937_n-186x300.jpg\" alt=\"19987_1038204199563264_6573301416626461937_n\" width=\"186\" height=\"300\" srcset=\"https:\/\/obispadodezaratecampana.org\/wp-content\/uploads\/2015\/10\/19987_1038204199563264_6573301416626461937_n-186x300.jpg 186w, https:\/\/obispadodezaratecampana.org\/wp-content\/uploads\/2015\/10\/19987_1038204199563264_6573301416626461937_n.jpg 249w\" sizes=\"(max-width: 186px) 100vw, 186px\" \/><\/p>\n<p>Ingres\u00f3 al seminario de Vich (Espa\u00f1a) y all\u00ed recibi\u00f3 la ordenaci\u00f3n sacerdotal. Fue luego nombrado como vicep\u00e1rroco y pronto empez\u00f3 el pueblo a conocer cu\u00e1l era la cualidad principal que Dios le hab\u00eda dado: era un predicador impresionante, de una eficacia arrolladora. De todas partes lo llamaban a predicar misiones populares, predicando hasta diez sermones en un d\u00eda. Viajaba siempre a pie y sin dinero.<br \/>\nDurante 15 a\u00f1os predic\u00f3 incansablemente por el norte de Espa\u00f1a, y dif\u00edcilmente otro predicador del siglo XIX logr\u00f3 obtener triunfos tan grandes como los del padre Claret. Al darse cuenta de la poderosa influencia de una buena lectura, se propuso emplear todo el dinero que consegu\u00eda en difundir buenos libros; mandaba imprimir y regalaba hojas religiosas por centenares de miles, y ayud\u00f3 a fundar la librer\u00eda religiosa de Barcelona. \u00c9l mismo redact\u00f3 m\u00e1s de 200 libros y folletos sencillos para el pueblo que tuvieron centenares de ediciones.<br \/>\nLa reina de Espa\u00f1a designo al P. Claret como Arzobispo de La Habana en Cuba. Pese a la negativa del santo en aceptar el cargo, amigos religiosos muy cercanos a \u00e9l, lo convencieron de que asumiera el arzobispado alegando que primero y ante todo est\u00e1 siempre la voluntad del Se\u00f1or. A partir de 1849 y por siete a\u00f1os San Antonio Claret se convirti\u00f3 en el m\u00e1s ardoroso ap\u00f3stol de Cuba, siempre pendiente de cualquier problema de sus feligreses de su arquidi\u00f3cesis.<br \/>\nEn 1857 fue llamado a Espa\u00f1a como capell\u00e1n de la reina Isabel. En 1849 al darse cuenta de que para mantener viva la fe del pueblo se necesitan sacerdotes entusiastas que vayan por campos y ciudades predicando y propagando buenas lecturas, se reuni\u00f3 con cinco compa\u00f1eros y fund\u00f3 la Comunidad de Misioneros del Coraz\u00f3n de Mar\u00eda, que hoy se llaman Claretianos.<br \/>\nActualmente son 3,000 en 385 casas en el mundo. Fund\u00f3 tambi\u00e9n las Hermanas Claretianas que son 650 en 69 casas. Estas comunidades han hecho inmenso bien con su apostolado en muchos pa\u00edses.<br \/>\nAsisti\u00f3 al Concilio Vaticano en Roma en 1870. En el Concilio pronunci\u00f3 un gran discurso que fue muy aplaudido y muy bien comentado y elogiado. En Francia fue recibido por los monjes cistercienses del monasterio de Fuente Fr\u00eda, y all\u00ed, despu\u00e9s de haber escrito por orden del superior de su comunidad, su autobiograf\u00eda, enferm\u00f3 y expir\u00f3 el 24 de octubre de 1870. Ten\u00eda apenas 63 a\u00f1os. Despu\u00e9s de su muerte, se le atribuido numerosos milagros.<br \/>\nFuente: ACIPRENSA<\/p>\n<!-- AddThis Advanced Settings generic via filter on the_content --><!-- AddThis Share Buttons generic via filter on the_content -->","protected":false},"excerpt":{"rendered":"<p>24 de octubre: SAN ANTONIO MARIA CLARET Ingres\u00f3 al seminario de Vich (Espa\u00f1a) y all\u00ed recibi\u00f3 la ordenaci\u00f3n sacerdotal. Fue luego nombrado como vicep\u00e1rroco y [&hellip;]<!-- AddThis Advanced Settings generic via filter on get_the_excerpt --><!-- AddThis Share Buttons generic via filter on get_the_excerpt --><\/p>\n","protected":false},"author":2,"featured_media":10716,"comment_status":"open","ping_status":"open","sticky":false,"template":"","format":"standard","meta":{"footnotes":""},"categories":[166],"tags":[],"class_list":["post-10714","post","type-post","status-publish","format-standard","has-post-thumbnail","hentry","category-santoral"],"_links":{"self":[{"href":"https:\/\/obispadodezaratecampana.org\/index.php?rest_route=\/wp\/v2\/posts\/10714","targetHints":{"allow":["GET"]}}],"collection":[{"href":"https:\/\/obispadodezaratecampana.org\/index.php?rest_route=\/wp\/v2\/posts"}],"about":[{"href":"https:\/\/obispadodezaratecampana.org\/index.php?rest_route=\/wp\/v2\/types\/post"}],"author":[{"embeddable":true,"href":"https:\/\/obispadodezaratecampana.org\/index.php?rest_route=\/wp\/v2\/users\/2"}],"replies":[{"embeddable":true,"href":"https:\/\/obispadodezaratecampana.org\/index.php?rest_route=%2Fwp%2Fv2%2Fcomments&post=10714"}],"version-history":[{"count":1,"href":"https:\/\/obispadodezaratecampana.org\/index.php?rest_route=\/wp\/v2\/posts\/10714\/revisions"}],"predecessor-version":[{"id":10717,"href":"https:\/\/obispadodezaratecampana.org\/index.php?rest_route=\/wp\/v2\/posts\/10714\/revisions\/10717"}],"wp:featuredmedia":[{"embeddable":true,"href":"https:\/\/obispadodezaratecampana.org\/index.php?rest_route=\/wp\/v2\/media\/10716"}],"wp:attachment":[{"href":"https:\/\/obispadodezaratecampana.org\/index.php?rest_route=%2Fwp%2Fv2%2Fmedia&parent=10714"}],"wp:term":[{"taxonomy":"category","embeddable":true,"href":"https:\/\/obispadodezaratecampana.org\/index.php?rest_route=%2Fwp%2Fv2%2Fcategories&post=10714"},{"taxonomy":"post_tag","embeddable":true,"href":"https:\/\/obispadodezaratecampana.org\/index.php?rest_route=%2Fwp%2Fv2%2Ftags&post=10714"}],"curies":[{"name":"wp","href":"https:\/\/api.w.org\/{rel}","templated":true}]}}