{"id":10709,"date":"2015-10-23T11:22:18","date_gmt":"2015-10-23T14:22:18","guid":{"rendered":"http:\/\/obispadodezaratecampana.org\/?p=10709"},"modified":"2015-10-23T11:22:18","modified_gmt":"2015-10-23T14:22:18","slug":"el-papa-francisco-anuncia-la-institucion-de-un-nuevo-dicasterio","status":"publish","type":"post","link":"https:\/\/obispadodezaratecampana.org\/?p=10709","title":{"rendered":"El Papa Francisco anuncia la instituci\u00f3n de un nuevo dicasterio"},"content":{"rendered":"<p>El Papa anuncia la instituci\u00f3n de un nuevo dicasterio<\/p>\n<p>Ciudad del Vaticano, 23 de octubre de 2015 (Vis).-Ayer tarde, al principio de la Congregaci\u00f3n general vespertina del S\u00ednodo, el Santo Padre tom\u00f3 la palabra y efectu\u00f3 el siguiente anuncio:<\/p>\n<p>&#8221;He decidido instituir un nuevo dicasterio con competencia sobre los laicos, la familia y la vida, que sustituir\u00e1 al Consejo Pontificio para los Laicos y al Consejo Pontificio para la Familia y al que estar\u00e1 vinculado la Academia Pontificia para la Vida.<\/p>\n<p>Con ese fin he constituido una comisi\u00f3n especial que redactar\u00e1 un documento para delinear can\u00f3nicamente las competencias del nuevo dicasterio y que ser\u00e1 sometido al examen del Consejo de Cardenales que se reunir\u00e1n en diciembre pr\u00f3ximo&#8221;.<\/p>\n<p>Fuente: NEWS.VA<\/p>\n<!-- AddThis Advanced Settings generic via filter on the_content --><!-- AddThis Share Buttons generic via filter on the_content -->","protected":false},"excerpt":{"rendered":"<p>El Papa anuncia la instituci\u00f3n de un nuevo dicasterio Ciudad del Vaticano, 23 de octubre de 2015 (Vis).-Ayer tarde, al principio de la Congregaci\u00f3n general [&hellip;]<!-- AddThis Advanced Settings generic via filter on get_the_excerpt --><!-- AddThis Share Buttons generic via filter on get_the_excerpt --><\/p>\n","protected":false},"author":2,"featured_media":10710,"comment_status":"open","ping_status":"open","sticky":false,"template":"","format":"standard","meta":{"footnotes":""},"categories":[161],"tags":[],"class_list":["post-10709","post","type-post","status-publish","format-standard","has-post-thumbnail","hentry","category-el-papa-leonxiv"],"_links":{"self":[{"href":"https:\/\/obispadodezaratecampana.org\/index.php?rest_route=\/wp\/v2\/posts\/10709","targetHints":{"allow":["GET"]}}],"collection":[{"href":"https:\/\/obispadodezaratecampana.org\/index.php?rest_route=\/wp\/v2\/posts"}],"about":[{"href":"https:\/\/obispadodezaratecampana.org\/index.php?rest_route=\/wp\/v2\/types\/post"}],"author":[{"embeddable":true,"href":"https:\/\/obispadodezaratecampana.org\/index.php?rest_route=\/wp\/v2\/users\/2"}],"replies":[{"embeddable":true,"href":"https:\/\/obispadodezaratecampana.org\/index.php?rest_route=%2Fwp%2Fv2%2Fcomments&post=10709"}],"version-history":[{"count":1,"href":"https:\/\/obispadodezaratecampana.org\/index.php?rest_route=\/wp\/v2\/posts\/10709\/revisions"}],"predecessor-version":[{"id":10711,"href":"https:\/\/obispadodezaratecampana.org\/index.php?rest_route=\/wp\/v2\/posts\/10709\/revisions\/10711"}],"wp:featuredmedia":[{"embeddable":true,"href":"https:\/\/obispadodezaratecampana.org\/index.php?rest_route=\/wp\/v2\/media\/10710"}],"wp:attachment":[{"href":"https:\/\/obispadodezaratecampana.org\/index.php?rest_route=%2Fwp%2Fv2%2Fmedia&parent=10709"}],"wp:term":[{"taxonomy":"category","embeddable":true,"href":"https:\/\/obispadodezaratecampana.org\/index.php?rest_route=%2Fwp%2Fv2%2Fcategories&post=10709"},{"taxonomy":"post_tag","embeddable":true,"href":"https:\/\/obispadodezaratecampana.org\/index.php?rest_route=%2Fwp%2Fv2%2Ftags&post=10709"}],"curies":[{"name":"wp","href":"https:\/\/api.w.org\/{rel}","templated":true}]}}