{"id":10698,"date":"2015-10-23T10:53:05","date_gmt":"2015-10-23T13:53:05","guid":{"rendered":"http:\/\/obispadodezaratecampana.org\/?p=10698"},"modified":"2015-10-23T11:51:35","modified_gmt":"2015-10-23T14:51:35","slug":"24-de-octubre-fiestas-patronales-por-san-juan-pablo-ii","status":"publish","type":"post","link":"https:\/\/obispadodezaratecampana.org\/?p=10698","title":{"rendered":"24 de octubre : Fiestas Patronales por San Juan Pablo II"},"content":{"rendered":"<p>La Capilla San Juan Pablo II y Centro Pastoral San Antonio Mar\u00eda Claret &#8211; de Campana- \u00a0, celebrar\u00e1 sus Fiestas Patronales el d\u00eda s\u00e0bado 24 de octubre, con Procesi\u00f3n y Santa Misa. \u00a0La misma se ubica en la calle Arenaza s\/n Barrio Siderca. La comunidad invita a participar en esta celebraci\u00f3n.<\/p>\n<p><strong>Cronograma de la Jornada del s\u00e1bado 24 de octubre:\u00a0<\/strong><\/p>\n<p>&#8211; 10:00hs: Llegada de la Imagen de Nuestra Se\u00f1ora de Lujan.<br \/>\n&#8211; 17:00hs: Procesi\u00f3n por el barrio.<br \/>\n&#8211; 17:30hs: Santa Misa.<\/p>\n<p>Perfil de facebook de la Capilla:\u00a0<a title=\"juanpabloii\" href=\"https:\/\/www.facebook.com\/centromisional.barriosiderca.1?fref=nf\" target=\"_blank\">https:\/\/www.facebook.com\/centromisional.barriosiderca.1?fref=nf<\/a><\/p>\n<p>&nbsp;<\/p>\n<p><img fetchpriority=\"high\" decoding=\"async\" class=\" wp-image-10699 aligncenter\" src=\"http:\/\/obispadodezaratecampana.org\/wp-content\/uploads\/2015\/10\/juanp-231x300.jpg\" alt=\"juanp\" width=\"260\" height=\"339\" \/><\/p>\n<p>&nbsp;<\/p>\n<p style=\"text-align: center;\">Fotos del Festejo por la Canonizaci\u00f3n de San Juan Pablo II y Juan XXIII , del domingo 27 de abril del 2014.<\/p>\n<p style=\"text-align: center;\">Gentileza de &#8220;Campana Noticias&#8221;<\/p>\n<p style=\"text-align: center;\"><img decoding=\"async\" class=\"alignnone  wp-image-10700\" src=\"http:\/\/obispadodezaratecampana.org\/wp-content\/uploads\/2015\/10\/campa-300x199.jpg\" alt=\"campa\" width=\"482\" height=\"327\" \/> <img decoding=\"async\" class=\"alignnone  wp-image-10701\" src=\"http:\/\/obispadodezaratecampana.org\/wp-content\/uploads\/2015\/10\/campab-300x199.jpg\" alt=\"campab\" width=\"511\" height=\"344\" \/> <a href=\"http:\/\/obispadodezaratecampana.org\/wp-content\/uploads\/2015\/10\/campac.jpg\"><img loading=\"lazy\" decoding=\"async\" class=\"alignnone  wp-image-10702\" src=\"http:\/\/obispadodezaratecampana.org\/wp-content\/uploads\/2015\/10\/campac-300x199.jpg\" alt=\"campac\" width=\"495\" height=\"311\" \/><\/a><\/p>\n<p style=\"text-align: center;\"><a href=\"http:\/\/obispadodezaratecampana.org\/wp-content\/uploads\/2015\/10\/campad.jpg\"><img loading=\"lazy\" decoding=\"async\" class=\"alignnone  wp-image-10703\" src=\"http:\/\/obispadodezaratecampana.org\/wp-content\/uploads\/2015\/10\/campad-300x172.jpg\" alt=\"campad\" width=\"496\" height=\"285\" srcset=\"https:\/\/obispadodezaratecampana.org\/wp-content\/uploads\/2015\/10\/campad-300x172.jpg 300w, https:\/\/obispadodezaratecampana.org\/wp-content\/uploads\/2015\/10\/campad.jpg 470w\" sizes=\"(max-width: 496px) 100vw, 496px\" \/><\/a><\/p>\n<p>&nbsp;<\/p>\n<!-- AddThis Advanced Settings generic via filter on the_content --><!-- AddThis Share Buttons generic via filter on the_content -->","protected":false},"excerpt":{"rendered":"<p>La Capilla San Juan Pablo II y Centro Pastoral San Antonio Mar\u00eda Claret &#8211; de Campana- \u00a0, celebrar\u00e1 sus Fiestas Patronales el d\u00eda s\u00e0bado 24 [&hellip;]<!-- AddThis Advanced Settings generic via filter on get_the_excerpt --><!-- AddThis Share Buttons generic via filter on get_the_excerpt --><\/p>\n","protected":false},"author":2,"featured_media":10701,"comment_status":"open","ping_status":"open","sticky":false,"template":"","format":"standard","meta":{"footnotes":""},"categories":[3],"tags":[],"class_list":["post-10698","post","type-post","status-publish","format-standard","has-post-thumbnail","hentry","category-noticiasparroquiales"],"_links":{"self":[{"href":"https:\/\/obispadodezaratecampana.org\/index.php?rest_route=\/wp\/v2\/posts\/10698","targetHints":{"allow":["GET"]}}],"collection":[{"href":"https:\/\/obispadodezaratecampana.org\/index.php?rest_route=\/wp\/v2\/posts"}],"about":[{"href":"https:\/\/obispadodezaratecampana.org\/index.php?rest_route=\/wp\/v2\/types\/post"}],"author":[{"embeddable":true,"href":"https:\/\/obispadodezaratecampana.org\/index.php?rest_route=\/wp\/v2\/users\/2"}],"replies":[{"embeddable":true,"href":"https:\/\/obispadodezaratecampana.org\/index.php?rest_route=%2Fwp%2Fv2%2Fcomments&post=10698"}],"version-history":[{"count":3,"href":"https:\/\/obispadodezaratecampana.org\/index.php?rest_route=\/wp\/v2\/posts\/10698\/revisions"}],"predecessor-version":[{"id":10713,"href":"https:\/\/obispadodezaratecampana.org\/index.php?rest_route=\/wp\/v2\/posts\/10698\/revisions\/10713"}],"wp:featuredmedia":[{"embeddable":true,"href":"https:\/\/obispadodezaratecampana.org\/index.php?rest_route=\/wp\/v2\/media\/10701"}],"wp:attachment":[{"href":"https:\/\/obispadodezaratecampana.org\/index.php?rest_route=%2Fwp%2Fv2%2Fmedia&parent=10698"}],"wp:term":[{"taxonomy":"category","embeddable":true,"href":"https:\/\/obispadodezaratecampana.org\/index.php?rest_route=%2Fwp%2Fv2%2Fcategories&post=10698"},{"taxonomy":"post_tag","embeddable":true,"href":"https:\/\/obispadodezaratecampana.org\/index.php?rest_route=%2Fwp%2Fv2%2Ftags&post=10698"}],"curies":[{"name":"wp","href":"https:\/\/api.w.org\/{rel}","templated":true}]}}