{"id":10667,"date":"2015-10-18T12:45:20","date_gmt":"2015-10-18T15:45:20","guid":{"rendered":"http:\/\/obispadodezaratecampana.org\/?p=10667"},"modified":"2015-10-18T12:45:20","modified_gmt":"2015-10-18T15:45:20","slug":"carta-de-monsenor-ariel-perez-alusiva-a-la-peregrinacion-a-lujan-2015","status":"publish","type":"post","link":"https:\/\/obispadodezaratecampana.org\/?p=10667","title":{"rendered":"Carta de Monse\u00f1or Ariel Perez alusiva a la Peregrinaci\u00f3n a Luj\u00e1n 2015"},"content":{"rendered":"<p style=\"text-align: right;\">Campana, 18 de octubre de 2015<\/p>\n<p>&nbsp;<\/p>\n<p><em>QUERIDOS HERMANOS SACERDOTES<\/em><\/p>\n<p><em>QUERIDOS\u00a0DI\u00c1CONOS\u00a0PERMANENTES<\/em><\/p>\n<p><em>QUERIDOS RELIGIOSOS Y RELIGIOSAS<\/em><\/p>\n<p><em>QUERIDOS SEMINARISTAS<\/em><\/p>\n<p><em>QUERIDOS LAICOS Y LAICAS<\/em><\/p>\n<p>Estamos a 13 d\u00edas de una nueva Peregrinaci\u00f3n a Pie a Luj\u00e1n, con el lema: <strong>\u201cCon Mar\u00eda de Luj\u00e1n escucha aprende y anuncia\u201d.<\/strong><\/p>\n<p>Acto de piedad popular que nos permite visualizar al pueblo de Dios de Z\u00e1rate Campana que peregrina como \u201ccomunidad que tiene un principio de uni\u00f3n interno, el Esp\u00edritu Santo. El es el que nos pone a actuar y caminar\u201d hacia Nuestra Madre, estrella de la Nueva Evangelizaci\u00f3n; la que \u201cilumina como una estrella en el medio de la noche, en el camino\u201d.<\/p>\n<p>Al igual que todos los a\u00f1os, tambi\u00e9n ser\u00e1 importante la organizaci\u00f3n: porque es mucha la distancia, y no f\u00e1ciles los caminos, porque son muchos los que quieren y salen a caminar y no siempre est\u00e1n dispuestos a o\u00edr nuestras consignas, porque esto es una Peregrinaci\u00f3n de Fe y no una \u201cmarat\u00f3n\u201d.<\/p>\n<p>POR TODO ESTO LES PROPONGO:<\/p>\n<p>1.- A partir de hoy poner en todas celebraciones Eucar\u00edsticas la intenci\u00f3n: Por los frutos de la Pr\u00f3xima peregrinaci\u00f3n, para que sean muchos los hermanos que se reencuentren con Jes\u00fas y la Iglesia por medio de Mar\u00eda\u201d.<\/p>\n<p>2.- Alentar a nuestras comunidades a prepararse f\u00edsica y espiritualmente, caminando peri\u00f3dicamente, rezando y confes\u00e1ndose, colaborando con agua, rosarios, etc.<\/p>\n<p>3.- Colocar visiblemente a la calle la carteler\u00eda que invita, con el horario, lugares y horas de partida, como as\u00ed tambi\u00e9n la Misa en la Bas\u00edlica.<\/p>\n<p>4.- Visitar Radios y TV invitando por estos medios a un p\u00fablico m\u00e1s all\u00e1 de nuestras comunidades. Donde sea posible, animar programas radiales que puedan recoger testimonios en vivo y comunicaci\u00f3n directa con los peregrinos, enviando mensajes y recogiendo intenciones para llevar a los pies y al Coraz\u00f3n de Nuestra Madre de Luj\u00e1n.<\/p>\n<p>5.- Tener presente y en cuenta que el recorrido cuenta con la animaci\u00f3n espiritual, seguridad y asistencia sanitaria. Por tal motivo, se debe alentar a que se confluya a los distintos puntos del recorrido ya que solo all\u00ed se podr\u00e1 contar con los distintos servicios.<\/p>\n<p>6.- Fomentar dentro de los que no van a pie, oraci\u00f3n de apoyo, que durante esa noche se unan espiritualmente, especialmente a los enfermos y ancianos.<\/p>\n<p>7.- Colaborar con un m\u00f3vil de animaci\u00f3n y una Imagen de La Sant\u00edsima Virgen, para que durante la noche, aliente, congregue y apoye a los peregrinos.<\/p>\n<p>Por eso los convoco a que cada uno desde sus dones y carismas participe animando y colaborando. Especialmente recordemos que la Bas\u00edlica estar\u00e1 abierta a las 2:00 de la ma\u00f1ana, y necesario que estemos disponibles para celebrar el Sacramento de la Reconciliaci\u00f3n. La Santa Misa ser\u00e1 las 6:00 hs, presidida por nuestro Obispo Monse\u00f1or Oscar.<\/p>\n<p>Cualquier aporte y sugerencia quedo disponible para escuchar.<\/p>\n<p>Les agradezco de todo coraz\u00f3n, les pido oraci\u00f3n por todo la organizaci\u00f3n.<\/p>\n<p>&nbsp;<\/p>\n<p style=\"text-align: center;\"><strong>Mons. Ariel R. P\u00e9rez<\/strong><\/p>\n<p style=\"text-align: center;\"><strong>Vicario General<\/strong><\/p>\n<!-- AddThis Advanced Settings generic via filter on the_content --><!-- AddThis Share Buttons generic via filter on the_content -->","protected":false},"excerpt":{"rendered":"<p>Campana, 18 de octubre de 2015 &nbsp; QUERIDOS HERMANOS SACERDOTES QUERIDOS\u00a0DI\u00c1CONOS\u00a0PERMANENTES QUERIDOS RELIGIOSOS Y RELIGIOSAS QUERIDOS SEMINARISTAS QUERIDOS LAICOS Y LAICAS Estamos a 13 d\u00edas [&hellip;]<!-- AddThis Advanced Settings generic via filter on get_the_excerpt --><!-- AddThis Share Buttons generic via filter on get_the_excerpt --><\/p>\n","protected":false},"author":2,"featured_media":10668,"comment_status":"open","ping_status":"open","sticky":false,"template":"","format":"standard","meta":{"footnotes":""},"categories":[1],"tags":[],"class_list":["post-10667","post","type-post","status-publish","format-standard","has-post-thumbnail","hentry","category-noticiasdiocesanas"],"_links":{"self":[{"href":"https:\/\/obispadodezaratecampana.org\/index.php?rest_route=\/wp\/v2\/posts\/10667","targetHints":{"allow":["GET"]}}],"collection":[{"href":"https:\/\/obispadodezaratecampana.org\/index.php?rest_route=\/wp\/v2\/posts"}],"about":[{"href":"https:\/\/obispadodezaratecampana.org\/index.php?rest_route=\/wp\/v2\/types\/post"}],"author":[{"embeddable":true,"href":"https:\/\/obispadodezaratecampana.org\/index.php?rest_route=\/wp\/v2\/users\/2"}],"replies":[{"embeddable":true,"href":"https:\/\/obispadodezaratecampana.org\/index.php?rest_route=%2Fwp%2Fv2%2Fcomments&post=10667"}],"version-history":[{"count":1,"href":"https:\/\/obispadodezaratecampana.org\/index.php?rest_route=\/wp\/v2\/posts\/10667\/revisions"}],"predecessor-version":[{"id":10669,"href":"https:\/\/obispadodezaratecampana.org\/index.php?rest_route=\/wp\/v2\/posts\/10667\/revisions\/10669"}],"wp:featuredmedia":[{"embeddable":true,"href":"https:\/\/obispadodezaratecampana.org\/index.php?rest_route=\/wp\/v2\/media\/10668"}],"wp:attachment":[{"href":"https:\/\/obispadodezaratecampana.org\/index.php?rest_route=%2Fwp%2Fv2%2Fmedia&parent=10667"}],"wp:term":[{"taxonomy":"category","embeddable":true,"href":"https:\/\/obispadodezaratecampana.org\/index.php?rest_route=%2Fwp%2Fv2%2Fcategories&post=10667"},{"taxonomy":"post_tag","embeddable":true,"href":"https:\/\/obispadodezaratecampana.org\/index.php?rest_route=%2Fwp%2Fv2%2Ftags&post=10667"}],"curies":[{"name":"wp","href":"https:\/\/api.w.org\/{rel}","templated":true}]}}