{"id":10652,"date":"2015-10-18T11:20:53","date_gmt":"2015-10-18T14:20:53","guid":{"rendered":"http:\/\/obispadodezaratecampana.org\/?p=10652"},"modified":"2015-10-18T11:20:53","modified_gmt":"2015-10-18T14:20:53","slug":"domingo-18-de-octubre-feliz-dia-a-todas-las-madres","status":"publish","type":"post","link":"https:\/\/obispadodezaratecampana.org\/?p=10652","title":{"rendered":"&#8211; Domingo 18 de octubre: Feliz d\u00eda a todas las Madres &#8211;"},"content":{"rendered":"<h2><span style=\"color: #339966;\">:: &#8211; FELICIDADES Y BENDICIONES QUERIDAS MAM\u00c1S &#8211; ::<\/span><\/h2>\n<h2>\n<span style=\"color: #339966;\">(&#8230;) Sucede que tambi\u00e9n en la comunidad cristiana la madre no es siempre justamente valorada, es poco escuchada. Sin embargo, al centro de la vida de la Iglesia est\u00e1 la Madre de Jes\u00fas. Quiz\u00e1s las madres, dispuestas a tantos sacrificios por los propios hijos y a menudo tambi\u00e9n por aquellos de los otros, deber\u00edan ser m\u00e1s escuchadas.<\/span><\/h2>\n<h2>\n<span style=\"color: #339966;\">Ser\u00eda necesario comprender m\u00e1s su lucha cotidiana para ser eficientes en el trabajo y atentas y afectuosas en familia; ser\u00eda necesario entender mejor a qu\u00e9 aspiran para expresar los frutos mejores y aut\u00e9nticos de su emancipaci\u00f3n. Una madre con los hijos tiene siempre problemas, siempre trabajo. (&#8230;)<\/span><\/h2>\n<h2>\n<span style=\"color: #339966;\">Las madres son el ant\u00eddoto m\u00e1s fuerte a la difusi\u00f3n del individualismo ego\u00edsta. \u201cIndividuo\u201d quiere decir \u201cque no puede ser dividido\u201d. Las madres, en cambio, se \u201cdividen\u201d, ellas, desde cuando acogen un hijo para darlo al mundo y hacerlo crecer. (&#8230;)<\/span><\/h2>\n<h2>\n<span style=\"color: #339966;\">Papa Francisco &#8211; Reflexiones acerca de la maternidad &#8211; Enero 2015<\/span><\/h2>\n<!-- AddThis Advanced Settings generic via filter on the_content --><!-- AddThis Share Buttons generic via filter on the_content -->","protected":false},"excerpt":{"rendered":"<p>:: &#8211; FELICIDADES Y BENDICIONES QUERIDAS MAM\u00c1S &#8211; :: (&#8230;) Sucede que tambi\u00e9n en la comunidad cristiana la madre no es siempre justamente valorada, es [&hellip;]<!-- AddThis Advanced Settings generic via filter on get_the_excerpt --><!-- AddThis Share Buttons generic via filter on get_the_excerpt --><\/p>\n","protected":false},"author":2,"featured_media":10653,"comment_status":"open","ping_status":"open","sticky":false,"template":"","format":"standard","meta":{"footnotes":""},"categories":[1],"tags":[],"class_list":["post-10652","post","type-post","status-publish","format-standard","has-post-thumbnail","hentry","category-noticiasdiocesanas"],"_links":{"self":[{"href":"https:\/\/obispadodezaratecampana.org\/index.php?rest_route=\/wp\/v2\/posts\/10652","targetHints":{"allow":["GET"]}}],"collection":[{"href":"https:\/\/obispadodezaratecampana.org\/index.php?rest_route=\/wp\/v2\/posts"}],"about":[{"href":"https:\/\/obispadodezaratecampana.org\/index.php?rest_route=\/wp\/v2\/types\/post"}],"author":[{"embeddable":true,"href":"https:\/\/obispadodezaratecampana.org\/index.php?rest_route=\/wp\/v2\/users\/2"}],"replies":[{"embeddable":true,"href":"https:\/\/obispadodezaratecampana.org\/index.php?rest_route=%2Fwp%2Fv2%2Fcomments&post=10652"}],"version-history":[{"count":1,"href":"https:\/\/obispadodezaratecampana.org\/index.php?rest_route=\/wp\/v2\/posts\/10652\/revisions"}],"predecessor-version":[{"id":10654,"href":"https:\/\/obispadodezaratecampana.org\/index.php?rest_route=\/wp\/v2\/posts\/10652\/revisions\/10654"}],"wp:featuredmedia":[{"embeddable":true,"href":"https:\/\/obispadodezaratecampana.org\/index.php?rest_route=\/wp\/v2\/media\/10653"}],"wp:attachment":[{"href":"https:\/\/obispadodezaratecampana.org\/index.php?rest_route=%2Fwp%2Fv2%2Fmedia&parent=10652"}],"wp:term":[{"taxonomy":"category","embeddable":true,"href":"https:\/\/obispadodezaratecampana.org\/index.php?rest_route=%2Fwp%2Fv2%2Fcategories&post=10652"},{"taxonomy":"post_tag","embeddable":true,"href":"https:\/\/obispadodezaratecampana.org\/index.php?rest_route=%2Fwp%2Fv2%2Ftags&post=10652"}],"curies":[{"name":"wp","href":"https:\/\/api.w.org\/{rel}","templated":true}]}}