{"id":10641,"date":"2015-10-17T11:39:22","date_gmt":"2015-10-17T14:39:22","guid":{"rendered":"http:\/\/obispadodezaratecampana.org\/?p=10641"},"modified":"2015-10-17T12:47:42","modified_gmt":"2015-10-17T15:47:42","slug":"preparando-el-corazon-para-la-peregrinacion-a-lujan-31-de-octubre","status":"publish","type":"post","link":"https:\/\/obispadodezaratecampana.org\/?p=10641","title":{"rendered":"Preparando el Coraz\u00f3n para la Peregrinaci\u00f3n a Luj\u00e1n &#8211; 31 de Octubre"},"content":{"rendered":"<p><span style=\"color: #993300;\">Queridos Lectores: desde el Perfil Oficial de la Peregrinaci\u00f3n a Luj\u00e1n , \u200b est\u00e1n invitando especialmente a compartir experiencias de vida y fotos, \u00a0vinculadas a esta hermosa manifestaci\u00f3n de amor a la Madre del Cielo , de nuestra iglesia de Z\u00e1rate &#8211; Campana. Los alentamos a visitar este perfil y que se sumen a esta iniciativa :<\/span><\/p>\n<p><span style=\"color: #993300;\"><a title=\"peregrinaci\u00f3n\" href=\"https:\/\/www.facebook.com\/peregrinacion.lujanzc?fref=ts\" target=\"_blank\"><span style=\"color: #993300;\">https:\/\/www.facebook.com\/peregrinacion.lujanzc?fref=ts<\/span><\/a><\/span><\/p>\n<p><span style=\"color: #993300;\">Tengan en cuenta que en este espacio pueden enterarse de todas las novedades sobre este evento, para el que faltan pocos d\u00edas.<\/span><\/p>\n<p><img fetchpriority=\"high\" decoding=\"async\" class=\" wp-image-10642 aligncenter\" src=\"http:\/\/obispadodezaratecampana.org\/wp-content\/uploads\/2015\/10\/pere-300x214.jpg\" alt=\"pere\" width=\"462\" height=\"332\" \/><\/p>\n<p><img decoding=\"async\" class=\" wp-image-10643 aligncenter\" src=\"http:\/\/obispadodezaratecampana.org\/wp-content\/uploads\/2015\/10\/pereb-300x224.jpg\" alt=\"pereb\" width=\"508\" height=\"386\" \/><\/p>\n<p><img decoding=\"async\" class=\" wp-image-10644 aligncenter\" src=\"http:\/\/obispadodezaratecampana.org\/wp-content\/uploads\/2015\/10\/perec-300x177.jpg\" alt=\"perec\" width=\"516\" height=\"331\" \/><\/p>\n<p><img loading=\"lazy\" decoding=\"async\" class=\" wp-image-10645 aligncenter\" src=\"http:\/\/obispadodezaratecampana.org\/wp-content\/uploads\/2015\/10\/pered-300x225.jpg\" alt=\"pered\" width=\"478\" height=\"359\" srcset=\"https:\/\/obispadodezaratecampana.org\/wp-content\/uploads\/2015\/10\/pered-300x225.jpg 300w, https:\/\/obispadodezaratecampana.org\/wp-content\/uploads\/2015\/10\/pered.jpg 960w\" sizes=\"(max-width: 478px) 100vw, 478px\" \/><\/p>\n<p>&nbsp;<\/p>\n<!-- AddThis Advanced Settings generic via filter on the_content --><!-- AddThis Share Buttons generic via filter on the_content -->","protected":false},"excerpt":{"rendered":"<p>Queridos Lectores: desde el Perfil Oficial de la Peregrinaci\u00f3n a Luj\u00e1n , \u200b est\u00e1n invitando especialmente a compartir experiencias de vida y fotos, \u00a0vinculadas a [&hellip;]<!-- AddThis Advanced Settings generic via filter on get_the_excerpt --><!-- AddThis Share Buttons generic via filter on get_the_excerpt --><\/p>\n","protected":false},"author":2,"featured_media":10645,"comment_status":"open","ping_status":"open","sticky":false,"template":"","format":"standard","meta":{"footnotes":""},"categories":[1],"tags":[],"class_list":["post-10641","post","type-post","status-publish","format-standard","has-post-thumbnail","hentry","category-noticiasdiocesanas"],"_links":{"self":[{"href":"https:\/\/obispadodezaratecampana.org\/index.php?rest_route=\/wp\/v2\/posts\/10641","targetHints":{"allow":["GET"]}}],"collection":[{"href":"https:\/\/obispadodezaratecampana.org\/index.php?rest_route=\/wp\/v2\/posts"}],"about":[{"href":"https:\/\/obispadodezaratecampana.org\/index.php?rest_route=\/wp\/v2\/types\/post"}],"author":[{"embeddable":true,"href":"https:\/\/obispadodezaratecampana.org\/index.php?rest_route=\/wp\/v2\/users\/2"}],"replies":[{"embeddable":true,"href":"https:\/\/obispadodezaratecampana.org\/index.php?rest_route=%2Fwp%2Fv2%2Fcomments&post=10641"}],"version-history":[{"count":3,"href":"https:\/\/obispadodezaratecampana.org\/index.php?rest_route=\/wp\/v2\/posts\/10641\/revisions"}],"predecessor-version":[{"id":10651,"href":"https:\/\/obispadodezaratecampana.org\/index.php?rest_route=\/wp\/v2\/posts\/10641\/revisions\/10651"}],"wp:featuredmedia":[{"embeddable":true,"href":"https:\/\/obispadodezaratecampana.org\/index.php?rest_route=\/wp\/v2\/media\/10645"}],"wp:attachment":[{"href":"https:\/\/obispadodezaratecampana.org\/index.php?rest_route=%2Fwp%2Fv2%2Fmedia&parent=10641"}],"wp:term":[{"taxonomy":"category","embeddable":true,"href":"https:\/\/obispadodezaratecampana.org\/index.php?rest_route=%2Fwp%2Fv2%2Fcategories&post=10641"},{"taxonomy":"post_tag","embeddable":true,"href":"https:\/\/obispadodezaratecampana.org\/index.php?rest_route=%2Fwp%2Fv2%2Ftags&post=10641"}],"curies":[{"name":"wp","href":"https:\/\/api.w.org\/{rel}","templated":true}]}}