{"id":10619,"date":"2015-10-11T18:11:05","date_gmt":"2015-10-11T21:11:05","guid":{"rendered":"http:\/\/obispadodezaratecampana.org\/?p=10619"},"modified":"2015-10-12T00:39:33","modified_gmt":"2015-10-12T03:39:33","slug":"11-de-octubre-san-juan-xxiii","status":"publish","type":"post","link":"https:\/\/obispadodezaratecampana.org\/?p=10619","title":{"rendered":"11 de octubre: SAN JUAN XXIII"},"content":{"rendered":"<p>Angelo Giuseppe Roncalli naci\u00f3 en Lombard\u00eda (Italia) el 25 de noviembre de 1881. Fue el cuarto hijo de un total de catorce del matrimonio formado por Giovanni Battista Roncalli (1854\u20131935) y Marianna Giulia Mazzolla (1854\u20131939) quienes trabajaban como aparceros. El ambiente religioso de su familia y la vida parroquial bajo la gu\u00eda del padre Francesco Rebuzzini, le proporcionaron a Angelo formaci\u00f3n cristiana.Ingres\u00f3 en el seminario de B\u00e9rgamo en 1892. En 1896 fue admitido en la Orden Franciscana Seglar por el director espiritual del Seminario de B\u00e9rgamo , el Padre Luigi Isacchi. Hizo una profesi\u00f3n de esa Regla de vida el 23 de mayo de 1897. De 1901 a 1905 fue alumno en el Pontificio Seminario Romano. El 10 de agosto de 1904 fue ordenado sacerdote en la Bas\u00edlica de Santa Mar\u00eda de Monte Santo, en la Piazza del Popolo. En 1905, fue nombrado secretario del Obispo de B\u00e9rgamo, Giacomo Radini Tedeschi, y en el a\u00f1o siguiente fue el encargado de la ense\u00f1anza de Historia y Patrolog\u00eda en el seminario de B\u00e9rgamo. Ocup\u00f3 estos puestos hasta la muerte de \u00absu\u00bb obispo, como siempre recordar\u00eda a Radini Tedeschi, acaecida en 1914.<\/p>\n<p><strong>Durante la Guerra Mundial<\/strong><\/p>\n<p>Durante la Primera Guerra Mundial, ejerci\u00f3 primero como sargento m\u00e9dico y m\u00e1s tarde como capell\u00e1n militar. En 1921, fue llamado desde Roma por el Papa Benedicto XV para ocupar el cargo de Presidente para Italia del Consejo Central de la Obra Pontificia de la Propagaci\u00f3n de la Fe.<\/p>\n<p>El papa P\u00edo XI lo design\u00f3 simult\u00e1neamente Arzobispo de Areopoli y enviado oficial para Bulgaria el 3 de marzo de 1925. El 19 de marzo de 1925 Angelo Giuseppe Roncalli fue consagrado Arzobispo titular de Areopoli. Eligi\u00f3 como su lema episcopal &#8220;Obedientia et Pax&#8221;. En Bulgaria, realiz\u00f3 su labor apost\u00f3lica visitando las comunidades cat\u00f3licas y estableciendo relaciones de respeto y estima con otras comunidades cristianas, en especial de la Iglesia Ortodoxa. En una ocasi\u00f3n en Bulgaria fue a visitar a unos heridos internados en un hospital cat\u00f3lico que trataba gratuitamente a todas las personas, independientemente de su religi\u00f3n. Estos heridos fueron v\u00edctimas de un atentado contra el rey Boris III en una catedral ortodoxa de Sof\u00eda, siendo ortodoxos que frecuentaban su lugar de culto. El rey b\u00falgaro qued\u00f3 tan impresionado que lo recibi\u00f3 en audiencia privada, siendo un acto in\u00e9dito porque los visitadores apost\u00f3licos no gozaban de ning\u00fan estatuto diplom\u00e1tico y las relaciones entre la minor\u00eda cat\u00f3lica y la mayor\u00eda ortodoxa eran muy tensas. Hechos como este constituyeron las bases de la futura delegaci\u00f3n apost\u00f3lica. En efecto, su labor fue tan fruct\u00edfera que se lo design\u00f3 delegado apost\u00f3lico para Bulgaria el 16 de octubre de 1931.<\/p>\n<p>El 30 de noviembre de 1934 fue designado Arzobispo t\u00edtular de Mesembria, y el 12 de enero de 1935 fue nombrado delegado apost\u00f3lico para Turqu\u00eda (vicario apost\u00f3lico de Estambul, antigua Vicar\u00eda Apost\u00f3lica de Constantinopla). El mismo d\u00eda se lo design\u00f3 Delegado Apost\u00f3lico para Grecia, atendiendo desde Estambul los asuntos relativos a ambos pa\u00edses.<\/p>\n<p>Su intervenci\u00f3n para socorrer a miles de jud\u00edos de la persecuci\u00f3n nazi mientras serv\u00eda como Delegado Apost\u00f3lico del Vaticano en Turqu\u00eda durante la Segunda Guerra Mundial fue proverbial.<\/p>\n<p>El 23 de diciembre de 1944, el Papa P\u00edo XII lo nombr\u00f3 nuncio apost\u00f3lico de Francia. Contribuy\u00f3 a normalizar la organizaci\u00f3n eclesi\u00e1stica en Francia, desestabilizada por los numerosos obispos que hab\u00edan colaborado con los alemanes. Gracias a su cortes\u00eda, su sencillez, su buen humor y su amabilidad pudo resolver los problemas y conquistar el coraz\u00f3n de los franceses y de todo el Cuerpo Diplom\u00e1tico. (&#8230;)<\/p>\n<p>Fuente: ACIPRENSA<\/p>\n<p><img fetchpriority=\"high\" decoding=\"async\" class=\"size-full wp-image-10620 aligncenter\" src=\"http:\/\/obispadodezaratecampana.org\/wp-content\/uploads\/2015\/10\/JuanXXIII.jpg\" alt=\"JuanXXIII\" width=\"288\" height=\"260\" \/><\/p>\n<p><strong>OCHO LOGROS DE SU PONTIFICADO\u00a0<\/strong><\/p>\n<p>Juan XXIII se gan\u00f3 r\u00e1pidamente el sobrenombre de &#8220;Papa bueno\u201d. As\u00ed lo percib\u00edan los cristianos de a pie y las personas que lo trataron de cerca. Junto a las grandes empresas, como el Concilio Vaticano II, llev\u00f3 a cabo sencillos gestos que perduran y que tambi\u00e9n han cambiado la Iglesia.<\/p>\n<p>TRADICIONES PARA LA HISTORIA<br \/>\nCambios sencillos pero de calado, como el rezo p\u00fablico del \u00c1ngelus los domingos. El Papa bueno instaur\u00f3 esta tradici\u00f3n de rezar desde la ventana del Palacio Apost\u00f3lico y dedicar una peque\u00f1a catequesis a los peregrinos.<\/p>\n<p>CERCA DE LAS PERSONAS<br \/>\nSiempre intent\u00f3 estar cerca de la gente, como Papa y como obispo. Fue el primer pont\u00edfice que sali\u00f3 de las murallas vaticanas y visit\u00f3 las parroquias de Roma. Tambi\u00e9n fue a hospitales y c\u00e1rceles. Incluso en ocasiones esquivaba a la Gendarmeria vaticana para salir solo o con uno de sus secretarios.<\/p>\n<p>UN NOMBRE \u00daNICO<br \/>\nJuan XXIII tuvo el coraje de tomar el nombre de un usurpador y transformarlo. Hubo un antipapa en el siglo XV que se llam\u00f3 Juan XXIII. El cardenal Roncalli no tuvo miedo de usar el nombre que hab\u00eda manipulado un impostor y que se evit\u00f3 durante 500 a\u00f1os.<\/p>\n<p>BUSC\u00d3 LA PAZ<br \/>\nFue testigo de dos guerras mundiales. Como resultado, dos reg\u00edmenes pol\u00edticos opuestos dividieron al mundo. Juan XXIII se dio cuenta de que era necesario tender puentes e intercambi\u00f3 cartas con mandatarios como Kruschew, el l\u00edder de la Uni\u00f3n Sovi\u00e9tica.<\/p>\n<p>MENSAJES PARA TODOS LOS HOMBRES<br \/>\nDirigi\u00f3 por primera vez una enc\u00edclica a &#8220;todos los hombres de buena voluntad\u201d no s\u00f3lo a los cat\u00f3licos. Fue &#8220;Pacem in terris\u201d, un vivo alegato contra la guerra en el que reivindicaba que el conflicto armado no pod\u00eda ser usado como un instrumento para buscar justicia.<\/p>\n<p>RENOV\u00d3 LA CURIA<br \/>\nA los pocos meses de ser designado Papa, Juan XXIII convoc\u00f3 un consistorio para la creaci\u00f3n de nuevos cardenales y m\u00e1s de la mitad eran no italianos. Rejuveneci\u00f3 la Curia y tambi\u00e9n cre\u00f3 por primera vez cardenales a un japon\u00e9s, un africano, un filipino y un venezolano.<\/p>\n<p>CONCILIO VATICANO II<br \/>\nSin duda, la mayor revoluci\u00f3n de Juan XXIII fue el Concilio Vaticano II. Una reuni\u00f3n de todos los obispos del mundo para estudiar la situaci\u00f3n de la Iglesia. Un Papa anciano, considerado de transici\u00f3n, fue capaz de llevar a cabo uno de los cambios m\u00e1s profundos en la Iglesia de nuestro tiempo.<\/p>\n<p>ECUMENISMO<br \/>\nPrecisamente al Concilio Vaticano II invit\u00f3, como observadores, a musulmanes, indios americanos y a miembros de todas las Iglesias cristianas. Trabaj\u00f3 por el di\u00e1logo entre los cristianos de todas las confesiones. Puso en marcha el primer organismo vaticano destinado a promover la unidad de los cristianos.<\/p>\n<p>Como sucedi\u00f3 con Juan Pablo II, miles de personas rindieron su \u00faltimo homenaje a Juan XXIII cuando falleci\u00f3. Y al igual que con el Papa Wojtyla tambi\u00e9n con el Papa Roncalli se enton\u00f3 el &#8220;santo s\u00fabito\u201d.<\/p>\n<p>Fuente: ROME REPORTS<\/p>\n<p>&nbsp;<\/p>\n<p>&nbsp;<\/p>\n<!-- AddThis Advanced Settings generic via filter on the_content --><!-- AddThis Share Buttons generic via filter on the_content -->","protected":false},"excerpt":{"rendered":"<p>Angelo Giuseppe Roncalli naci\u00f3 en Lombard\u00eda (Italia) el 25 de noviembre de 1881. Fue el cuarto hijo de un total de catorce del matrimonio formado [&hellip;]<!-- AddThis Advanced Settings generic via filter on get_the_excerpt --><!-- AddThis Share Buttons generic via filter on get_the_excerpt --><\/p>\n","protected":false},"author":2,"featured_media":10620,"comment_status":"open","ping_status":"open","sticky":false,"template":"","format":"standard","meta":{"footnotes":""},"categories":[166],"tags":[],"class_list":["post-10619","post","type-post","status-publish","format-standard","has-post-thumbnail","hentry","category-santoral"],"_links":{"self":[{"href":"https:\/\/obispadodezaratecampana.org\/index.php?rest_route=\/wp\/v2\/posts\/10619","targetHints":{"allow":["GET"]}}],"collection":[{"href":"https:\/\/obispadodezaratecampana.org\/index.php?rest_route=\/wp\/v2\/posts"}],"about":[{"href":"https:\/\/obispadodezaratecampana.org\/index.php?rest_route=\/wp\/v2\/types\/post"}],"author":[{"embeddable":true,"href":"https:\/\/obispadodezaratecampana.org\/index.php?rest_route=\/wp\/v2\/users\/2"}],"replies":[{"embeddable":true,"href":"https:\/\/obispadodezaratecampana.org\/index.php?rest_route=%2Fwp%2Fv2%2Fcomments&post=10619"}],"version-history":[{"count":1,"href":"https:\/\/obispadodezaratecampana.org\/index.php?rest_route=\/wp\/v2\/posts\/10619\/revisions"}],"predecessor-version":[{"id":10621,"href":"https:\/\/obispadodezaratecampana.org\/index.php?rest_route=\/wp\/v2\/posts\/10619\/revisions\/10621"}],"wp:featuredmedia":[{"embeddable":true,"href":"https:\/\/obispadodezaratecampana.org\/index.php?rest_route=\/wp\/v2\/media\/10620"}],"wp:attachment":[{"href":"https:\/\/obispadodezaratecampana.org\/index.php?rest_route=%2Fwp%2Fv2%2Fmedia&parent=10619"}],"wp:term":[{"taxonomy":"category","embeddable":true,"href":"https:\/\/obispadodezaratecampana.org\/index.php?rest_route=%2Fwp%2Fv2%2Fcategories&post=10619"},{"taxonomy":"post_tag","embeddable":true,"href":"https:\/\/obispadodezaratecampana.org\/index.php?rest_route=%2Fwp%2Fv2%2Ftags&post=10619"}],"curies":[{"name":"wp","href":"https:\/\/api.w.org\/{rel}","templated":true}]}}