{"id":10614,"date":"2015-10-10T19:09:00","date_gmt":"2015-10-10T22:09:00","guid":{"rendered":"http:\/\/obispadodezaratecampana.org\/?p=10614"},"modified":"2015-10-10T19:09:00","modified_gmt":"2015-10-10T22:09:00","slug":"10-de-octubre-resumen-de-la-semana-del-santo-padre","status":"publish","type":"post","link":"https:\/\/obispadodezaratecampana.org\/?p=10614","title":{"rendered":"10 de octubre: Resumen de la Semana del Santo Padre"},"content":{"rendered":"<p><strong>El Papa en la semana\u00a0<\/strong><\/p>\n<p>(RV).- El Santo Padre Francisco tuvo una apretada agenda de trabajo esta semana, de la que destacamos la audiencia general del mi\u00e9rcoles 7 de octubre, su intervenci\u00f3n durante la Primera Congregaci\u00f3n General del S\u00ednodo de los Obispos, el lunes 5 y el \u00c1ngelus dominical del d\u00eda 4 tras haber celebrado la Santa Misa de apertura del S\u00ednodo de los Obispos.<\/p>\n<p>Pueden escuchar el resumen en el siguiente enlace , formato de audio :<\/p>\n<p>h<a title=\"resumenpapa\" href=\"http:\/\/www.news.va\/es\/news\/ser-una-sociedad-familia-capaz-de-acoger\" target=\"_blank\">ttp:\/\/www.news.va\/es\/news\/ser-una-sociedad-familia-capaz-de-acoger<\/a><\/p>\n<p>Fuente: NEWS . VA<\/p>\n<p><img fetchpriority=\"high\" decoding=\"async\" class=\"size-medium wp-image-10615 aligncenter\" src=\"http:\/\/obispadodezaratecampana.org\/wp-content\/uploads\/2015\/10\/papa-300x191.jpg\" alt=\"papa\" width=\"300\" height=\"191\" srcset=\"https:\/\/obispadodezaratecampana.org\/wp-content\/uploads\/2015\/10\/papa-300x191.jpg 300w, https:\/\/obispadodezaratecampana.org\/wp-content\/uploads\/2015\/10\/papa.jpg 705w\" sizes=\"(max-width: 300px) 100vw, 300px\" \/><\/p>\n<!-- AddThis Advanced Settings generic via filter on the_content --><!-- AddThis Share Buttons generic via filter on the_content -->","protected":false},"excerpt":{"rendered":"<p>El Papa en la semana\u00a0 (RV).- El Santo Padre Francisco tuvo una apretada agenda de trabajo esta semana, de la que destacamos la audiencia general [&hellip;]<!-- AddThis Advanced Settings generic via filter on get_the_excerpt --><!-- AddThis Share Buttons generic via filter on get_the_excerpt --><\/p>\n","protected":false},"author":2,"featured_media":10615,"comment_status":"open","ping_status":"open","sticky":false,"template":"","format":"standard","meta":{"footnotes":""},"categories":[161],"tags":[],"class_list":["post-10614","post","type-post","status-publish","format-standard","has-post-thumbnail","hentry","category-el-papa-leonxiv"],"_links":{"self":[{"href":"https:\/\/obispadodezaratecampana.org\/index.php?rest_route=\/wp\/v2\/posts\/10614","targetHints":{"allow":["GET"]}}],"collection":[{"href":"https:\/\/obispadodezaratecampana.org\/index.php?rest_route=\/wp\/v2\/posts"}],"about":[{"href":"https:\/\/obispadodezaratecampana.org\/index.php?rest_route=\/wp\/v2\/types\/post"}],"author":[{"embeddable":true,"href":"https:\/\/obispadodezaratecampana.org\/index.php?rest_route=\/wp\/v2\/users\/2"}],"replies":[{"embeddable":true,"href":"https:\/\/obispadodezaratecampana.org\/index.php?rest_route=%2Fwp%2Fv2%2Fcomments&post=10614"}],"version-history":[{"count":1,"href":"https:\/\/obispadodezaratecampana.org\/index.php?rest_route=\/wp\/v2\/posts\/10614\/revisions"}],"predecessor-version":[{"id":10616,"href":"https:\/\/obispadodezaratecampana.org\/index.php?rest_route=\/wp\/v2\/posts\/10614\/revisions\/10616"}],"wp:featuredmedia":[{"embeddable":true,"href":"https:\/\/obispadodezaratecampana.org\/index.php?rest_route=\/wp\/v2\/media\/10615"}],"wp:attachment":[{"href":"https:\/\/obispadodezaratecampana.org\/index.php?rest_route=%2Fwp%2Fv2%2Fmedia&parent=10614"}],"wp:term":[{"taxonomy":"category","embeddable":true,"href":"https:\/\/obispadodezaratecampana.org\/index.php?rest_route=%2Fwp%2Fv2%2Fcategories&post=10614"},{"taxonomy":"post_tag","embeddable":true,"href":"https:\/\/obispadodezaratecampana.org\/index.php?rest_route=%2Fwp%2Fv2%2Ftags&post=10614"}],"curies":[{"name":"wp","href":"https:\/\/api.w.org\/{rel}","templated":true}]}}