{"id":10611,"date":"2015-10-10T18:37:55","date_gmt":"2015-10-10T21:37:55","guid":{"rendered":"http:\/\/obispadodezaratecampana.org\/?p=10611"},"modified":"2015-10-10T18:37:55","modified_gmt":"2015-10-10T21:37:55","slug":"david-el-bebe-de-tres-meses-protagonista-del-sinodo","status":"publish","type":"post","link":"https:\/\/obispadodezaratecampana.org\/?p=10611","title":{"rendered":"David : El beb\u00e9 de tres meses protagonista del S\u00ednodo"},"content":{"rendered":"<p>El Vaticano lo confirma. El participante m\u00e1s joven del S\u00ednodo, Davide, ha conquistado a toda la asamblea.<\/p>\n<p>VIDEO CON EL CONTENIDO DE ESTA NOTA:\u00a0<a title=\"david\" href=\"http:\/\/www.romereports.com\/2015\/10\/10\/davide-el-bebe-de-tres-meses-protagonista-del-sinodo\" target=\"_blank\">http:\/\/www.romereports.com\/2015\/10\/10\/davide-el-bebe-de-tres-meses-protagonista-del-sinodo<\/a><\/p>\n<p>P. MANUEL DORANTES<\/p>\n<p>Portavoz del Vaticano<\/p>\n<p>&#8220;Se ha convertido en la adoraci\u00f3n de los padres sinodales. Todos quieren foto con \u00e9l, etc\u00e9tera. Es el momento tierno del S\u00ednodo\u201d.<\/p>\n<p>Y aqu\u00ed est\u00e1 el culpable de toda esta ternura. Davide Paloni es el m\u00e1s peque\u00f1o de 12 hermanos. Ha venido con sus padres, Massimo y Patrizia que cuentan c\u00f3mo la asamblea, Francisco incluido, ha acogido al joven participante.<\/p>\n<p>PATRIZIA PALONI<br \/>\nAuditora, S\u00ednodo de la Familia (Italia)<\/p>\n<p>&#8220;Se ha alegrado, incluso, ha hecho una broma. Nos dijo: &#8220;\u00a1Pero \u00e9l no est\u00e1 en la lista de participantes! Ha dulcificado un poco el coraz\u00f3n de los cardenales y obispos que se acercaban y le daban su bendici\u00f3n. As\u00ed que espero que sea un ni\u00f1o santo\u201d.<\/p>\n<p>El matrimonio participa en el S\u00ednodo para exponer a la asamblea la belleza de la vida en familia. Se sienten especialmente agradecidos a Pablo VI por su enc\u00edclica Humanae Vitae, el punto de apoyo en el que han cimentado su paternidad.<\/p>\n<p>PATRIZIA PALONI<br \/>\nAuditora, S\u00ednodo de la Familia (Italia)<\/p>\n<p>&#8220;Estoy muy agradecida a Pablo VI. Era muy joven cuando me qued\u00e9 embarazada del tercer hijo, ten\u00eda 24 a\u00f1os, y me dec\u00edan: &#8220;Pero, para. Sois j\u00f3venes y hay que ser responsables\u201d. Ahora, veo la foto de mis hijos y pienso: &#8220;\u00bfCu\u00e1l de mis hijos no deber\u00eda haber existido?\u201d.<\/p>\n<p>Viven en Holanda desde hace 11 a\u00f1os como misioneros. Hablan de la necesidad de una formaci\u00f3n cristiana fuerte como la clave para afrontar las dificultades. Tambi\u00e9n del apoyo de otras personas.<\/p>\n<p>MASSIMO PALONI<br \/>\nAuditor, S\u00ednodo de la Familia (Italia)<\/p>\n<p>&#8220;En los momentos dif\u00edciles, para nosotros ha sido de enorme ayuda nuestra comunidad, que est\u00e1 compuesta por personas normales, como nosotros, y que nos ha apoyado y ayudado\u201d.<\/p>\n<p>La confianza en Dios es su secreto. Dicen que as\u00ed pudieron dejarlo todo para llevar el mensaje del Evangelio lejos de su casa. Y sobre todo, para formar una familia.<\/p>\n<p>PATRIZIA PALONI<br \/>\nAuditora, S\u00ednodo de la Familia (Italia)<\/p>\n<p>&#8220;La alegr\u00eda y la felicidad est\u00e1 en el donarse. Esta es nuestra experiencia\u201d.<\/p>\n<p>Piden al S\u00ednodo que busque f\u00f3rmulas para que las personas redescubran la belleza de la familia, la luz, dicen, que el mundo necesita y espera.<\/p>\n<p>Fuente: ROME REPORTS &#8211; 10 de octubre &#8211; 2015<\/p>\n<!-- AddThis Advanced Settings generic via filter on the_content --><!-- AddThis Share Buttons generic via filter on the_content -->","protected":false},"excerpt":{"rendered":"<p>El Vaticano lo confirma. El participante m\u00e1s joven del S\u00ednodo, Davide, ha conquistado a toda la asamblea. VIDEO CON EL CONTENIDO DE ESTA NOTA:\u00a0http:\/\/www.romereports.com\/2015\/10\/10\/davide-el-bebe-de-tres-meses-protagonista-del-sinodo P. [&hellip;]<!-- AddThis Advanced Settings generic via filter on get_the_excerpt --><!-- AddThis Share Buttons generic via filter on get_the_excerpt --><\/p>\n","protected":false},"author":2,"featured_media":10612,"comment_status":"open","ping_status":"open","sticky":false,"template":"","format":"standard","meta":{"footnotes":""},"categories":[161],"tags":[],"class_list":["post-10611","post","type-post","status-publish","format-standard","has-post-thumbnail","hentry","category-el-papa-leonxiv"],"_links":{"self":[{"href":"https:\/\/obispadodezaratecampana.org\/index.php?rest_route=\/wp\/v2\/posts\/10611","targetHints":{"allow":["GET"]}}],"collection":[{"href":"https:\/\/obispadodezaratecampana.org\/index.php?rest_route=\/wp\/v2\/posts"}],"about":[{"href":"https:\/\/obispadodezaratecampana.org\/index.php?rest_route=\/wp\/v2\/types\/post"}],"author":[{"embeddable":true,"href":"https:\/\/obispadodezaratecampana.org\/index.php?rest_route=\/wp\/v2\/users\/2"}],"replies":[{"embeddable":true,"href":"https:\/\/obispadodezaratecampana.org\/index.php?rest_route=%2Fwp%2Fv2%2Fcomments&post=10611"}],"version-history":[{"count":1,"href":"https:\/\/obispadodezaratecampana.org\/index.php?rest_route=\/wp\/v2\/posts\/10611\/revisions"}],"predecessor-version":[{"id":10613,"href":"https:\/\/obispadodezaratecampana.org\/index.php?rest_route=\/wp\/v2\/posts\/10611\/revisions\/10613"}],"wp:featuredmedia":[{"embeddable":true,"href":"https:\/\/obispadodezaratecampana.org\/index.php?rest_route=\/wp\/v2\/media\/10612"}],"wp:attachment":[{"href":"https:\/\/obispadodezaratecampana.org\/index.php?rest_route=%2Fwp%2Fv2%2Fmedia&parent=10611"}],"wp:term":[{"taxonomy":"category","embeddable":true,"href":"https:\/\/obispadodezaratecampana.org\/index.php?rest_route=%2Fwp%2Fv2%2Fcategories&post=10611"},{"taxonomy":"post_tag","embeddable":true,"href":"https:\/\/obispadodezaratecampana.org\/index.php?rest_route=%2Fwp%2Fv2%2Ftags&post=10611"}],"curies":[{"name":"wp","href":"https:\/\/api.w.org\/{rel}","templated":true}]}}