{"id":10592,"date":"2015-10-08T11:46:06","date_gmt":"2015-10-08T14:46:06","guid":{"rendered":"http:\/\/obispadodezaratecampana.org\/?p=10592"},"modified":"2015-10-08T15:30:43","modified_gmt":"2015-10-08T18:30:43","slug":"octubre-mes-de-las-misiones-en-elaboracion","status":"publish","type":"post","link":"https:\/\/obispadodezaratecampana.org\/?p=10592","title":{"rendered":"OCTUBRE : MES DE LAS MISIONES"},"content":{"rendered":"<p><strong>Octubre mes de las Misiones<\/strong><\/p>\n<p>La Iglesia Cat\u00f3lica vive el mes de octubre dedicado a despertar el Esp\u00edritu Misionero en los fieles<\/p>\n<p>Fuente: Misioneros de habla hispana<\/p>\n<p style=\"text-align: center;\"><em>Suelta de Rosario Misionero &#8211; de globos &#8211; \u00a0en la IX Misi\u00f3n Juvenil Diocesana &#8211; 2,3 y 4 de octubre &#8211; 2015<\/em><\/p>\n<p><img fetchpriority=\"high\" decoding=\"async\" class=\" wp-image-10594 aligncenter\" src=\"http:\/\/obispadodezaratecampana.org\/wp-content\/uploads\/2015\/10\/globos-300x250.jpg\" alt=\"globos\" width=\"345\" height=\"289\" srcset=\"https:\/\/obispadodezaratecampana.org\/wp-content\/uploads\/2015\/10\/globos-300x250.jpg 300w, https:\/\/obispadodezaratecampana.org\/wp-content\/uploads\/2015\/10\/globos.jpg 777w\" sizes=\"(max-width: 345px) 100vw, 345px\" \/><br \/>\nLa Iglesia Cat\u00f3lica vive el mes de octubre dedicado mundialmente a despertar el Esp\u00edritu Misionero en los fieles, con gestos de solidaridad hacia los 200,000 misioneros que entregan sus vidas por el anuncio del Evangelio en el mundo.<\/p>\n<p>Durante este mes, llamado &#8220;Mes de las Misiones&#8221; se intensifica la animaci\u00f3n misionera, uni\u00e9ndonos todos en oraci\u00f3n, el sacrificio y el aporte econ\u00f3mico a favor de las misiones, a fin de que el evangelio se proclame a todos los hombres.<\/p>\n<p>El domingo 18 de octubre de 2015 se celebr\u00e1 la Jornada Mundial de las Misiones &#8220;Domund&#8221; en todas las Iglesias locales, como fiesta de la catolicidad y de solidaridad universal. La colecta de este d\u00eda es destinada al fondo universal para las misiones m\u00e1s necesitadas.<\/p>\n<p>Juan Pablo II en el N\u00ba 72 de la Redemptoris Missio, mencio\u00f3 a los &#8220;movimientos eclesiales dotados de dinamismo misionero&#8221; que, &#8220;cuando se integran con humildad en la vida de las iglesias locales y son acogidos cordialmente por los Obispos y sacerdotes en las estructuras diocesanas y parroquiales, representan un verdadero don de Dios para la nueva evangelizaci\u00f3n y para la actividad misionera propiamente dicha&#8221;.<\/p>\n<p>Querid\u00edsimos hermanos y hermanas:<\/p>\n<p>El compromiso misionero de la Iglesia constituye, tambi\u00e9n en este comienzo del tercer milenio, una urgencia que en varias ocasiones he querido recordar. La misi\u00f3n, como he recordado en la Enc\u00edclica Redemptoris Missio, est\u00e1 a\u00fan lejos de cumplirse y por eso debemos comprometernos con todas nuestras energ\u00edas en su servicio (cfr. n.1). Todo el Pueblo de Dios, en cada momento de su peregrinar en la historia, est\u00e1 llamado a compartir la &#8220;sed&#8221; del Redentor (cfr Jn 19, 28). Los santos han advertido siempre con mucha fuerza esta sed de almas que hay que salvar: baste pensar, por ejemplo, a santa Teresa de Lisieux, patrona de las misiones, y a monse\u00f1or Comboni, gran ap\u00f3stol de \u00c1frica, que he tenido la alegr\u00eda de elevar recientemente al honor de los altares.<\/p>\n<p>Consagrados y enviados para la misi\u00f3n<\/p>\n<p>Todos nosotros, miembros de la Iglesia e impulsados por el mismo Esp\u00edritu, somos consagrados, aunque de diverso modo, para ser enviados: por el bautismo se nos conf\u00eda la misma misi\u00f3n de la Iglesia. A todos se nos llama y todos estamos obligados a evangelizar, y esta misi\u00f3n fontal, com\u00fan a todos los cristianos, ha de constituir un verdadero &#8220;acicate&#8221; cotidiano y una solicitud constante de nuestra vida.<\/p>\n<p>Es muy bello y estimulante recordar la vida de las comunidades de los primeros cristianos, cuando \u00e9stos se abr\u00edan al mundo, al que por vez primera miraban con ojos nuevos: era la mirada de quien ha comprendido que el amor de Dios se debe traducir en servicio por el bien de los hermanos. El recuerdo de su experiencia de vida me induce a reafirmar la idea central de la reciente enc\u00edclica: &#8220;La misi\u00f3n renueva la Iglesia, refuerza la fe y la identidad cristiana, da nuevo entusiasmo y nuevas motivaciones. \u00a1La fe se fortalece d\u00e1ndola!&#8221;(n. 2). S\u00ed, la misi\u00f3n nos ofrece la extraordinaria oportunidad de rejuvenecer y embellecer a la Esposa de Cristo y, al mismo tiempo, nos hace experimentar una fe que renueva y fortalece la vida cristiana, precisamente porque se dona.<\/p>\n<p>Pero la fe que renueva la vida y la misi\u00f3n que fortalece la fe no pueden ser tesoros escondidos o experiencias exclusivas de cristianos aislados. Nada est\u00e1 tan lejos de la misi\u00f3n como un cristiano encerrado en s\u00ed mismo: si su fe es s\u00f3lida, est\u00e1 destinada a crecer y debe abrirse a la misi\u00f3n.<\/p>\n<p>El primer \u00e1mbito de desarrollo del binomio fe-misi\u00f3n es la comunidad familiar. En una \u00e9poca en la que parece que todo concurre a disgregar esta c\u00e9lula primaria de la sociedad, es necesario esforzarse para que sea, o vuelva a ser, la primera comunidad de fe, no s\u00f3lo en el sentido de la adquisici\u00f3n, sino tambi\u00e9n del crecimiento, de la donaci\u00f3n y, por tanto, de la misi\u00f3n. Es hora de que los padres de familia y los c\u00f3nyuges asuman como deber esencial de su estado y vocaci\u00f3n evangelizar a sus hijos y evangelizarse rec\u00edprocamente, de modo que todos los miembros de la familia y en toda circunstancia -especialmente en las pruebas del sufrimiento, la enfermedad y la vejez- puedan realmente recibir la Buena Nueva. Se trata de una forma insustituible de educaci\u00f3n a la misi\u00f3n y de preparaci\u00f3n natural de las posibles vocaciones misioneras, que casi siempre encuentran su cuna en la familia.<\/p>\n<p>Otro \u00e1mbito, asimismo importante, es la comunidad parroquial, o la comunidad eclesial de base, la cual, mediante el servicio de sus pastores y animadores, debe ofrecer a los fieles el alimento de la fe e ir en busca de los alejados y extra\u00f1os, realizando as\u00ed la misi\u00f3n. Ninguna comunidad cristiana es fiel a su cometido si no es misiones: o es comunidad misionera o no es ni siquiera comunidad cristiana, pues se trata de dos dimensiones de la misma realidad, tal como es definida por el bautismo y los otros sacramentos. Adem\u00e1s, este empe\u00f1o misionero de cada comunidad reviste la m\u00e1xima urgencia hoy que la misi\u00f3n, entendida incluso en el sentido espec\u00edfico de primer anuncio del Evangelio a los no-cristianos, est\u00e1 llamando a las puertas de las comunidades cristianas de antigua evangelizaci\u00f3n y se presenta cada vez m\u00e1s como &#8220;misi\u00f3n entre nosotros&#8221;.<\/p>\n<p>Motivo de esperanza, para responder a las nuevas exigencias de la misi\u00f3n actual, son asimismo los Movimientos y grupos eclesiales, que el Se\u00f1or suscita en la Iglesia para que su servicio misionero sea m\u00e1s generoso, oportuno y eficaz.<\/p>\n<p>C\u00f3mo cooperar en la actividad misionera de la Iglesia.<\/p>\n<p>Si todos los miembros de la Iglesia son consagrados para la misi\u00f3n, todos son corresponsables de llevar a Cristo al mundo con la propia aportaci\u00f3n personal. La participaci\u00f3n en este derecho-deber se llama &#8220;cooperaci\u00f3n misionera&#8221; y se enraiza necesariamente en la santidad de vida: s\u00f3lo injertados en Cristo, como los sarmientos en la vid (cf. Jn 15, 5), daremos mucho fruto. El cristiano que vive su fe y observa el mandamiento del amor dilata los horizontes de su actuaci\u00f3n hasta abarcar a todos los hombres mediante la cooperaci\u00f3n espiritual, hecha oraci\u00f3n, sacrificio y testimonio, que permiti\u00f3 proclamar co-patrona de las misiones a santa Teresa del Ni\u00f1o Jes\u00fas, aunque nunca fue enviada a la misi\u00f3n.<\/p>\n<p>La oraci\u00f3n debe acompa\u00f1ar el camino y la obra de los misioneros para que la gracia divina haga fecundo el anuncio de la Palabra. El sacrificio, aceptado con fe y sufrido con Cristo, tiene valor salv\u00edfico. Si el sacrificio de los misioneros debe ser compartido y sostenido por el de los fieles, entonces todo el que sufre en el esp\u00edritu y en el cuerpo puede llegar a ser misionero, si ofrece con Jes\u00fas al Padre los propios sufrimientos. El testimonio de vida cristiana es una predicaci\u00f3n silenciosa, pero eficaz, de la palabra de Dios. Los hombres de hoy, aparentemente indiferentes a la b\u00fasqueda del Absoluto, experimentan en realidad su necesidad y se sienten atra\u00eddos e impresionados por los santos que lo revelan con su vida.<\/p>\n<p>La cooperaci\u00f3n espiritual en la obra misionera debe tender sobre todo a promover las vocaciones misioneras. Por eso, invito una vez m\u00e1s a los j\u00f3venes y a las j\u00f3venes de nuestro tiempo a decir &#8220;s\u00ed&#8221;, si el Se\u00f1or les llama a seguirlo con la vocaci\u00f3n misionera. No hay opci\u00f3n m\u00e1s radical y valiente que \u00e9sta: dejan todo para dedicarse a la salvaci\u00f3n de los hermanos que no han recibido el don inestimable de la fe en Cristo.<\/p>\n<p>La Jornada mundial de las misiones une a todos los hijos de la Iglesia, no s\u00f3lo en la oraci\u00f3n, sino tambi\u00e9n en el esfuerzo de solidaridad, compartiendo la ayuda y bienes materiales para la misi\u00f3n ad gentes. Tal esfuerzo responde al estado de necesidad que sufren tantas personas y poblaciones de la tierra. Se trata de hermanos y hermanas que, necesitados de todo, viven principalmente en los pa\u00edses identificados con el Sur del mundo y que coinciden con los territorios de misi\u00f3n. Los pastores y los misioneros necesitan, pues, medios ingentes, no s\u00f3lo para la obra de la evangelizaci\u00f3n -que es, ciertamente, primaria y onerosa-, sino tambi\u00e9n para salir al paso de las m\u00faltiples necesidades materiales y morales mediante las obras de promoci\u00f3n humana que acompa\u00f1an siempre a toda misi\u00f3n.<\/p>\n<p>Ojal\u00e1 que la celebraci\u00f3n de la Jornada mundial de las misiones sea un est\u00edmulo providencial para poner en marcha las estructuras de caridad y para que cada uno de los cristianos y sus comunidades den testimonio efectivo de la caridad. Se trata de &#8220;una cita importante en la vida de la Iglesia, porque ense\u00f1a c\u00f3mo se ha de dar: en la celebraci\u00f3n eucar\u00edstica, esto es, como ofrenda a Dios, y para todas las misiones del mundo&#8221; (Redemptoris missio, 81).<\/p>\n<p>La animaci\u00f3n de las Obras Misionales Pontificias.<\/p>\n<p>En la obra de animaci\u00f3n y cooperaci\u00f3n misionera, que ata\u00f1e a todos los hijos de la Iglesia, deseo reafirmar el cometido peculiar y la responsabilidad espec\u00edfica que incumben a las Obras Misionales Pontificias, como lo hice destacar ya en la citada enc\u00edclica (cf. n. 84).<\/p>\n<p>Las cuatro Obras -Propagaci\u00f3n de la fe, San Pedro Ap\u00f3stol, Infancia Misionera y Uni\u00f3n Misional- tienen como objetivo com\u00fan promover el esp\u00edritu misionero en el pueblo de Dios. Son la expresi\u00f3n de la universalidad en las Iglesias locales.<\/p>\n<p>Deseo recordar especialmente la Uni\u00f3n Misional, que celebra su 75\u00ba aniversario de fundaci\u00f3n. Tiene el m\u00e9rito de realizar un esfuerzo continuo de sensibilizaci\u00f3n entre los sacerdotes, religiosos, religiosas y animadores de las comunidades cristianas, para que el ideal misionero se traduzca en formas adecuadas de pastoral y de catequesis misionera.<\/p>\n<p>Las Obras Misionales deben ser las primeras en llevar a la pr\u00e1ctica cuanto afirm\u00e9 en la enc\u00edclica: &#8220;Las Iglesias locales, por consiguiente, han de incluir la animaci\u00f3n misionera como elemento primordial de su pastoral ordinaria en las parroquias, asociaciones y grupos, especialmente los juveniles&#8221; (n. 83). Las Obras Misionales han de ser protagonistas de este importante mandato en la animaci\u00f3n, formaci\u00f3n misionera y organizaci\u00f3n de la caridad para la ayuda a las misiones.<\/p>\n<p>Pero, una vez recordada la funci\u00f3n de estas Obras y el empe\u00f1o permanente en favor de la misi\u00f3n, no puedo terminar esta exhortaci\u00f3n sin hacer llegar expresamente a los misioneros y misioneras -sacerdotes, religiosos y laicos esparcidos por el mundo- una expresi\u00f3n de afectuoso agradecimiento y est\u00edmulo, para que perseveren con confianza en su actividad evangelizadora, aun cuando llevarla a cabo pueda costar y cueste los mayores sacrificios, incluso el de la vida.<\/p>\n<p><em>Querid\u00edsimos misioneros y misioneras: mi pensamiento y afecto os acompa\u00f1an siempre, junto con la gratitud de toda la Iglesia. Sois la esperanza viva de la Iglesia, como testigos y art\u00edfices de su misi\u00f3n universal en el acto mismo que se realiza, y tambi\u00e9n el signo cre\u00edble y visible del amor de Dios, que a todos nos ha llamado, consagrado y enviado, pero que a vosotros os ha dado un mandato especial: el don singular de la vocaci\u00f3n ad gentes. Vosotros llev\u00e1is a Cristo al mundo; y, en su nombre, como Vicario suyo, os bendigo y os llevo en el coraz\u00f3n. Con vosotros, bendigo a todos aquellos que con amor y generosidad participan en vuestro apostolado de evangelizaci\u00f3n y de promoci\u00f3n integral del hombre.<\/em><\/p>\n<p><em>Misioneros, que Mar\u00eda, Reina de los Ap\u00f3stoles, gu\u00ede y acompa\u00f1e vuestros pasos y los de todos aquellos que, de cualquier forma, cooperan en la misi\u00f3n universal de la Iglesia.<\/em><\/p>\n<p><em>Mensaje del Santo Padre Francisco para la Jornada mundial de las Misiones 2015:\u00a0<\/em><\/p>\n<p><a title=\"rosario\" href=\"https:\/\/w2.vatican.va\/content\/francesco\/es\/messages\/missions\/documents\/papa-francesco_20150524_giornata-missionaria2015.html\" target=\"_blank\">https:\/\/w2.vatican.va\/content\/francesco\/es\/messages\/missions\/documents\/papa-francesco_20150524_giornata-missionaria2015.html<\/a><\/p>\n<p><a title=\"rosario\" href=\"https:\/\/w2.vatican.va\/content\/francesco\/es\/messages\/missions\/documents\/papa-francesco_20150524_giornata-missionaria2015.html\" target=\"_blank\">\u00a0<\/a><\/p>\n<p>&nbsp;<\/p>\n<!-- AddThis Advanced Settings generic via filter on the_content --><!-- AddThis Share Buttons generic via filter on the_content -->","protected":false},"excerpt":{"rendered":"<p>Octubre mes de las Misiones La Iglesia Cat\u00f3lica vive el mes de octubre dedicado a despertar el Esp\u00edritu Misionero en los fieles Fuente: Misioneros de [&hellip;]<!-- AddThis Advanced Settings generic via filter on get_the_excerpt --><!-- AddThis Share Buttons generic via filter on get_the_excerpt --><\/p>\n","protected":false},"author":2,"featured_media":10594,"comment_status":"open","ping_status":"open","sticky":false,"template":"","format":"standard","meta":{"footnotes":""},"categories":[5],"tags":[],"class_list":["post-10592","post","type-post","status-publish","format-standard","has-post-thumbnail","hentry","category-generales"],"_links":{"self":[{"href":"https:\/\/obispadodezaratecampana.org\/index.php?rest_route=\/wp\/v2\/posts\/10592","targetHints":{"allow":["GET"]}}],"collection":[{"href":"https:\/\/obispadodezaratecampana.org\/index.php?rest_route=\/wp\/v2\/posts"}],"about":[{"href":"https:\/\/obispadodezaratecampana.org\/index.php?rest_route=\/wp\/v2\/types\/post"}],"author":[{"embeddable":true,"href":"https:\/\/obispadodezaratecampana.org\/index.php?rest_route=\/wp\/v2\/users\/2"}],"replies":[{"embeddable":true,"href":"https:\/\/obispadodezaratecampana.org\/index.php?rest_route=%2Fwp%2Fv2%2Fcomments&post=10592"}],"version-history":[{"count":4,"href":"https:\/\/obispadodezaratecampana.org\/index.php?rest_route=\/wp\/v2\/posts\/10592\/revisions"}],"predecessor-version":[{"id":10598,"href":"https:\/\/obispadodezaratecampana.org\/index.php?rest_route=\/wp\/v2\/posts\/10592\/revisions\/10598"}],"wp:featuredmedia":[{"embeddable":true,"href":"https:\/\/obispadodezaratecampana.org\/index.php?rest_route=\/wp\/v2\/media\/10594"}],"wp:attachment":[{"href":"https:\/\/obispadodezaratecampana.org\/index.php?rest_route=%2Fwp%2Fv2%2Fmedia&parent=10592"}],"wp:term":[{"taxonomy":"category","embeddable":true,"href":"https:\/\/obispadodezaratecampana.org\/index.php?rest_route=%2Fwp%2Fv2%2Fcategories&post=10592"},{"taxonomy":"post_tag","embeddable":true,"href":"https:\/\/obispadodezaratecampana.org\/index.php?rest_route=%2Fwp%2Fv2%2Ftags&post=10592"}],"curies":[{"name":"wp","href":"https:\/\/api.w.org\/{rel}","templated":true}]}}