{"id":10541,"date":"2015-10-06T09:49:56","date_gmt":"2015-10-06T12:49:56","guid":{"rendered":"http:\/\/obispadodezaratecampana.org\/?p=10541"},"modified":"2015-10-23T08:34:45","modified_gmt":"2015-10-23T11:34:45","slug":"ix-mision-juvenil-diocesana-en-baradero-23-y-4-de-octubre","status":"publish","type":"post","link":"https:\/\/obispadodezaratecampana.org\/?p=10541","title":{"rendered":"IX MISION JUVENIL DIOCESANA EN BARADERO &#8211;  2, 3 Y 4 de octubre &#8211;"},"content":{"rendered":"<p style=\"text-align: justify;\"><span style=\"color: #800000;\">Durante los d\u00edas 2,3 y 4 de octubre se llevo cabo la 9\u00b0 edici\u00f3n de la Misi\u00f3n Juvenil Diocesana de nuestra di\u00f3cesis de Z\u00e1rate-Campana. En esta ocasi\u00f3n tuvo lugar en el partido de Baradero, y su organizaci\u00f3n estuvo a cargo de la Delegaci\u00f3n diocesana de Pastoral Juvenil y Vocacional &#8211; la cual es presidida actualmente por el padre Agust\u00edn Villa-.\u00a0<\/span><\/p>\n<p style=\"text-align: justify;\"><span style=\"color: #800000;\">En un clima de oraci\u00f3n y alegr\u00eda en el Se\u00f1or, los j\u00f3venes estuvieron visitando diversas instituciones , asi como\u00a0tambi\u00e9n\u00a0los\u00a0hogares de vecinos de la ciudad. \u00a0Sacerdotes, seminaristas y religiosas acompa\u00f1aron a los chicos en este gesto misionero.<\/span><\/p>\n<p style=\"text-align: justify;\"><span style=\"color: #800000;\">La misa presidida por el Obispo, cerr\u00f3 el triduo misionero. En ella cuatro seminaristas del Seminario Diocesano San Pedro y San Pablo, recibieron el ministerio del Acolitado: Nicolas Amendolara, Martin Gallo, Miguel Angel Giraldo y Ramiro Garc\u00eda. \u00a0<\/span><\/p>\n<p style=\"text-align: justify;\"><span style=\"color: #800000;\">Compartimos im\u00e1genes y mas detalles de lo acontecido&#8230;&#8230;.<\/span><\/p>\n<p style=\"text-align: justify;\"><span style=\"color: #993300;\"><strong>VIDEO : LA MISI\u00d3N DIOCESANA EN UN MINUTO &#8211; Excelente compilado &#8211;\u00a0<\/strong><\/span><\/p>\n<p><iframe src=\"https:\/\/www.youtube.com\/embed\/hCZ1g4Z3b40\" width=\"560\" height=\"315\" frameborder=\"0\" allowfullscreen=\"allowfullscreen\"><\/iframe><\/p>\n<p style=\"text-align: center;\"><strong><span style=\"color: #800000;\">DOMINGO 4 DE OCTUBRE: SELFIE DE LOS MISIONEROS &#8211; IX MISION JUVENIL DIOCESANA<\/span><\/strong><\/p>\n<p style=\"text-align: center;\"><span style=\"color: #800000;\"> &#8211; PLAZA COL\u00d3N &#8211; BARADERO-\u00a0<\/span><\/p>\n<p style=\"text-align: center;\"><img fetchpriority=\"high\" decoding=\"async\" class=\" wp-image-10542 aligncenter\" src=\"http:\/\/obispadodezaratecampana.org\/wp-content\/uploads\/2015\/10\/mision-300x225.jpg\" alt=\"mision\" width=\"566\" height=\"441\" \/><\/p>\n<p style=\"text-align: center;\"><img decoding=\"async\" class=\"alignnone  wp-image-10546\" src=\"http:\/\/obispadodezaratecampana.org\/wp-content\/uploads\/2015\/10\/misione-300x199.jpg\" alt=\"misione\" width=\"506\" height=\"337\" srcset=\"https:\/\/obispadodezaratecampana.org\/wp-content\/uploads\/2015\/10\/misione-300x199.jpg 300w, https:\/\/obispadodezaratecampana.org\/wp-content\/uploads\/2015\/10\/misione-1024x682.jpg 1024w, https:\/\/obispadodezaratecampana.org\/wp-content\/uploads\/2015\/10\/misione.jpg 2048w\" sizes=\"(max-width: 506px) 100vw, 506px\" \/><\/p>\n<p style=\"text-align: center;\"><span style=\"color: #800000;\">Procesi\u00f3n por las calles del Baradero con las im\u00e1genes de la Virgen de Luj\u00e1n y Santiago Ap\u00f3stol<\/span><\/p>\n<p style=\"text-align: center;\"><a href=\"http:\/\/obispadodezaratecampana.org\/wp-content\/uploads\/2015\/10\/misionb.jpg\"><img decoding=\"async\" class=\"alignnone  wp-image-10543\" src=\"http:\/\/obispadodezaratecampana.org\/wp-content\/uploads\/2015\/10\/misionb-300x232.jpg\" alt=\"misionb\" width=\"548\" height=\"393\" \/><\/a><\/p>\n<p style=\"text-align: center;\"><strong><span style=\"color: #800000;\">Recital de Maxi Larghi<\/span><\/strong><\/p>\n<p style=\"text-align: center;\"><a href=\"http:\/\/obispadodezaratecampana.org\/wp-content\/uploads\/2015\/10\/misionc.jpg\"><img loading=\"lazy\" decoding=\"async\" class=\"alignnone  wp-image-10544\" src=\"http:\/\/obispadodezaratecampana.org\/wp-content\/uploads\/2015\/10\/misionc-300x199.jpg\" alt=\"misionc\" width=\"573\" height=\"433\" \/><\/a><\/p>\n<p style=\"text-align: left;\"><span style=\"color: #993300;\"><strong>CANCI\u00d3N SAL Y LUZ &#8211; Fragmento en video &#8211;\u00a0<\/strong><\/span><\/p>\n<p style=\"text-align: left;\"><a title=\"mision\" href=\"https:\/\/www.youtube.com\/watch?v=tut5U1kC9dM&amp;feature=player_embedded\" target=\"_blank\">https:\/\/www.youtube.com\/watch?v=tut5U1kC9dM&amp;feature=player_embedded<\/a><\/p>\n<p style=\"text-align: center;\"><a href=\"http:\/\/obispadodezaratecampana.org\/wp-content\/uploads\/2015\/10\/misiond.jpg\"><img loading=\"lazy\" decoding=\"async\" class=\"alignnone  wp-image-10545\" src=\"http:\/\/obispadodezaratecampana.org\/wp-content\/uploads\/2015\/10\/misiond-300x199.jpg\" alt=\"misiond\" width=\"622\" height=\"413\" srcset=\"https:\/\/obispadodezaratecampana.org\/wp-content\/uploads\/2015\/10\/misiond-300x199.jpg 300w, https:\/\/obispadodezaratecampana.org\/wp-content\/uploads\/2015\/10\/misiond-1024x682.jpg 1024w\" sizes=\"(max-width: 622px) 100vw, 622px\" \/><\/a><\/p>\n<p style=\"text-align: center;\"><span style=\"color: #800000;\">Merienda y Misa en la tarde del s\u00e1bado 3 de octubre &#8211; Parroquia Ntra. Sra de Luj\u00e1n<\/span><\/p>\n<p style=\"text-align: center;\">\u00a0\u00a0<a href=\"http:\/\/obispadodezaratecampana.org\/wp-content\/uploads\/2015\/10\/misionh.jpg\"><img loading=\"lazy\" decoding=\"async\" class=\"alignnone size-medium wp-image-10549\" src=\"http:\/\/obispadodezaratecampana.org\/wp-content\/uploads\/2015\/10\/misionh-300x200.jpg\" alt=\"misionh\" width=\"300\" height=\"200\" srcset=\"https:\/\/obispadodezaratecampana.org\/wp-content\/uploads\/2015\/10\/misionh-300x200.jpg 300w, https:\/\/obispadodezaratecampana.org\/wp-content\/uploads\/2015\/10\/misionh-1024x682.jpg 1024w, https:\/\/obispadodezaratecampana.org\/wp-content\/uploads\/2015\/10\/misionh.jpg 1152w\" sizes=\"(max-width: 300px) 100vw, 300px\" \/><\/a> <a href=\"http:\/\/obispadodezaratecampana.org\/wp-content\/uploads\/2015\/10\/misioni.jpg\"><img loading=\"lazy\" decoding=\"async\" class=\"alignnone size-medium wp-image-10550\" src=\"http:\/\/obispadodezaratecampana.org\/wp-content\/uploads\/2015\/10\/misioni-300x200.jpg\" alt=\"misioni\" width=\"300\" height=\"200\" srcset=\"https:\/\/obispadodezaratecampana.org\/wp-content\/uploads\/2015\/10\/misioni-300x200.jpg 300w, https:\/\/obispadodezaratecampana.org\/wp-content\/uploads\/2015\/10\/misioni-1024x682.jpg 1024w, https:\/\/obispadodezaratecampana.org\/wp-content\/uploads\/2015\/10\/misioni.jpg 1152w\" sizes=\"(max-width: 300px) 100vw, 300px\" \/><\/a> <a href=\"http:\/\/obispadodezaratecampana.org\/wp-content\/uploads\/2015\/10\/misionj.jpg\"><img loading=\"lazy\" decoding=\"async\" class=\"alignnone size-medium wp-image-10551\" src=\"http:\/\/obispadodezaratecampana.org\/wp-content\/uploads\/2015\/10\/misionj-300x200.jpg\" alt=\"misionj\" width=\"300\" height=\"200\" srcset=\"https:\/\/obispadodezaratecampana.org\/wp-content\/uploads\/2015\/10\/misionj-300x200.jpg 300w, https:\/\/obispadodezaratecampana.org\/wp-content\/uploads\/2015\/10\/misionj-1024x682.jpg 1024w, https:\/\/obispadodezaratecampana.org\/wp-content\/uploads\/2015\/10\/misionj.jpg 1152w\" sizes=\"(max-width: 300px) 100vw, 300px\" \/><\/a> <a href=\"http:\/\/obispadodezaratecampana.org\/wp-content\/uploads\/2015\/10\/misionk.jpg\"><img loading=\"lazy\" decoding=\"async\" class=\"alignnone size-medium wp-image-10552\" src=\"http:\/\/obispadodezaratecampana.org\/wp-content\/uploads\/2015\/10\/misionk-300x200.jpg\" alt=\"misionk\" width=\"300\" height=\"200\" srcset=\"https:\/\/obispadodezaratecampana.org\/wp-content\/uploads\/2015\/10\/misionk-300x200.jpg 300w, https:\/\/obispadodezaratecampana.org\/wp-content\/uploads\/2015\/10\/misionk-1024x682.jpg 1024w, https:\/\/obispadodezaratecampana.org\/wp-content\/uploads\/2015\/10\/misionk.jpg 1152w\" sizes=\"(max-width: 300px) 100vw, 300px\" \/><\/a>\u00a0\u00a0<a href=\"http:\/\/obispadodezaratecampana.org\/wp-content\/uploads\/2015\/10\/misionkp.jpg\"><img loading=\"lazy\" decoding=\"async\" class=\"alignnone  wp-image-10554\" src=\"http:\/\/obispadodezaratecampana.org\/wp-content\/uploads\/2015\/10\/misionkp-300x200.jpg\" alt=\"misionkp\" width=\"542\" height=\"361\" srcset=\"https:\/\/obispadodezaratecampana.org\/wp-content\/uploads\/2015\/10\/misionkp-300x200.jpg 300w, https:\/\/obispadodezaratecampana.org\/wp-content\/uploads\/2015\/10\/misionkp-1024x682.jpg 1024w, https:\/\/obispadodezaratecampana.org\/wp-content\/uploads\/2015\/10\/misionkp.jpg 1152w\" sizes=\"(max-width: 542px) 100vw, 542px\" \/><\/a><\/p>\n<p style=\"text-align: center;\"><a href=\"http:\/\/obispadodezaratecampana.org\/wp-content\/uploads\/2015\/10\/misionlu.jpg\"><img loading=\"lazy\" decoding=\"async\" class=\"alignnone  wp-image-10559\" src=\"http:\/\/obispadodezaratecampana.org\/wp-content\/uploads\/2015\/10\/misionlu-300x219.jpg\" alt=\"misionlu\" width=\"492\" height=\"375\" \/><\/a><\/p>\n<p style=\"text-align: center;\"><strong><span style=\"color: #993300;\">C\u00e1lidas palabras de agradecimiento del Sr. Intendente Aldo Carossi a los misioneros<\/span><\/strong><\/p>\n<p style=\"text-align: center;\"><span style=\"color: #993300;\">s\u00e1bado 3 de octubre &#8211; frente a la Parroquia Santiago Ap\u00f3stol<\/span><\/p>\n<p style=\"text-align: center;\"><img loading=\"lazy\" decoding=\"async\" class=\"alignnone  wp-image-10584\" src=\"http:\/\/obispadodezaratecampana.org\/wp-content\/uploads\/2015\/10\/DSC_0172-300x200.jpg\" alt=\"DSC_0172\" width=\"498\" height=\"345\" \/><\/p>\n<p style=\"text-align: center;\"><strong><span style=\"color: #993300;\">Con\u00a0MAR\u00cdA\u00a0de LUJAN &#8220;ESCUCHA- APRENDE Y ANUNCIA&#8221; Canci\u00f3n oficial \u00a0de la Peregrinaci\u00f3n a Luj\u00e1n 2015<\/span><\/strong><\/p>\n<p style=\"text-align: center;\"><span style=\"color: #993300;\">Fue interpretada durante la noche del s\u00e1bado, en el gimnasio del Colegio San Jose<\/span><\/p>\n<p style=\"text-align: center;\"><strong><span style=\"color: #993300;\">VIDEO CON FRAGMENTO DE LA CANCI\u00d3N:<\/span><\/strong>\u00a0<a title=\"LUJAN\" href=\"https:\/\/www.youtube.com\/watch?v=gWvs_rF-gFU\" target=\"_blank\">https:\/\/www.youtube.com\/watch?v=gWvs_rF-gFU<\/a><\/p>\n<p style=\"text-align: center;\"><img loading=\"lazy\" decoding=\"async\" class=\"alignnone  wp-image-10586\" src=\"http:\/\/obispadodezaratecampana.org\/wp-content\/uploads\/2015\/10\/DSC_0213-300x200.jpg\" alt=\"DSC_0213\" width=\"555\" height=\"343\" \/><\/p>\n<p style=\"text-align: center;\"><img loading=\"lazy\" decoding=\"async\" class=\"alignnone  wp-image-10588\" src=\"http:\/\/obispadodezaratecampana.org\/wp-content\/uploads\/2015\/10\/DSC_0215-300x200.jpg\" alt=\"DSC_0215\" width=\"497\" height=\"331\" srcset=\"https:\/\/obispadodezaratecampana.org\/wp-content\/uploads\/2015\/10\/DSC_0215-300x200.jpg 300w, https:\/\/obispadodezaratecampana.org\/wp-content\/uploads\/2015\/10\/DSC_0215-1024x682.jpg 1024w\" sizes=\"(max-width: 497px) 100vw, 497px\" \/><\/p>\n<p style=\"text-align: center;\"><strong><span style=\"color: #993300;\">MISA DE CIERRE DE LA MISI\u00d3N JUVENIL &#8211; DOMINGO 4 DE OCTUBRE &#8211; <\/span><\/strong><\/p>\n<p style=\"text-align: center;\"><strong><span style=\"color: #993300;\">PARROQUIA SANTIAGO APOSTOL<\/span><\/strong><\/p>\n<p style=\"text-align: center;\"><span style=\"color: #993300;\">Instituci\u00f3n del Ministerio del Acolitado a seminaristas<\/span><\/p>\n<p style=\"text-align: center;\"><img loading=\"lazy\" decoding=\"async\" class=\"alignnone  wp-image-10548\" src=\"http:\/\/obispadodezaratecampana.org\/wp-content\/uploads\/2015\/10\/misiong-300x193.jpg\" alt=\"misiong\" width=\"564\" height=\"381\" \/><\/p>\n<p><strong><span style=\"color: #993300;\">\u00bfQu\u00e9 es el Ministerio del Acolitado?<\/span><\/strong><\/p>\n<p><span style=\"color: #993300;\">\u00a0El hombre que ha recibido de la Iglesia el ministerio de servir el altar y administrar la Eucarist\u00eda como ministro extraordinario.<\/span><br \/>\n<span style=\"color: #993300;\">\u00a0El ac\u00f3lito asiste al di\u00e1cono y al sacerdote al servicio del altar, y ayuda, cuando se le necesite, durante la celebraci\u00f3n de la Misa. A un ac\u00f3lito se le puede confiar con la exposici\u00f3n p\u00fablica del Sant\u00edsimo Sacramento para la adoraci\u00f3n, pero no puede dar la bendici\u00f3n.<\/span><br \/>\n<span style=\"color: #993300;\">\u00a0El ministerio del ac\u00f3lito es reservado para los hombres \u00fanicamente y es conferido por el obispo de la di\u00f3cesis o, en institutos religiosos clericales, por el superior mayor, de acuerdo a los ritos lit\u00fargicos hechos con este prop\u00f3sito por la Iglesia. Las mujeres podr\u00e1n ser delegadas para hacer algunas de las funciones de los ac\u00f3litos.<\/span><br \/>\n<span style=\"color: #993300;\">El acolitado es una de las \u00f3rdenes menores que se reciben camino al sacerdocio.<\/span><br \/>\n<span style=\"color: #993300;\">El monaguillo hace algunas de las funciones del ac\u00f3lito pero sin haber recibido esta orden menor.<\/span><br \/>\n<span style=\"color: #993300;\">&#8221; El ac\u00f3lito es instituido para el servicio del altar y para ayudar al sacerdote y al di\u00e1cono. Al \u00e9l compete principalmente preparar el altar y los vasos sagrados y, si fuere necesario, distribuir a los fieles la Eucarist\u00eda, de la cual es ministro extraordinario &#8221; Misal Romano<\/span><br \/>\n<span style=\"color: #993300;\">\u00a0En el ministerio del altar, el ac\u00f3lito tiene sus ministerios propios que \u00e9l mismo debe ejercer.<\/span><\/p>\n<p>&nbsp;<\/p>\n<p><img loading=\"lazy\" decoding=\"async\" class=\" wp-image-10580 aligncenter\" src=\"http:\/\/obispadodezaratecampana.org\/wp-content\/uploads\/2015\/10\/calize-300x225.jpg\" alt=\"calize\" width=\"455\" height=\"340\" srcset=\"https:\/\/obispadodezaratecampana.org\/wp-content\/uploads\/2015\/10\/calize-300x225.jpg 300w, https:\/\/obispadodezaratecampana.org\/wp-content\/uploads\/2015\/10\/calize.jpg 960w\" sizes=\"(max-width: 455px) 100vw, 455px\" \/><\/p>\n<p><img loading=\"lazy\" decoding=\"async\" class=\" wp-image-10576 alignleft\" src=\"http:\/\/obispadodezaratecampana.org\/wp-content\/uploads\/2015\/10\/caliz-202x300.jpg\" alt=\"caliz\" width=\"311\" height=\"300\" \/> \u00a0\u00a0<img loading=\"lazy\" decoding=\"async\" class=\"alignnone  wp-image-10578\" src=\"http:\/\/obispadodezaratecampana.org\/wp-content\/uploads\/2015\/10\/calizc-255x300.jpg\" alt=\"calizc\" width=\"320\" height=\"300\" \/><\/p>\n<p><img loading=\"lazy\" decoding=\"async\" class=\"alignnone  wp-image-10577\" src=\"http:\/\/obispadodezaratecampana.org\/wp-content\/uploads\/2015\/10\/calizb-249x300.jpg\" alt=\"calizb\" width=\"313\" height=\"322\" \/>\u00a0 \u00a0 \u00a0<img loading=\"lazy\" decoding=\"async\" class=\"alignnone  wp-image-10579\" src=\"http:\/\/obispadodezaratecampana.org\/wp-content\/uploads\/2015\/10\/calizd-242x300.jpg\" alt=\"calizd\" width=\"321\" height=\"325\" \/><\/p>\n<p style=\"text-align: center;\"><span style=\"color: #993300;\">Autoridades Municipales haciendo entrega a nuestro Obispo de recordatorio por la Misi\u00f3n Juvenil en el marco del cumplimiento de 400 a\u00f1os de partido de Baradero<\/span><\/p>\n<p><img loading=\"lazy\" decoding=\"async\" class=\"wp-image-10581 aligncenter\" src=\"http:\/\/obispadodezaratecampana.org\/wp-content\/uploads\/2015\/10\/misa-300x209.jpg\" alt=\"misa\" width=\"505\" height=\"336\" \/><\/p>\n<p><img loading=\"lazy\" decoding=\"async\" class=\" wp-image-10583 aligncenter\" src=\"http:\/\/obispadodezaratecampana.org\/wp-content\/uploads\/2015\/10\/misac-300x200.jpg\" alt=\"misac\" width=\"411\" height=\"274\" srcset=\"https:\/\/obispadodezaratecampana.org\/wp-content\/uploads\/2015\/10\/misac-300x200.jpg 300w, https:\/\/obispadodezaratecampana.org\/wp-content\/uploads\/2015\/10\/misac.jpg 783w\" sizes=\"(max-width: 411px) 100vw, 411px\" \/><\/p>\n<p style=\"text-align: center;\"><strong><span style=\"color: #993300;\">Entrega de la Luz de la Paz \u00a0tra\u00edda por los scouts a j\u00f3venes de los 5 decanatos<\/span><\/strong><\/p>\n<p><img loading=\"lazy\" decoding=\"async\" class=\" wp-image-10582 aligncenter\" src=\"http:\/\/obispadodezaratecampana.org\/wp-content\/uploads\/2015\/10\/misab-300x200.jpg\" alt=\"misab\" width=\"507\" height=\"350\" \/><\/p>\n<p>&nbsp;<\/p>\n<p>&nbsp;<\/p>\n<!-- AddThis Advanced Settings generic via filter on the_content --><!-- AddThis Share Buttons generic via filter on the_content -->","protected":false},"excerpt":{"rendered":"<p>Durante los d\u00edas 2,3 y 4 de octubre se llevo cabo la 9\u00b0 edici\u00f3n de la Misi\u00f3n Juvenil Diocesana de nuestra di\u00f3cesis de Z\u00e1rate-Campana. En [&hellip;]<!-- AddThis Advanced Settings generic via filter on get_the_excerpt --><!-- AddThis Share Buttons generic via filter on get_the_excerpt --><\/p>\n","protected":false},"author":2,"featured_media":0,"comment_status":"open","ping_status":"open","sticky":false,"template":"","format":"standard","meta":{"footnotes":""},"categories":[1],"tags":[],"class_list":["post-10541","post","type-post","status-publish","format-standard","hentry","category-noticiasdiocesanas"],"_links":{"self":[{"href":"https:\/\/obispadodezaratecampana.org\/index.php?rest_route=\/wp\/v2\/posts\/10541","targetHints":{"allow":["GET"]}}],"collection":[{"href":"https:\/\/obispadodezaratecampana.org\/index.php?rest_route=\/wp\/v2\/posts"}],"about":[{"href":"https:\/\/obispadodezaratecampana.org\/index.php?rest_route=\/wp\/v2\/types\/post"}],"author":[{"embeddable":true,"href":"https:\/\/obispadodezaratecampana.org\/index.php?rest_route=\/wp\/v2\/users\/2"}],"replies":[{"embeddable":true,"href":"https:\/\/obispadodezaratecampana.org\/index.php?rest_route=%2Fwp%2Fv2%2Fcomments&post=10541"}],"version-history":[{"count":14,"href":"https:\/\/obispadodezaratecampana.org\/index.php?rest_route=\/wp\/v2\/posts\/10541\/revisions"}],"predecessor-version":[{"id":10693,"href":"https:\/\/obispadodezaratecampana.org\/index.php?rest_route=\/wp\/v2\/posts\/10541\/revisions\/10693"}],"wp:attachment":[{"href":"https:\/\/obispadodezaratecampana.org\/index.php?rest_route=%2Fwp%2Fv2%2Fmedia&parent=10541"}],"wp:term":[{"taxonomy":"category","embeddable":true,"href":"https:\/\/obispadodezaratecampana.org\/index.php?rest_route=%2Fwp%2Fv2%2Fcategories&post=10541"},{"taxonomy":"post_tag","embeddable":true,"href":"https:\/\/obispadodezaratecampana.org\/index.php?rest_route=%2Fwp%2Fv2%2Ftags&post=10541"}],"curies":[{"name":"wp","href":"https:\/\/api.w.org\/{rel}","templated":true}]}}