{"id":10538,"date":"2015-10-01T18:51:01","date_gmt":"2015-10-01T21:51:01","guid":{"rendered":"http:\/\/obispadodezaratecampana.org\/?p=10538"},"modified":"2015-10-01T18:51:01","modified_gmt":"2015-10-01T21:51:01","slug":"queres-ir-a-la-jornada-mundial-de-la-juventud-cracovia-2016","status":"publish","type":"post","link":"https:\/\/obispadodezaratecampana.org\/?p=10538","title":{"rendered":"\u00bfQuer\u00e9s ir a la Jornada Mundial de la Juventud: Cracovia 2016?"},"content":{"rendered":"<p>JORNADA MUNDIAL DE LA JUVENTUD &#8211; CRACOVIA, POLONIA 2016<\/p>\n<p>M\u00e1s informaci\u00f3n en el siguiente enlace para viajar con miembros de la comunidad de nuestra di\u00f3cesis de Z\u00e1rate-Campana -&gt; <a title=\"cracovia\" href=\"http:\/\/bit.ly\/JMJCracoviaZC\" target=\"_blank\">http:\/\/bit.ly\/JMJCracoviaZC<\/a><\/p>\n<p><img fetchpriority=\"high\" decoding=\"async\" class=\" wp-image-10539 aligncenter\" src=\"http:\/\/obispadodezaratecampana.org\/wp-content\/uploads\/2015\/10\/12022525_399494623581601_8176569393785125309_o-300x211.jpg\" alt=\"12022525_399494623581601_8176569393785125309_o\" width=\"490\" height=\"350\" \/><\/p>\n<!-- AddThis Advanced Settings generic via filter on the_content --><!-- AddThis Share Buttons generic via filter on the_content -->","protected":false},"excerpt":{"rendered":"<p>JORNADA MUNDIAL DE LA JUVENTUD &#8211; CRACOVIA, POLONIA 2016 M\u00e1s informaci\u00f3n en el siguiente enlace para viajar con miembros de la comunidad de nuestra di\u00f3cesis [&hellip;]<!-- AddThis Advanced Settings generic via filter on get_the_excerpt --><!-- AddThis Share Buttons generic via filter on get_the_excerpt --><\/p>\n","protected":false},"author":2,"featured_media":10539,"comment_status":"open","ping_status":"open","sticky":false,"template":"","format":"standard","meta":{"footnotes":""},"categories":[1],"tags":[],"class_list":["post-10538","post","type-post","status-publish","format-standard","has-post-thumbnail","hentry","category-noticiasdiocesanas"],"_links":{"self":[{"href":"https:\/\/obispadodezaratecampana.org\/index.php?rest_route=\/wp\/v2\/posts\/10538","targetHints":{"allow":["GET"]}}],"collection":[{"href":"https:\/\/obispadodezaratecampana.org\/index.php?rest_route=\/wp\/v2\/posts"}],"about":[{"href":"https:\/\/obispadodezaratecampana.org\/index.php?rest_route=\/wp\/v2\/types\/post"}],"author":[{"embeddable":true,"href":"https:\/\/obispadodezaratecampana.org\/index.php?rest_route=\/wp\/v2\/users\/2"}],"replies":[{"embeddable":true,"href":"https:\/\/obispadodezaratecampana.org\/index.php?rest_route=%2Fwp%2Fv2%2Fcomments&post=10538"}],"version-history":[{"count":1,"href":"https:\/\/obispadodezaratecampana.org\/index.php?rest_route=\/wp\/v2\/posts\/10538\/revisions"}],"predecessor-version":[{"id":10540,"href":"https:\/\/obispadodezaratecampana.org\/index.php?rest_route=\/wp\/v2\/posts\/10538\/revisions\/10540"}],"wp:featuredmedia":[{"embeddable":true,"href":"https:\/\/obispadodezaratecampana.org\/index.php?rest_route=\/wp\/v2\/media\/10539"}],"wp:attachment":[{"href":"https:\/\/obispadodezaratecampana.org\/index.php?rest_route=%2Fwp%2Fv2%2Fmedia&parent=10538"}],"wp:term":[{"taxonomy":"category","embeddable":true,"href":"https:\/\/obispadodezaratecampana.org\/index.php?rest_route=%2Fwp%2Fv2%2Fcategories&post=10538"},{"taxonomy":"post_tag","embeddable":true,"href":"https:\/\/obispadodezaratecampana.org\/index.php?rest_route=%2Fwp%2Fv2%2Ftags&post=10538"}],"curies":[{"name":"wp","href":"https:\/\/api.w.org\/{rel}","templated":true}]}}