{"id":10369,"date":"2015-09-15T14:10:24","date_gmt":"2015-09-15T17:10:24","guid":{"rendered":"http:\/\/obispadodezaratecampana.org\/?p=10369"},"modified":"2015-09-15T14:10:24","modified_gmt":"2015-09-15T17:10:24","slug":"15-de-septiembre-nuestra-sra-de-los-dolores","status":"publish","type":"post","link":"https:\/\/obispadodezaratecampana.org\/?p=10369","title":{"rendered":"15 de septiembre : Nuestra Sra. de los Dolores"},"content":{"rendered":"<p><img fetchpriority=\"high\" decoding=\"async\" class=\" wp-image-10370 aligncenter\" src=\"http:\/\/obispadodezaratecampana.org\/wp-content\/uploads\/2015\/09\/12019810_713604348772070_7376987038126145008_n-300x157.jpg\" alt=\"12019810_713604348772070_7376987038126145008_n\" width=\"359\" height=\"188\" srcset=\"https:\/\/obispadodezaratecampana.org\/wp-content\/uploads\/2015\/09\/12019810_713604348772070_7376987038126145008_n-300x157.jpg 300w, https:\/\/obispadodezaratecampana.org\/wp-content\/uploads\/2015\/09\/12019810_713604348772070_7376987038126145008_n.jpg 900w\" sizes=\"(max-width: 359px) 100vw, 359px\" \/><\/p>\n<p>Bajo el t\u00edtulo de la Virgen de la Soledad o de los Dolores se venera a Mar\u00eda en muchos lugares.<\/p>\n<p>La fiesta de nuestra Se\u00f1ora de los Dolores se celebra el 15 de septiembre y recordamos en ella los sufrimientos por los que pas\u00f3 Mar\u00eda a lo largo de su vida, por haber aceptado ser la Madre del Salvador.<\/p>\n<p>Este d\u00eda se acompa\u00f1a a Mar\u00eda en su experiencia de un muy profundo dolor, el dolor de una madre que ve a su amado Hijo incomprendido, acusado, abandonado por los temerosos ap\u00f3stoles, flagelado por los soldados romanos, coronado con espinas, escupido, abofeteado, caminando descalzo debajo de un madero astilloso y muy pesado hacia el monte Calvario, donde finalmente presenci\u00f3 la agon\u00eda de su muerte en una cruz, clavado de pies y manos.<\/p>\n<p>Mar\u00eda saca su fortaleza de la oraci\u00f3n y de la confianza en que la Voluntad de Dios es lo mejor para nosotros, aunque nosotros no la comprendamos.<\/p>\n<p>Es Ella quien, con su compa\u00f1\u00eda, su fortaleza y su fe, nos da fuerza en los momentos de dolor, en los sufrimientos diarios.<\/p>\n<p>Pid\u00e1mosle la gracia de sufrir unidos a Jesucristo, en nuestro coraz\u00f3n, para as\u00ed unir los sacrificios de nuestra vida a los de Ella y comprender que, en el dolor, somos m\u00e1s parecidos a Cristo y somos capaces de amarlo con mayor intensidad.<\/p>\n<p>&nbsp;<\/p>\n<p><em>En las fotos que aparecen a continuaci\u00f3n pueden ver dos im\u00e1genes de la Virgen Dolorosa en procesiones:\u00a0<\/em><\/p>\n<p><em>&#8211; Procesi\u00f3n por la fiesta de la Exaltaci\u00f3n de la Cruz, en Capilla del Se\u00f1or, el 14 de septiembre del 2015.<\/em><\/p>\n<p><em>&#8211; V\u00eda Crucis en Z\u00e1rate, de la comunidad de la Parroquia Ntra. Sra del Carmen, el viernes Santo del 2014.<\/em><\/p>\n<p style=\"text-align: center;\">FIESTA DE LA EXALTACI\u00d3N DE LA CRUZ<\/p>\n<p>&nbsp;<\/p>\n<p><img decoding=\"async\" class=\"wp-image-10371 aligncenter\" src=\"http:\/\/obispadodezaratecampana.org\/wp-content\/uploads\/2015\/09\/12019766_166945960309721_1310953595499781821_n.jpg\" alt=\"12019766_166945960309721_1310953595499781821_n\" width=\"380\" height=\"234\" \/><\/p>\n<p><img decoding=\"async\" class=\" wp-image-10372 aligncenter\" src=\"http:\/\/obispadodezaratecampana.org\/wp-content\/uploads\/2015\/09\/12009820_166945616976422_1931698275327796147_n-200x300.jpg\" alt=\"12009820_166945616976422_1931698275327796147_n\" width=\"268\" height=\"406\" \/> \u00a0<img loading=\"lazy\" decoding=\"async\" class=\"size-medium wp-image-10374 aligncenter\" src=\"http:\/\/obispadodezaratecampana.org\/wp-content\/uploads\/2015\/09\/12033214_166945686976415_5817794921338579094_n-300x200.jpg\" alt=\"12033214_166945686976415_5817794921338579094_n\" width=\"300\" height=\"200\" srcset=\"https:\/\/obispadodezaratecampana.org\/wp-content\/uploads\/2015\/09\/12033214_166945686976415_5817794921338579094_n-300x200.jpg 300w, https:\/\/obispadodezaratecampana.org\/wp-content\/uploads\/2015\/09\/12033214_166945686976415_5817794921338579094_n.jpg 960w\" sizes=\"(max-width: 300px) 100vw, 300px\" \/><\/p>\n<p><img loading=\"lazy\" decoding=\"async\" class=\" wp-image-10376 aligncenter\" src=\"http:\/\/obispadodezaratecampana.org\/wp-content\/uploads\/2015\/09\/11836761_166945856976398_7992856068868090205_n-200x300.jpg\" alt=\"11836761_166945856976398_7992856068868090205_n\" width=\"246\" height=\"324\" \/><\/p>\n<p>&nbsp;<\/p>\n<p><img loading=\"lazy\" decoding=\"async\" class=\" wp-image-10375 aligncenter\" src=\"http:\/\/obispadodezaratecampana.org\/wp-content\/uploads\/2015\/09\/12019767_166945346976449_7654818481776270304_n-300x200.jpg\" alt=\"12019767_166945346976449_7654818481776270304_n\" width=\"402\" height=\"226\" \/><\/p>\n<p style=\"text-align: center;\">VIA CRUCIS &#8211; Viernes SANTO<\/p>\n<p><img loading=\"lazy\" decoding=\"async\" class=\"size-medium wp-image-10377 aligncenter\" src=\"http:\/\/obispadodezaratecampana.org\/wp-content\/uploads\/2015\/09\/1973241_646183388797732_4430898854459126199_o-300x225.jpg\" alt=\"1973241_646183388797732_4430898854459126199_o\" width=\"300\" height=\"225\" srcset=\"https:\/\/obispadodezaratecampana.org\/wp-content\/uploads\/2015\/09\/1973241_646183388797732_4430898854459126199_o-300x225.jpg 300w, https:\/\/obispadodezaratecampana.org\/wp-content\/uploads\/2015\/09\/1973241_646183388797732_4430898854459126199_o-1024x768.jpg 1024w, https:\/\/obispadodezaratecampana.org\/wp-content\/uploads\/2015\/09\/1973241_646183388797732_4430898854459126199_o.jpg 2048w\" sizes=\"(max-width: 300px) 100vw, 300px\" \/><\/p>\n<p><img loading=\"lazy\" decoding=\"async\" class=\"size-medium wp-image-10378 aligncenter\" src=\"http:\/\/obispadodezaratecampana.org\/wp-content\/uploads\/2015\/09\/1980149_646189942130410_2394097223220817504_o-300x225.jpg\" alt=\"1980149_646189942130410_2394097223220817504_o\" width=\"300\" height=\"225\" srcset=\"https:\/\/obispadodezaratecampana.org\/wp-content\/uploads\/2015\/09\/1980149_646189942130410_2394097223220817504_o-300x225.jpg 300w, https:\/\/obispadodezaratecampana.org\/wp-content\/uploads\/2015\/09\/1980149_646189942130410_2394097223220817504_o-1024x768.jpg 1024w, https:\/\/obispadodezaratecampana.org\/wp-content\/uploads\/2015\/09\/1980149_646189942130410_2394097223220817504_o.jpg 2048w\" sizes=\"(max-width: 300px) 100vw, 300px\" \/><\/p>\n<p><img loading=\"lazy\" decoding=\"async\" class=\"size-medium wp-image-10379 aligncenter\" src=\"http:\/\/obispadodezaratecampana.org\/wp-content\/uploads\/2015\/09\/10003798_646189965463741_8862669744174708159_o-225x300.jpg\" alt=\"10003798_646189965463741_8862669744174708159_o\" width=\"225\" height=\"300\" srcset=\"https:\/\/obispadodezaratecampana.org\/wp-content\/uploads\/2015\/09\/10003798_646189965463741_8862669744174708159_o-225x300.jpg 225w, https:\/\/obispadodezaratecampana.org\/wp-content\/uploads\/2015\/09\/10003798_646189965463741_8862669744174708159_o-768x1024.jpg 768w, https:\/\/obispadodezaratecampana.org\/wp-content\/uploads\/2015\/09\/10003798_646189965463741_8862669744174708159_o.jpg 1536w\" sizes=\"(max-width: 225px) 100vw, 225px\" \/><\/p>\n<p><img loading=\"lazy\" decoding=\"async\" class=\"size-medium wp-image-10380 aligncenter\" src=\"http:\/\/obispadodezaratecampana.org\/wp-content\/uploads\/2015\/09\/981388_646192192130185_7919020517841689863_o-300x225.jpg\" alt=\"981388_646192192130185_7919020517841689863_o\" width=\"300\" height=\"225\" srcset=\"https:\/\/obispadodezaratecampana.org\/wp-content\/uploads\/2015\/09\/981388_646192192130185_7919020517841689863_o-300x225.jpg 300w, https:\/\/obispadodezaratecampana.org\/wp-content\/uploads\/2015\/09\/981388_646192192130185_7919020517841689863_o-1024x768.jpg 1024w, https:\/\/obispadodezaratecampana.org\/wp-content\/uploads\/2015\/09\/981388_646192192130185_7919020517841689863_o.jpg 2048w\" sizes=\"(max-width: 300px) 100vw, 300px\" \/><\/p>\n<!-- AddThis Advanced Settings generic via filter on the_content --><!-- AddThis Share Buttons generic via filter on the_content -->","protected":false},"excerpt":{"rendered":"<p>Bajo el t\u00edtulo de la Virgen de la Soledad o de los Dolores se venera a Mar\u00eda en muchos lugares. La fiesta de nuestra Se\u00f1ora [&hellip;]<!-- AddThis Advanced Settings generic via filter on get_the_excerpt --><!-- AddThis Share Buttons generic via filter on get_the_excerpt --><\/p>\n","protected":false},"author":2,"featured_media":10370,"comment_status":"open","ping_status":"open","sticky":false,"template":"","format":"standard","meta":{"footnotes":""},"categories":[166],"tags":[],"class_list":["post-10369","post","type-post","status-publish","format-standard","has-post-thumbnail","hentry","category-santoral"],"_links":{"self":[{"href":"https:\/\/obispadodezaratecampana.org\/index.php?rest_route=\/wp\/v2\/posts\/10369","targetHints":{"allow":["GET"]}}],"collection":[{"href":"https:\/\/obispadodezaratecampana.org\/index.php?rest_route=\/wp\/v2\/posts"}],"about":[{"href":"https:\/\/obispadodezaratecampana.org\/index.php?rest_route=\/wp\/v2\/types\/post"}],"author":[{"embeddable":true,"href":"https:\/\/obispadodezaratecampana.org\/index.php?rest_route=\/wp\/v2\/users\/2"}],"replies":[{"embeddable":true,"href":"https:\/\/obispadodezaratecampana.org\/index.php?rest_route=%2Fwp%2Fv2%2Fcomments&post=10369"}],"version-history":[{"count":1,"href":"https:\/\/obispadodezaratecampana.org\/index.php?rest_route=\/wp\/v2\/posts\/10369\/revisions"}],"predecessor-version":[{"id":10381,"href":"https:\/\/obispadodezaratecampana.org\/index.php?rest_route=\/wp\/v2\/posts\/10369\/revisions\/10381"}],"wp:featuredmedia":[{"embeddable":true,"href":"https:\/\/obispadodezaratecampana.org\/index.php?rest_route=\/wp\/v2\/media\/10370"}],"wp:attachment":[{"href":"https:\/\/obispadodezaratecampana.org\/index.php?rest_route=%2Fwp%2Fv2%2Fmedia&parent=10369"}],"wp:term":[{"taxonomy":"category","embeddable":true,"href":"https:\/\/obispadodezaratecampana.org\/index.php?rest_route=%2Fwp%2Fv2%2Fcategories&post=10369"},{"taxonomy":"post_tag","embeddable":true,"href":"https:\/\/obispadodezaratecampana.org\/index.php?rest_route=%2Fwp%2Fv2%2Ftags&post=10369"}],"curies":[{"name":"wp","href":"https:\/\/api.w.org\/{rel}","templated":true}]}}