{"id":10360,"date":"2015-09-15T09:32:19","date_gmt":"2015-09-15T12:32:19","guid":{"rendered":"http:\/\/obispadodezaratecampana.org\/?p=10360"},"modified":"2015-09-15T09:32:19","modified_gmt":"2015-09-15T12:32:19","slug":"congreso-legionario-de-maria-de-nuestra-diocesis","status":"publish","type":"post","link":"https:\/\/obispadodezaratecampana.org\/?p=10360","title":{"rendered":"CONGRESO LEGIONARIO DE MARIA DE NUESTRA DIOCESIS"},"content":{"rendered":"<p>CONGRESO LEGIONARIO DE MARIA DE LA DIOCESIS DE ZARATE CAMPANA<\/p>\n<p>El domingo 13 de septiembre, XXIV del tiempo com\u00fan, solemnidad de Ntra. Sra. Del Milagro (Salta) y de Ntra. Sra. Del Socorro (Bas\u00edlica del Socorro- Buenos Aires), tuvo lugar en el Colegio Ntra.Sra. de Luj\u00e1n (Pilar) en la intersecci\u00f3n de las calles Tucum\u00e1n y Alsina el Congreso de oficiales de los dos consejos (comitia)diocesanos : Ntra. Sra. Reina del Mundo y Ntra. Sra,. De los Dolores, de la LEGIO MARIAE , conto una asistencia con recambios de unos 120 oficiales a lo largo del d\u00eda ( entre las 10 y las 17 horas).<\/p>\n<p><img fetchpriority=\"high\" decoding=\"async\" class=\" wp-image-10361 aligncenter\" src=\"http:\/\/obispadodezaratecampana.org\/wp-content\/uploads\/2015\/09\/11084121_1689327314619584_1174269432664513270_o-300x102.jpg\" alt=\"11084121_1689327314619584_1174269432664513270_o\" width=\"427\" height=\"145\" srcset=\"https:\/\/obispadodezaratecampana.org\/wp-content\/uploads\/2015\/09\/11084121_1689327314619584_1174269432664513270_o-300x102.jpg 300w, https:\/\/obispadodezaratecampana.org\/wp-content\/uploads\/2015\/09\/11084121_1689327314619584_1174269432664513270_o-1024x351.jpg 1024w\" sizes=\"(max-width: 427px) 100vw, 427px\" \/><\/p>\n<p>&nbsp;<\/p>\n<p>Por la ma\u00f1ana, luego de la acreditaci\u00f3n correspondiente, el P. Asesor diocesano N\u00e9stor Daniel Villa, dirigi\u00f3 el rezo del santo rosario y luego platic\u00f3 acerca de la espiritualidad legionaria. Doris Fleitas (Ntra. Sra. Del Buen Consejo, Barrio San Felipe Campana) se explay\u00f3 acerca de la conducta legionaria, y Maria Brenko( Ntra. Sra. La Antigua-Pilar) reformul\u00f3 aspectos de esa conducta legionaria. Miembros de los consejos locales afectados por las inundaciones dieron su testimonio solidario en barrios que ellos mismos habitan y como mantuvieron alta la moral del vecindario en medio de la adversidad bajo la mirada de la Virgen.<\/p>\n<p>Celebr\u00f3 la misa el P. Asesor, con ministerio musical de integrantes de la COMUNITA CENACOLO, que integran la falange orante de auxiliares de la Legi\u00f3n de Mar\u00eda, y se pidi\u00f3 especialmente por las necesidades del Papa, de nuestro obispo Oscar, la concordia ciudadana, la paz y la libertad religiosa,y el progreso de las causas de beatificaci\u00f3n de los siervos de Dios Frank Duff, Edel Queen y Alfonso Lambe( fundadores de la Legi\u00f3n de Mar\u00eda) . Hoy asociaci\u00f3n internacional de apostolado seglar de derecho pontificio.<\/p>\n<p><img decoding=\"async\" class=\"size-medium wp-image-10362 aligncenter\" src=\"http:\/\/obispadodezaratecampana.org\/wp-content\/uploads\/2015\/09\/12022609_882268478514172_506665384360423813_o-300x199.jpg\" alt=\"12022609_882268478514172_506665384360423813_o\" width=\"300\" height=\"199\" srcset=\"https:\/\/obispadodezaratecampana.org\/wp-content\/uploads\/2015\/09\/12022609_882268478514172_506665384360423813_o-300x199.jpg 300w, https:\/\/obispadodezaratecampana.org\/wp-content\/uploads\/2015\/09\/12022609_882268478514172_506665384360423813_o-1024x682.jpg 1024w, https:\/\/obispadodezaratecampana.org\/wp-content\/uploads\/2015\/09\/12022609_882268478514172_506665384360423813_o.jpg 2048w\" sizes=\"(max-width: 300px) 100vw, 300px\" \/><\/p>\n<p>El monasterio de la Visitaci\u00f3n de Pilar provey\u00f3 todo el ajuar lit\u00fargico, y una religiosa de las Hijas de Santa Marte (Derqui) ayud\u00f3 en la distribuci\u00f3n de la comuni\u00f3n.<\/p>\n<p><img decoding=\"async\" class=\"size-medium wp-image-10363 aligncenter\" src=\"http:\/\/obispadodezaratecampana.org\/wp-content\/uploads\/2015\/09\/11934557_882267675180919_6851869032962395382_o-300x199.jpg\" alt=\"11934557_882267675180919_6851869032962395382_o\" width=\"300\" height=\"199\" srcset=\"https:\/\/obispadodezaratecampana.org\/wp-content\/uploads\/2015\/09\/11934557_882267675180919_6851869032962395382_o-300x199.jpg 300w, https:\/\/obispadodezaratecampana.org\/wp-content\/uploads\/2015\/09\/11934557_882267675180919_6851869032962395382_o-1024x682.jpg 1024w, https:\/\/obispadodezaratecampana.org\/wp-content\/uploads\/2015\/09\/11934557_882267675180919_6851869032962395382_o.jpg 2048w\" sizes=\"(max-width: 300px) 100vw, 300px\" \/><\/p>\n<p>Luego vino el almuerzo al aire libre, en el patio del Colegio, contando con una presencia destacada con Irene Sawer, socia fundadora de la Legi\u00f3n de Mar\u00eda en Argentina, codo a codo con el siervo de Dios Alfonso Lambe. Por la tarde se refiri\u00f3 al estado de la causa de Alfonso, de la que fuera vicepostuladora, y Margarita Olea caceres ( Ntra.Sra. La Hermosa, Barrio Los Cachorros, Pilar) se explay\u00f3 sobre la extensi\u00f3n legionaria en general y en particular.<\/p>\n<p>J\u00f3venes de la \u00a0COMUNITA CENACOLO amenizaron con cantos y m\u00edmica, y la torta de cuatro pisos en honor del cumplea\u00f1os de la Virgen, fueron la alegr\u00eda de la tarde de una jornada legionaria vivida con la alegr\u00eda de hijos de Dios bajo la mirada de la Virgen.<\/p>\n<p><img loading=\"lazy\" decoding=\"async\" class=\" wp-image-10364 aligncenter\" src=\"http:\/\/obispadodezaratecampana.org\/wp-content\/uploads\/2015\/09\/12010682_882269761847377_1532426055686320182_o-300x108.jpg\" alt=\"12010682_882269761847377_1532426055686320182_o\" width=\"418\" height=\"179\" \/><\/p>\n<p>&nbsp;<\/p>\n<!-- AddThis Advanced Settings generic via filter on the_content --><!-- AddThis Share Buttons generic via filter on the_content -->","protected":false},"excerpt":{"rendered":"<p>CONGRESO LEGIONARIO DE MARIA DE LA DIOCESIS DE ZARATE CAMPANA El domingo 13 de septiembre, XXIV del tiempo com\u00fan, solemnidad de Ntra. Sra. Del Milagro [&hellip;]<!-- AddThis Advanced Settings generic via filter on get_the_excerpt --><!-- AddThis Share Buttons generic via filter on get_the_excerpt --><\/p>\n","protected":false},"author":2,"featured_media":10364,"comment_status":"open","ping_status":"open","sticky":false,"template":"","format":"standard","meta":{"footnotes":""},"categories":[1],"tags":[],"class_list":["post-10360","post","type-post","status-publish","format-standard","has-post-thumbnail","hentry","category-noticiasdiocesanas"],"_links":{"self":[{"href":"https:\/\/obispadodezaratecampana.org\/index.php?rest_route=\/wp\/v2\/posts\/10360","targetHints":{"allow":["GET"]}}],"collection":[{"href":"https:\/\/obispadodezaratecampana.org\/index.php?rest_route=\/wp\/v2\/posts"}],"about":[{"href":"https:\/\/obispadodezaratecampana.org\/index.php?rest_route=\/wp\/v2\/types\/post"}],"author":[{"embeddable":true,"href":"https:\/\/obispadodezaratecampana.org\/index.php?rest_route=\/wp\/v2\/users\/2"}],"replies":[{"embeddable":true,"href":"https:\/\/obispadodezaratecampana.org\/index.php?rest_route=%2Fwp%2Fv2%2Fcomments&post=10360"}],"version-history":[{"count":1,"href":"https:\/\/obispadodezaratecampana.org\/index.php?rest_route=\/wp\/v2\/posts\/10360\/revisions"}],"predecessor-version":[{"id":10365,"href":"https:\/\/obispadodezaratecampana.org\/index.php?rest_route=\/wp\/v2\/posts\/10360\/revisions\/10365"}],"wp:featuredmedia":[{"embeddable":true,"href":"https:\/\/obispadodezaratecampana.org\/index.php?rest_route=\/wp\/v2\/media\/10364"}],"wp:attachment":[{"href":"https:\/\/obispadodezaratecampana.org\/index.php?rest_route=%2Fwp%2Fv2%2Fmedia&parent=10360"}],"wp:term":[{"taxonomy":"category","embeddable":true,"href":"https:\/\/obispadodezaratecampana.org\/index.php?rest_route=%2Fwp%2Fv2%2Fcategories&post=10360"},{"taxonomy":"post_tag","embeddable":true,"href":"https:\/\/obispadodezaratecampana.org\/index.php?rest_route=%2Fwp%2Fv2%2Ftags&post=10360"}],"curies":[{"name":"wp","href":"https:\/\/api.w.org\/{rel}","templated":true}]}}