{"id":10286,"date":"2015-09-13T13:48:44","date_gmt":"2015-09-13T16:48:44","guid":{"rendered":"http:\/\/obispadodezaratecampana.org\/?p=10286"},"modified":"2015-09-13T13:48:44","modified_gmt":"2015-09-13T16:48:44","slug":"colabora-con-la-proxima-mision-juvenil-diocesana","status":"publish","type":"post","link":"https:\/\/obispadodezaratecampana.org\/?p=10286","title":{"rendered":"Colabor\u00e1 con la pr\u00f3xima Misi\u00f3n Juvenil Diocesana"},"content":{"rendered":"<p><img fetchpriority=\"high\" decoding=\"async\" class=\" wp-image-10287 aligncenter\" src=\"http:\/\/obispadodezaratecampana.org\/wp-content\/uploads\/2015\/09\/11958203_394655690732161_7633055318765586918_o-300x211.jpg\" alt=\"11958203_394655690732161_7633055318765586918_o\" width=\"524\" height=\"368\" \/><\/p>\n<!-- AddThis Advanced Settings generic via filter on the_content --><!-- AddThis Share Buttons generic via filter on the_content -->","protected":false},"excerpt":{"rendered":"<p><!-- AddThis Advanced Settings generic via filter on get_the_excerpt --><!-- AddThis Share Buttons generic via filter on get_the_excerpt --><\/p>\n","protected":false},"author":2,"featured_media":10287,"comment_status":"open","ping_status":"open","sticky":false,"template":"","format":"standard","meta":{"footnotes":""},"categories":[1],"tags":[],"class_list":["post-10286","post","type-post","status-publish","format-standard","has-post-thumbnail","hentry","category-noticiasdiocesanas"],"_links":{"self":[{"href":"https:\/\/obispadodezaratecampana.org\/index.php?rest_route=\/wp\/v2\/posts\/10286","targetHints":{"allow":["GET"]}}],"collection":[{"href":"https:\/\/obispadodezaratecampana.org\/index.php?rest_route=\/wp\/v2\/posts"}],"about":[{"href":"https:\/\/obispadodezaratecampana.org\/index.php?rest_route=\/wp\/v2\/types\/post"}],"author":[{"embeddable":true,"href":"https:\/\/obispadodezaratecampana.org\/index.php?rest_route=\/wp\/v2\/users\/2"}],"replies":[{"embeddable":true,"href":"https:\/\/obispadodezaratecampana.org\/index.php?rest_route=%2Fwp%2Fv2%2Fcomments&post=10286"}],"version-history":[{"count":1,"href":"https:\/\/obispadodezaratecampana.org\/index.php?rest_route=\/wp\/v2\/posts\/10286\/revisions"}],"predecessor-version":[{"id":10288,"href":"https:\/\/obispadodezaratecampana.org\/index.php?rest_route=\/wp\/v2\/posts\/10286\/revisions\/10288"}],"wp:featuredmedia":[{"embeddable":true,"href":"https:\/\/obispadodezaratecampana.org\/index.php?rest_route=\/wp\/v2\/media\/10287"}],"wp:attachment":[{"href":"https:\/\/obispadodezaratecampana.org\/index.php?rest_route=%2Fwp%2Fv2%2Fmedia&parent=10286"}],"wp:term":[{"taxonomy":"category","embeddable":true,"href":"https:\/\/obispadodezaratecampana.org\/index.php?rest_route=%2Fwp%2Fv2%2Fcategories&post=10286"},{"taxonomy":"post_tag","embeddable":true,"href":"https:\/\/obispadodezaratecampana.org\/index.php?rest_route=%2Fwp%2Fv2%2Ftags&post=10286"}],"curies":[{"name":"wp","href":"https:\/\/api.w.org\/{rel}","templated":true}]}}