{"id":10204,"date":"2015-09-10T12:37:37","date_gmt":"2015-09-10T15:37:37","guid":{"rendered":"http:\/\/obispadodezaratecampana.org\/?p=10204"},"modified":"2015-09-10T13:12:38","modified_gmt":"2015-09-10T16:12:38","slug":"12-de-septiembre-pena-solidaria-para-el-seminario-diocesano","status":"publish","type":"post","link":"https:\/\/obispadodezaratecampana.org\/?p=10204","title":{"rendered":"12 de septiembre: Pe\u00f1a Solidaria para el Seminario Diocesano"},"content":{"rendered":"<p><strong>\u00bfC\u00f3mo colaborar con nuestro Seminario Diocesano?<\/strong><\/p>\n<p>Se ha formado una comisi\u00f3n con representantes de diversas comunidades con la finalidad de recaudar fondos, que permitan arreglar y mantener el edificio que se encuentra en Campana &#8211; calle G\u00fcemes 1117- , del Seminario Diocesano San Pedro y San Pablo (cabe recordar que los seminaristas desde este a\u00f1o viven en CABA muy cerca de la Facultad de Teolog\u00eda de la UCA donde cursan sus estudios)<\/p>\n<p>Hacen falta no solo fondos (y materiales) sino tambi\u00e9n mano de obra voluntaria para realizar los diversos trabajos.<\/p>\n<p>Este hermoso edificio podr\u00e1 ser utilizado por los movimientos, comunidades y agrupaciones para sus actividades.<\/p>\n<p style=\"text-align: center;\"><em>Capilla del Seminario<\/em><\/p>\n<p><img fetchpriority=\"high\" decoding=\"async\" class=\" wp-image-10212 aligncenter\" src=\"http:\/\/obispadodezaratecampana.org\/wp-content\/uploads\/2015\/09\/1098503_1401770870047129_860893267_n-300x225.jpg\" alt=\"1098503_1401770870047129_860893267_n\" width=\"363\" height=\"272\" srcset=\"https:\/\/obispadodezaratecampana.org\/wp-content\/uploads\/2015\/09\/1098503_1401770870047129_860893267_n-300x225.jpg 300w, https:\/\/obispadodezaratecampana.org\/wp-content\/uploads\/2015\/09\/1098503_1401770870047129_860893267_n.jpg 720w\" sizes=\"(max-width: 363px) 100vw, 363px\" \/><\/p>\n<p><strong>Informaci\u00f3n de Contacto\u00a0<\/strong><\/p>\n<p>Si desean: \u00a0ser voluntarios, aportar dinero, conocen a gente que quiera donar materiales , muebles, etc \u00a0u obtener detalles acerca de las actividades que se organicen, contactense con la se\u00f1ora Ana Mar\u00eda Petrucci &#8211; del partido de Campana-, este es su perfil de facebook:<\/p>\n<p><a title=\"ana\" href=\"https:\/\/www.facebook.com\/anamaria.petrucci.3\" target=\"_blank\">https:\/\/www.facebook.com\/anamaria.petrucci.3<\/a><\/p>\n<p><strong>Pr\u00f3ximos eventos<\/strong><\/p>\n<p>SABADO 12 DE SEPTIEMBRE: PE\u00d1A SOLIDARIA: BUFFET, MUSICA,etc , desde las 20:30 hs en el Sal\u00f3n Padre An\u00edbal di Francia de la Parroquia del Carmen, de Campana.<\/p>\n<p>ENTRADAS: Mayores $30 , menores $15 . Se pueden reservar las entradas llamando al 03489 &#8211; 427191 (sra. Stella) .<\/p>\n<p>DOMINGO 13 de septiembre: Quien lo desee puede acercarse a partir de las 11 hs al seminario para una jornada de trabajo en comunidad, \u00a1ser\u00e1n bienvenidos!.<\/p>\n<p style=\"text-align: center;\"><em>Jard\u00edn del seminario, con parte de nuestro clero diocesano<\/em><\/p>\n<p><img decoding=\"async\" class=\"wp-image-10207 aligncenter\" src=\"http:\/\/obispadodezaratecampana.org\/wp-content\/uploads\/2015\/09\/11947588_1639883936297448_1076786337438034253_n-300x200.jpg\" alt=\"11947588_1639883936297448_1076786337438034253_n\" width=\"354\" height=\"211\" \/><\/p>\n<p>&nbsp;<\/p>\n<p>&nbsp;<\/p>\n<!-- AddThis Advanced Settings generic via filter on the_content --><!-- AddThis Share Buttons generic via filter on the_content -->","protected":false},"excerpt":{"rendered":"<p>\u00bfC\u00f3mo colaborar con nuestro Seminario Diocesano? Se ha formado una comisi\u00f3n con representantes de diversas comunidades con la finalidad de recaudar fondos, que permitan arreglar [&hellip;]<!-- AddThis Advanced Settings generic via filter on get_the_excerpt --><!-- AddThis Share Buttons generic via filter on get_the_excerpt --><\/p>\n","protected":false},"author":2,"featured_media":10207,"comment_status":"open","ping_status":"open","sticky":false,"template":"","format":"standard","meta":{"footnotes":""},"categories":[1],"tags":[],"class_list":["post-10204","post","type-post","status-publish","format-standard","has-post-thumbnail","hentry","category-noticiasdiocesanas"],"_links":{"self":[{"href":"https:\/\/obispadodezaratecampana.org\/index.php?rest_route=\/wp\/v2\/posts\/10204","targetHints":{"allow":["GET"]}}],"collection":[{"href":"https:\/\/obispadodezaratecampana.org\/index.php?rest_route=\/wp\/v2\/posts"}],"about":[{"href":"https:\/\/obispadodezaratecampana.org\/index.php?rest_route=\/wp\/v2\/types\/post"}],"author":[{"embeddable":true,"href":"https:\/\/obispadodezaratecampana.org\/index.php?rest_route=\/wp\/v2\/users\/2"}],"replies":[{"embeddable":true,"href":"https:\/\/obispadodezaratecampana.org\/index.php?rest_route=%2Fwp%2Fv2%2Fcomments&post=10204"}],"version-history":[{"count":7,"href":"https:\/\/obispadodezaratecampana.org\/index.php?rest_route=\/wp\/v2\/posts\/10204\/revisions"}],"predecessor-version":[{"id":10213,"href":"https:\/\/obispadodezaratecampana.org\/index.php?rest_route=\/wp\/v2\/posts\/10204\/revisions\/10213"}],"wp:featuredmedia":[{"embeddable":true,"href":"https:\/\/obispadodezaratecampana.org\/index.php?rest_route=\/wp\/v2\/media\/10207"}],"wp:attachment":[{"href":"https:\/\/obispadodezaratecampana.org\/index.php?rest_route=%2Fwp%2Fv2%2Fmedia&parent=10204"}],"wp:term":[{"taxonomy":"category","embeddable":true,"href":"https:\/\/obispadodezaratecampana.org\/index.php?rest_route=%2Fwp%2Fv2%2Fcategories&post=10204"},{"taxonomy":"post_tag","embeddable":true,"href":"https:\/\/obispadodezaratecampana.org\/index.php?rest_route=%2Fwp%2Fv2%2Ftags&post=10204"}],"curies":[{"name":"wp","href":"https:\/\/api.w.org\/{rel}","templated":true}]}}