{"id":10189,"date":"2015-09-10T10:25:41","date_gmt":"2015-09-10T13:25:41","guid":{"rendered":"http:\/\/obispadodezaratecampana.org\/?p=10189"},"modified":"2015-09-10T12:03:54","modified_gmt":"2015-09-10T15:03:54","slug":"el-cura-brochero-sera-declarado-santo","status":"publish","type":"post","link":"https:\/\/obispadodezaratecampana.org\/?p=10189","title":{"rendered":"+ EL CURA BROCHERO SER\u00c1 DECLARADO SANTO +"},"content":{"rendered":"<p><strong><span style=\"color: #800080;\">+ EL CURA BROCHERO SER\u00c1 DECLARADO SANTO +<\/span><\/strong><\/p>\n<p><img fetchpriority=\"high\" decoding=\"async\" class=\"size-medium wp-image-10202 aligncenter\" src=\"http:\/\/obispadodezaratecampana.org\/wp-content\/uploads\/2015\/09\/gabriel-288x300.jpg\" alt=\"gabriel\" width=\"288\" height=\"300\" srcset=\"https:\/\/obispadodezaratecampana.org\/wp-content\/uploads\/2015\/09\/gabriel-288x300.jpg 288w, https:\/\/obispadodezaratecampana.org\/wp-content\/uploads\/2015\/09\/gabriel.jpg 387w\" sizes=\"(max-width: 288px) 100vw, 288px\" \/><\/p>\n<p><span style=\"color: #800080;\">Jueves 10 de septiembre del 2015<\/span><\/p>\n<p><span style=\"color: #800080;\">El Beato Cura Brochero ser\u00e1 declarado Santo, luego de que el Vaticano reconociera el segundo Milagro realizado por su intermediaci\u00f3n.<\/span><\/p>\n<p><span style=\"color: #800080;\">El caso es el de una nena sanjuanina &#8211; Camila- quien tuvo una &#8220;asombrosa&#8221; recuperaci\u00f3n despu\u00e9s de un infarto cerebral.<\/span><\/p>\n<p><img decoding=\"async\" class=\"size-full wp-image-10198 aligncenter\" src=\"http:\/\/obispadodezaratecampana.org\/wp-content\/uploads\/2015\/09\/camila.jpg\" alt=\"camila\" width=\"259\" height=\"194\" \/><\/p>\n<p style=\"text-align: center;\"><span style=\"color: #800080;\"><em>\u00a0Camila, fuente de la imagen: \u00a0Diario Movil, \u00a0de San Juan 17.7.14<\/em><\/span><\/p>\n<p><span style=\"color: #800080;\">Cabe recordar el primer milagro comprobado &#8211; que lo hizo Beato- de Brochero -sigui\u00f3 el mismo proceso de investigaci\u00f3n que el de la sanjuanina Camila Brusotti- : el de Nicol\u00e1s Flores. El chico, que hoy tiene 15 a\u00f1os, cuando ten\u00eda 11 meses sufri\u00f3 un accidente de tr\u00e1nsito que le caus\u00f3 heridas graves. Los m\u00e9dicos en ese momento le hab\u00edan pronosticado la posibilidad de &#8220;vida vegetativa&#8221;.<\/span><\/p>\n<p style=\"text-align: center;\"><em><span style=\"color: #800080;\">Nicolas &#8211; junto a sus padres- en la Beatificaci\u00f3n de Brochero, en Traslasierra C\u00f3rdoba, 2013<\/span><\/em><\/p>\n<p><img decoding=\"async\" class=\"size-medium wp-image-10196 aligncenter\" src=\"http:\/\/obispadodezaratecampana.org\/wp-content\/uploads\/2015\/09\/milagro-240x300.jpg\" alt=\"milagro\" width=\"240\" height=\"300\" srcset=\"https:\/\/obispadodezaratecampana.org\/wp-content\/uploads\/2015\/09\/milagro-240x300.jpg 240w, https:\/\/obispadodezaratecampana.org\/wp-content\/uploads\/2015\/09\/milagro.jpg 600w\" sizes=\"(max-width: 240px) 100vw, 240px\" \/><\/p>\n<p><span style=\"color: #800080;\">Les compartimos el Audio del Obispo de Cruz del Eje Mons. Santiago Olivera acerca de la feliz y bendita noticia:<\/span> <a title=\"brochero\" href=\"http:\/\/www.diocesiscruzdeleje.com.ar\/Olivera%20desde%20Roma%20comunicado%20100915.mp3\" target=\"_blank\">http:\/\/www.diocesiscruzdeleje.com.ar\/Olivera%20desde%20Roma%20comunicado%20100915.mp3<\/a><\/p>\n<p><img loading=\"lazy\" decoding=\"async\" class=\"size-medium wp-image-10190 aligncenter\" src=\"http:\/\/obispadodezaratecampana.org\/wp-content\/uploads\/2015\/09\/Brochero1-227x300.jpg\" alt=\"Brochero1\" width=\"227\" height=\"300\" srcset=\"https:\/\/obispadodezaratecampana.org\/wp-content\/uploads\/2015\/09\/Brochero1-227x300.jpg 227w, https:\/\/obispadodezaratecampana.org\/wp-content\/uploads\/2015\/09\/Brochero1.jpg 600w\" sizes=\"(max-width: 227px) 100vw, 227px\" \/><\/p>\n<!-- AddThis Advanced Settings generic via filter on the_content --><!-- AddThis Share Buttons generic via filter on the_content -->","protected":false},"excerpt":{"rendered":"<p>+ EL CURA BROCHERO SER\u00c1 DECLARADO SANTO + Jueves 10 de septiembre del 2015 El Beato Cura Brochero ser\u00e1 declarado Santo, luego de que el [&hellip;]<!-- AddThis Advanced Settings generic via filter on get_the_excerpt --><!-- AddThis Share Buttons generic via filter on get_the_excerpt --><\/p>\n","protected":false},"author":2,"featured_media":10202,"comment_status":"open","ping_status":"open","sticky":false,"template":"","format":"standard","meta":{"footnotes":""},"categories":[166],"tags":[],"class_list":["post-10189","post","type-post","status-publish","format-standard","has-post-thumbnail","hentry","category-santoral"],"_links":{"self":[{"href":"https:\/\/obispadodezaratecampana.org\/index.php?rest_route=\/wp\/v2\/posts\/10189","targetHints":{"allow":["GET"]}}],"collection":[{"href":"https:\/\/obispadodezaratecampana.org\/index.php?rest_route=\/wp\/v2\/posts"}],"about":[{"href":"https:\/\/obispadodezaratecampana.org\/index.php?rest_route=\/wp\/v2\/types\/post"}],"author":[{"embeddable":true,"href":"https:\/\/obispadodezaratecampana.org\/index.php?rest_route=\/wp\/v2\/users\/2"}],"replies":[{"embeddable":true,"href":"https:\/\/obispadodezaratecampana.org\/index.php?rest_route=%2Fwp%2Fv2%2Fcomments&post=10189"}],"version-history":[{"count":10,"href":"https:\/\/obispadodezaratecampana.org\/index.php?rest_route=\/wp\/v2\/posts\/10189\/revisions"}],"predecessor-version":[{"id":10203,"href":"https:\/\/obispadodezaratecampana.org\/index.php?rest_route=\/wp\/v2\/posts\/10189\/revisions\/10203"}],"wp:featuredmedia":[{"embeddable":true,"href":"https:\/\/obispadodezaratecampana.org\/index.php?rest_route=\/wp\/v2\/media\/10202"}],"wp:attachment":[{"href":"https:\/\/obispadodezaratecampana.org\/index.php?rest_route=%2Fwp%2Fv2%2Fmedia&parent=10189"}],"wp:term":[{"taxonomy":"category","embeddable":true,"href":"https:\/\/obispadodezaratecampana.org\/index.php?rest_route=%2Fwp%2Fv2%2Fcategories&post=10189"},{"taxonomy":"post_tag","embeddable":true,"href":"https:\/\/obispadodezaratecampana.org\/index.php?rest_route=%2Fwp%2Fv2%2Ftags&post=10189"}],"curies":[{"name":"wp","href":"https:\/\/api.w.org\/{rel}","templated":true}]}}