{"id":10161,"date":"2015-09-09T08:54:38","date_gmt":"2015-09-09T11:54:38","guid":{"rendered":"http:\/\/obispadodezaratecampana.org\/?p=10161"},"modified":"2015-09-09T08:54:38","modified_gmt":"2015-09-09T11:54:38","slug":"16-de-septiembre-golf-a-beneficio-de-caritas","status":"publish","type":"post","link":"https:\/\/obispadodezaratecampana.org\/?p=10161","title":{"rendered":"16 de septiembre: Golf a beneficio de C\u00e1ritas"},"content":{"rendered":"<p><em><span style=\"color: #003366;\">&gt;&gt; Seguimos trabajando en la Organizaci\u00f3n del Primer Circuito de Golf a beneficio de nuestra Caritas Diocesana. Buscamos ayuda para ayudar a los que mas necesitan. Todo el a\u00f1o cooperamos al servicio de nuestro SE\u00d1OR y sus preferidos: los ni\u00f1os y los mas pobres. Gracias por compartir y por los mensajes de cari\u00f1o que nos hacen llegar &gt;&gt; \u00a0CARITAS DIOCESANA<\/span><\/em><\/p>\n<p>Para participar de este &#8220;Circuito de Golf&#8221; que se realizar\u00e1 el 16 de septiembre, o pedir \u00a0informes pueden comunicarse con el face oficial de Caritas Z\u00e1rate- Campana:<\/p>\n<p><a title=\"caritas\" href=\"https:\/\/www.facebook.com\/pages\/Caritas-Zaratecampana\/125856251083922\" target=\"_blank\">https:\/\/www.facebook.com\/pages\/Caritas-Zaratecampana\/125856251083922<\/a><\/p>\n<p><img fetchpriority=\"high\" decoding=\"async\" class=\" wp-image-10162 aligncenter\" src=\"http:\/\/obispadodezaratecampana.org\/wp-content\/uploads\/2015\/09\/cari-232x300.jpg\" alt=\"cari\" width=\"311\" height=\"350\" \/><\/p>\n<!-- AddThis Advanced Settings generic via filter on the_content --><!-- AddThis Share Buttons generic via filter on the_content -->","protected":false},"excerpt":{"rendered":"<p>&gt;&gt; Seguimos trabajando en la Organizaci\u00f3n del Primer Circuito de Golf a beneficio de nuestra Caritas Diocesana. Buscamos ayuda para ayudar a los que mas [&hellip;]<!-- AddThis Advanced Settings generic via filter on get_the_excerpt --><!-- AddThis Share Buttons generic via filter on get_the_excerpt --><\/p>\n","protected":false},"author":2,"featured_media":10162,"comment_status":"open","ping_status":"open","sticky":false,"template":"","format":"standard","meta":{"footnotes":""},"categories":[1],"tags":[],"class_list":["post-10161","post","type-post","status-publish","format-standard","has-post-thumbnail","hentry","category-noticiasdiocesanas"],"_links":{"self":[{"href":"https:\/\/obispadodezaratecampana.org\/index.php?rest_route=\/wp\/v2\/posts\/10161","targetHints":{"allow":["GET"]}}],"collection":[{"href":"https:\/\/obispadodezaratecampana.org\/index.php?rest_route=\/wp\/v2\/posts"}],"about":[{"href":"https:\/\/obispadodezaratecampana.org\/index.php?rest_route=\/wp\/v2\/types\/post"}],"author":[{"embeddable":true,"href":"https:\/\/obispadodezaratecampana.org\/index.php?rest_route=\/wp\/v2\/users\/2"}],"replies":[{"embeddable":true,"href":"https:\/\/obispadodezaratecampana.org\/index.php?rest_route=%2Fwp%2Fv2%2Fcomments&post=10161"}],"version-history":[{"count":1,"href":"https:\/\/obispadodezaratecampana.org\/index.php?rest_route=\/wp\/v2\/posts\/10161\/revisions"}],"predecessor-version":[{"id":10163,"href":"https:\/\/obispadodezaratecampana.org\/index.php?rest_route=\/wp\/v2\/posts\/10161\/revisions\/10163"}],"wp:featuredmedia":[{"embeddable":true,"href":"https:\/\/obispadodezaratecampana.org\/index.php?rest_route=\/wp\/v2\/media\/10162"}],"wp:attachment":[{"href":"https:\/\/obispadodezaratecampana.org\/index.php?rest_route=%2Fwp%2Fv2%2Fmedia&parent=10161"}],"wp:term":[{"taxonomy":"category","embeddable":true,"href":"https:\/\/obispadodezaratecampana.org\/index.php?rest_route=%2Fwp%2Fv2%2Fcategories&post=10161"},{"taxonomy":"post_tag","embeddable":true,"href":"https:\/\/obispadodezaratecampana.org\/index.php?rest_route=%2Fwp%2Fv2%2Ftags&post=10161"}],"curies":[{"name":"wp","href":"https:\/\/api.w.org\/{rel}","templated":true}]}}