{"id":10102,"date":"2015-09-04T14:24:01","date_gmt":"2015-09-04T17:24:01","guid":{"rendered":"http:\/\/obispadodezaratecampana.org\/?p=10102"},"modified":"2015-09-04T14:46:02","modified_gmt":"2015-09-04T17:46:02","slug":"5-de-septiembre-beata-madre-teresa-de-calcuta","status":"publish","type":"post","link":"https:\/\/obispadodezaratecampana.org\/?p=10102","title":{"rendered":"5 de septiembre : Beata Madre Teresa de Calcuta"},"content":{"rendered":"<p><strong>Beata Madre Teresa de Calcuta, bienhechora de la humanidad<\/strong><\/p>\n<p>\u201cDe sangre soy albanesa. De ciudadan\u00eda, India. En lo referente a la fe, soy una monja cat\u00f3lica. Por mi vocaci\u00f3n, pertenezco al mundo. En lo que se refiere a mi coraz\u00f3n, pertenezco totalmente al Coraz\u00f3n de Jes\u00fas\u201d, dec\u00eda la Beata Madre Teresa. La Madre Teresa naci\u00f3 un 26 de agosto de 1910 en Skopje. Fue la menor de los hijos de Nikola y Drane Bojaxhiu. La bautizaron con el nombre de Gonxha Agnes. Recibi\u00f3 la primera Comuni\u00f3n a los cinco a\u00f1os y medio; y la Confirmaci\u00f3n la recibi\u00f3 en 1916.<\/p>\n<p><img fetchpriority=\"high\" decoding=\"async\" class=\"size-medium wp-image-10104 aligncenter\" src=\"http:\/\/obispadodezaratecampana.org\/wp-content\/uploads\/2015\/09\/madre-211x300.jpg\" alt=\"madre\" width=\"211\" height=\"300\" srcset=\"https:\/\/obispadodezaratecampana.org\/wp-content\/uploads\/2015\/09\/madre-211x300.jpg 211w, https:\/\/obispadodezaratecampana.org\/wp-content\/uploads\/2015\/09\/madre.jpg 500w\" sizes=\"(max-width: 211px) 100vw, 211px\" \/><\/p>\n<p>A los ocho a\u00f1os muere su padre y su familia pasa por una gran estrechez econ\u00f3mica. Cuando lleg\u00f3 a los 18 a\u00f1os deja la casa para ingresar al Instituto de la Bienaventurada Virgen Mar\u00eda, conocido como las Hermanas de Loreto, en Irlanda. All\u00ed tom\u00f3 el nombre de Hermana Mar\u00eda Teresa por Santa Teresa de Lisieux. Llega a Calcuta el 6 de enero de 1929. Despu\u00e9s de hacer sus primeros votos en mayo de 1931, es destinada a la comunidad de Loreto Entally en esa ciudad de la India donde fue docente de las alumnas del colegio St. Mary.<\/p>\n<p>El 24 de mayo de 1937, la Hermana Teresa hizo su profesi\u00f3n perpetua y lleg\u00f3 a convertirse en directora del mencionado colegio en 1944. Sin embargo, un 10 de septiembre de 1946, durante un viaje de Calcuta a Darjeeling para realizar su retiro anual, Madre Teresa recibi\u00f3 lo que ella llam\u00f3 la \u201cinspiraci\u00f3n\u201d, su \u201cllamada dentro de la llamada\u201d. Aquel d\u00eda la sed de amor y de almas se apoder\u00f3 de su coraz\u00f3n. En las siguientes semanas, mediante locuciones interiores y visiones, el mismo Jes\u00fas le revel\u00f3 su deseo de encontrar \u201cv\u00edctimas de amor\u201d que \u201cirradiasen a las almas su amor\u201d. \u201cVen y s\u00e9 mi luz\u201d, le dijo el Se\u00f1or.<\/p>\n<p>Del mismo modo, le pidi\u00f3 que fundara una congregaci\u00f3n religiosa al servicio de los m\u00e1s pobres entre los pobres. Es as\u00ed que despu\u00e9s de muchas dificultades, el 17 de agosto de 1948 se visit\u00f3 por primera vez con el sari blanco orlado de azul y sali\u00f3 del convento de Loreto para introducirse en el mundo de los pobres.<\/p>\n<p>Recorri\u00f3 los barrios pobres, visit\u00f3 familias, lav\u00f3 las heridas de los ni\u00f1os y ayud\u00f3 a los olvidados. Todos los d\u00edas recib\u00eda la Eucarist\u00eda y sal\u00eda de casa con el rosario en la mano. Luego de algunos meses, se le unieron algunas de sus antiguas alumnas.<\/p>\n<p style=\"text-align: center;\">Imagen presente en el templo parroquial que lleva el nombre de la Beata, en Z\u00e1rate<\/p>\n<p><img decoding=\"async\" class=\" wp-image-10105 aligncenter\" src=\"http:\/\/obispadodezaratecampana.org\/wp-content\/uploads\/2015\/09\/11986490_940155832707607_2237042956020777191_n-168x300.jpg\" alt=\"11986490_940155832707607_2237042956020777191_n\" width=\"185\" height=\"300\" \/><\/p>\n<p>En 1950 se establece oficialmente la Congregaci\u00f3n de las Misioneras de la Caridad. Tiempo despu\u00e9s envi\u00f3 a sus hermanas a otras partes de la India y abre otras casas en Venezuela, Roma, Tanzania y en los cinco continentes.<\/p>\n<p>Con el tiempo funda tambi\u00e9n a los Hermanos Misioneros de la Caridad, la rama contemplativa de las Hermanas, los Hermanos Contemplativos y los Padres Misioneros de la Caridad. As\u00ed como a los Colaboradores de Madre Teresa y a los Colaboradores Enfermos y Sufrientes. Lo que inspir\u00f3 a los Misioneros de la caridad laicos y al movimiento Sacerdotal Corpus Christi.<\/p>\n<p>En 1979 se le otorg\u00f3 el Premio Nobel de la Paz y los medios de comunicaci\u00f3n empezaron a seguir con m\u00e1s atenci\u00f3n sus obras que daban testimonio de la alegr\u00eda de amar y de la grandeza y dignidad de cada persona humana.<\/p>\n<p>Al final de su vida y a pesar de sus problemas de salud, Madre Teresa continu\u00f3 sirviendo a los pobres. Despu\u00e9s de encontrarse por \u00faltima vez con San Juan Pablo II, retorna a Calcuta y el 5 de septiembre de 1997 volvi\u00f3 a la Casa del Padre.<\/p>\n<p>Durante la Misa de beatificaci\u00f3n, el 19 de octubre del 2003, San Juan Pablo II dijo de ella: \u201cVeneremos a esta peque\u00f1a mujer enamorada de Dios, humilde mensajera del Evangelio e infatigable bienhechora de la humanidad. Honremos en ella a una de las personalidades m\u00e1s relevantes de nuestra \u00e9poca. Acojamos su mensaje y sigamos su ejemplo\u201d.<\/p>\n<p>Fuente: ACI PRENSA<\/p>\n<p><strong>Testimonio del padre Nestor Villa Calvo\u00a0<\/strong><\/p>\n<p>El padre Nestor Villa &#8211; Delegado Diocesano de Ecumenismo &#8211; comparti\u00f3 en su perfil de facebook esta foto y reflexi\u00f3n acerca de sus encuentros con la Madre Teresa. Le agradecemos especialmente el testimonio.<\/p>\n<p><img decoding=\"async\" class=\" wp-image-10103 aligncenter\" src=\"http:\/\/obispadodezaratecampana.org\/wp-content\/uploads\/2015\/09\/11894625_875914935816193_3404077554620636952_o-223x300.jpg\" alt=\"11894625_875914935816193_3404077554620636952_o\" width=\"235\" height=\"316\" srcset=\"https:\/\/obispadodezaratecampana.org\/wp-content\/uploads\/2015\/09\/11894625_875914935816193_3404077554620636952_o-223x300.jpg 223w, https:\/\/obispadodezaratecampana.org\/wp-content\/uploads\/2015\/09\/11894625_875914935816193_3404077554620636952_o-763x1024.jpg 763w, https:\/\/obispadodezaratecampana.org\/wp-content\/uploads\/2015\/09\/11894625_875914935816193_3404077554620636952_o.jpg 962w\" sizes=\"(max-width: 235px) 100vw, 235px\" \/><\/p>\n<p>&nbsp;<\/p>\n<p><em>5 DE SEPTIEMBRE &#8211;BEATA TERESA DE CALCUTA.<\/em><\/p>\n<p><em>En tu dia madre Teresa, bienaventurada, dejame recordar las tres veces que estuvimos juntos, en 1973, en la Sacra Congregazione Orientale (Roma). Solo te conoc\u00ecan reducidas personas y por una revista tipo teosofica, PLANETA, luego en 1979-1980 la instalacion en la casa de Bolivar 524. En la foto con Madre Federica,las primeras hermanas y quien escribe con menos a\u00f1os y mas pelo. Madre, protegenos desde tu bienaventuranza en el seno de la Trinidad Sant\u00ecsima.<\/em><\/p>\n<!-- AddThis Advanced Settings generic via filter on the_content --><!-- AddThis Share Buttons generic via filter on the_content -->","protected":false},"excerpt":{"rendered":"<p>Beata Madre Teresa de Calcuta, bienhechora de la humanidad \u201cDe sangre soy albanesa. De ciudadan\u00eda, India. En lo referente a la fe, soy una monja [&hellip;]<!-- AddThis Advanced Settings generic via filter on get_the_excerpt --><!-- AddThis Share Buttons generic via filter on get_the_excerpt --><\/p>\n","protected":false},"author":2,"featured_media":10109,"comment_status":"open","ping_status":"open","sticky":false,"template":"","format":"standard","meta":{"footnotes":""},"categories":[166],"tags":[],"class_list":["post-10102","post","type-post","status-publish","format-standard","has-post-thumbnail","hentry","category-santoral"],"_links":{"self":[{"href":"https:\/\/obispadodezaratecampana.org\/index.php?rest_route=\/wp\/v2\/posts\/10102","targetHints":{"allow":["GET"]}}],"collection":[{"href":"https:\/\/obispadodezaratecampana.org\/index.php?rest_route=\/wp\/v2\/posts"}],"about":[{"href":"https:\/\/obispadodezaratecampana.org\/index.php?rest_route=\/wp\/v2\/types\/post"}],"author":[{"embeddable":true,"href":"https:\/\/obispadodezaratecampana.org\/index.php?rest_route=\/wp\/v2\/users\/2"}],"replies":[{"embeddable":true,"href":"https:\/\/obispadodezaratecampana.org\/index.php?rest_route=%2Fwp%2Fv2%2Fcomments&post=10102"}],"version-history":[{"count":3,"href":"https:\/\/obispadodezaratecampana.org\/index.php?rest_route=\/wp\/v2\/posts\/10102\/revisions"}],"predecessor-version":[{"id":10108,"href":"https:\/\/obispadodezaratecampana.org\/index.php?rest_route=\/wp\/v2\/posts\/10102\/revisions\/10108"}],"wp:featuredmedia":[{"embeddable":true,"href":"https:\/\/obispadodezaratecampana.org\/index.php?rest_route=\/wp\/v2\/media\/10109"}],"wp:attachment":[{"href":"https:\/\/obispadodezaratecampana.org\/index.php?rest_route=%2Fwp%2Fv2%2Fmedia&parent=10102"}],"wp:term":[{"taxonomy":"category","embeddable":true,"href":"https:\/\/obispadodezaratecampana.org\/index.php?rest_route=%2Fwp%2Fv2%2Fcategories&post=10102"},{"taxonomy":"post_tag","embeddable":true,"href":"https:\/\/obispadodezaratecampana.org\/index.php?rest_route=%2Fwp%2Fv2%2Ftags&post=10102"}],"curies":[{"name":"wp","href":"https:\/\/api.w.org\/{rel}","templated":true}]}}