{"id":10092,"date":"2015-09-04T08:59:39","date_gmt":"2015-09-04T11:59:39","guid":{"rendered":"http:\/\/obispadodezaratecampana.org\/?p=10092"},"modified":"2015-09-04T09:15:47","modified_gmt":"2015-09-04T12:15:47","slug":"4-de-septiembre-santa-rosa-de-viterbo","status":"publish","type":"post","link":"https:\/\/obispadodezaratecampana.org\/?p=10092","title":{"rendered":"4 de septiembre: Santa Rosa de Viterbo"},"content":{"rendered":"<p><strong>Santa Rosa de Viterbo &#8211; Virgen &#8211; (1240-1258)<\/strong><\/p>\n<p><img fetchpriority=\"high\" decoding=\"async\" class=\" wp-image-10094 aligncenter\" src=\"http:\/\/obispadodezaratecampana.org\/wp-content\/uploads\/2015\/09\/rosa-300x132.gif\" alt=\"rosa\" width=\"362\" height=\"159\" \/><\/p>\n<p>Los bi\u00f3grafos de Santa Rosa, que naci\u00f3 en Viterbo (Italia) en 1234, de modesta familia, dudan mucho de la veracidad de los prodigios que se le atribuyen desde cuando ten\u00eda tres a\u00f1os de edad. En una biograf\u00eda, llamada Vida II, del 1457, se cuenta, por ejemplo, que cuando la ni\u00f1a ten\u00eda tres a\u00f1os resucit\u00f3 a una t\u00eda materna, transform\u00f3 unos panes en rosas, recompuso milagrosamente una jarra de barro que se hab\u00eda roto. Tambi\u00e9n se le atribuye una actividad de peque\u00f1a predicadora, tan peque\u00f1a que ten\u00eda que subirse a las pilastras de la plaza.<\/p>\n<p>En cambio, es m\u00e1s cre\u00edble el fragmento de la primera Vida, un documento de la \u00e9poca, por el cual sabemos que entre la noche de un jueves (del 1244 o 1250) y la antev\u00edspera de la fiesta de San Nicol\u00e1s, Rosa tuvo una visi\u00f3n que determin\u00f3 su entrada a la Tercera Orden franciscana. Primero se le aparecieron almas de difuntos y despu\u00e9s la Virgen, que la invit\u00f3 a ir donde la superiora local de la Tercera Orden, que deber\u00eda hacerle vestir el h\u00e1bito de las Terciarias y acompa\u00f1arla a visitar tres iglesias como se\u00f1al de su consagraci\u00f3n a Dios.<\/p>\n<p>Desde ese d\u00eda comenz\u00f3 Rosa su &#8220;predicaci\u00f3n&#8221;, o, m\u00e1s exactamente, las exhortaciones que la jovencita hac\u00eda a sus conciudadanos para que cumplieran la obligaci\u00f3n de la penitencia y (le la fidelidad a Dios y a la Iglesia, cuya unidad estaba turbada por la proliferaci\u00f3n de varias herej\u00edas y por las sangrientas luchas civiles. Las exhortaciones de Rosa fueron interpretadas en sentido pol\u00edtico y como abierta oposici\u00f3n al emperador Federico II, y por eso Mainetto de Bovolo mand\u00f3 al destierro a toda la familia de Rosa.<\/p>\n<p>El destierro fue duro pero parece que dur\u00f3 poco por la muerte del emperador, anunciada por Rosa. Cuando regresaba y se encontraba en Vitorquiano, la joven obtuvo la curaci\u00f3n de una ciega llamada Delicada y la conversi\u00f3n de una obstinada hereje, someti\u00e9ndose a la prueba del &#8220;juicio de Dios&#8221;. De regreso a Viterbo, Rosa pidi\u00f3 en vano ser admitida entre las monjas de clausura de la Orden fundada por Clara de As\u00eds.<\/p>\n<p>No se sabe nada de su muerte, acaecida a la edad de dieciocho a\u00f1os. Su cuerpo fue colocado sin f\u00e9retro debajo del pavimento de la iglesia de Santa Mar\u00eda del Poggio y ah\u00ed permaneci\u00f3 dieciocho meses. En el primer reconocimiento fue encontrado intacto y as\u00ed se conserv\u00f3 durante siglos, y cuando hubo un incendio y se quem\u00f3 el f\u00e9retro en donde m\u00e1s tarde se lo hab\u00eda colocado, su cuerpo qued\u00f3 ennegrecido pero no quemado. Los milagros obtenidos por intercesi\u00f3n de Rosa hicieron que se le concediera el t\u00edtulo de santa, aunque nunca se haya hecho su canonizaci\u00f3n oficial.<\/p>\n<p style=\"text-align: center;\"><em>Santa Rosa de Viterbo est\u00e1 incorrupta, sin ning\u00fan tipo de embalsamamiento, (muri\u00f3 en 1253) y su cuerpo se conserva en una bell\u00edsima urna de plata y oro en Viterbo, de donde es patrona. <\/em><\/p>\n<p><img decoding=\"async\" class=\" wp-image-10097 aligncenter\" src=\"http:\/\/obispadodezaratecampana.org\/wp-content\/uploads\/2015\/09\/momia-300x200.jpg\" alt=\"momia\" width=\"341\" height=\"227\" srcset=\"https:\/\/obispadodezaratecampana.org\/wp-content\/uploads\/2015\/09\/momia-300x200.jpg 300w, https:\/\/obispadodezaratecampana.org\/wp-content\/uploads\/2015\/09\/momia.jpg 700w\" sizes=\"(max-width: 341px) 100vw, 341px\" \/><\/p>\n<p><img decoding=\"async\" class=\" wp-image-10098 aligncenter\" src=\"http:\/\/obispadodezaratecampana.org\/wp-content\/uploads\/2015\/09\/cuerpo-de-sta-rosa-300x218.jpg\" alt=\"cuerpo de sta rosa\" width=\"386\" height=\"306\" \/><\/p>\n<p><img loading=\"lazy\" decoding=\"async\" class=\" wp-image-10093 aligncenter\" src=\"http:\/\/obispadodezaratecampana.org\/wp-content\/uploads\/2015\/09\/ima.jpg\" alt=\"ima\" width=\"215\" height=\"277\" \/><\/p>\n<!-- AddThis Advanced Settings generic via filter on the_content --><!-- AddThis Share Buttons generic via filter on the_content -->","protected":false},"excerpt":{"rendered":"<p>Santa Rosa de Viterbo &#8211; Virgen &#8211; (1240-1258) Los bi\u00f3grafos de Santa Rosa, que naci\u00f3 en Viterbo (Italia) en 1234, de modesta familia, dudan mucho [&hellip;]<!-- AddThis Advanced Settings generic via filter on get_the_excerpt --><!-- AddThis Share Buttons generic via filter on get_the_excerpt --><\/p>\n","protected":false},"author":2,"featured_media":10093,"comment_status":"open","ping_status":"open","sticky":false,"template":"","format":"standard","meta":{"footnotes":""},"categories":[166],"tags":[],"class_list":["post-10092","post","type-post","status-publish","format-standard","has-post-thumbnail","hentry","category-santoral"],"_links":{"self":[{"href":"https:\/\/obispadodezaratecampana.org\/index.php?rest_route=\/wp\/v2\/posts\/10092","targetHints":{"allow":["GET"]}}],"collection":[{"href":"https:\/\/obispadodezaratecampana.org\/index.php?rest_route=\/wp\/v2\/posts"}],"about":[{"href":"https:\/\/obispadodezaratecampana.org\/index.php?rest_route=\/wp\/v2\/types\/post"}],"author":[{"embeddable":true,"href":"https:\/\/obispadodezaratecampana.org\/index.php?rest_route=\/wp\/v2\/users\/2"}],"replies":[{"embeddable":true,"href":"https:\/\/obispadodezaratecampana.org\/index.php?rest_route=%2Fwp%2Fv2%2Fcomments&post=10092"}],"version-history":[{"count":4,"href":"https:\/\/obispadodezaratecampana.org\/index.php?rest_route=\/wp\/v2\/posts\/10092\/revisions"}],"predecessor-version":[{"id":10100,"href":"https:\/\/obispadodezaratecampana.org\/index.php?rest_route=\/wp\/v2\/posts\/10092\/revisions\/10100"}],"wp:featuredmedia":[{"embeddable":true,"href":"https:\/\/obispadodezaratecampana.org\/index.php?rest_route=\/wp\/v2\/media\/10093"}],"wp:attachment":[{"href":"https:\/\/obispadodezaratecampana.org\/index.php?rest_route=%2Fwp%2Fv2%2Fmedia&parent=10092"}],"wp:term":[{"taxonomy":"category","embeddable":true,"href":"https:\/\/obispadodezaratecampana.org\/index.php?rest_route=%2Fwp%2Fv2%2Fcategories&post=10092"},{"taxonomy":"post_tag","embeddable":true,"href":"https:\/\/obispadodezaratecampana.org\/index.php?rest_route=%2Fwp%2Fv2%2Ftags&post=10092"}],"curies":[{"name":"wp","href":"https:\/\/api.w.org\/{rel}","templated":true}]}}