{"id":10051,"date":"2015-09-03T13:53:03","date_gmt":"2015-09-03T16:53:03","guid":{"rendered":"http:\/\/obispadodezaratecampana.org\/?p=10051"},"modified":"2015-09-03T13:53:03","modified_gmt":"2015-09-03T16:53:03","slug":"campana-nacional-biblica-2015","status":"publish","type":"post","link":"https:\/\/obispadodezaratecampana.org\/?p=10051","title":{"rendered":"Campa\u00f1a Nacional B\u00edblica 2015"},"content":{"rendered":"<p><img fetchpriority=\"high\" decoding=\"async\" class=\" wp-image-10052 aligncenter\" src=\"http:\/\/obispadodezaratecampana.org\/wp-content\/uploads\/2015\/09\/biblia-215x300.jpg\" alt=\"biblia\" width=\"276\" height=\"300\" \/><\/p>\n<p><span style=\"color: #0000ff;\">\u201cYo los llamo amigos\u201d, es el lema de la Campa\u00f1a B\u00edblica Nacional 2015 que organiza el Departamento de Pastoral B\u00edblica de la Comisi\u00f3n Episcopal de Catequesis y Pastoral B\u00edblica.<\/span><\/p>\n<p>La iniciativa de este a\u00f1o, explicaron los organizadores, se centra en el tema de la revelaci\u00f3n como acto de amistad de Dios con los hombres y se enmarca en la conmemoraci\u00f3n, el 18 de noviembre, de los 50 a\u00f1os de la promulgaci\u00f3n de la constituci\u00f3n dogm\u00e1tica Dei Verbum.<\/p>\n<p>Como lo hace desde hace m\u00e1s de 15 a\u00f1os, el Departamento edit\u00f3 un afiche que se distribuye en forma gratuita a las parroquias, colegios, instituciones y comunidades del pa\u00eds que lo solicitan.<\/p>\n<p>Tambi\u00e9n public\u00f3 a trav\u00e9s de la Oficina del Libro de la Conferencia Episcopal Argentina (CEA) un subsidio b\u00edblico sobre el tema de la manifestaci\u00f3n de la cercan\u00eda amorosa de Dios. Se trata de nueve esquemas de Lectio Divina a partir de textos del evangelio y de la primera carta de San Juan.<\/p>\n<p>El libro puede ser utilizado de diversas formas seg\u00fan las necesidades de cada comunidad y, seg\u00fan se explica, contiene nueve encuentros para permitir que pueda ser base de una novena parroquial.<\/p>\n<p>Asimismo, se anunci\u00f3 que para conmemorar los 50 a\u00f1os de la Dei Verbum se llevar\u00e1n a cabo en la bas\u00edlica San Carlos y Mar\u00eda Auxiliadora (Hip\u00f3lito Yrigoyen y Quintino Bocayuva, en el barrio porte\u00f1o de Almagro) dos jornadas b\u00edblicas de oraci\u00f3n y reflexi\u00f3n.<\/p>\n<p>El mi\u00e9rcoles 23 de septiembre a las 19.30 se celebrar\u00e1 una Eucarist\u00eda presidida por monse\u00f1or Ernesto Giobando SJ, obispo auxiliar de Buenos Aires y vicario episcopal de la Zona Flores, que el domingo siguiente \u2013Domingo B\u00edblico Nacional- ser\u00e1 emitida a las 9 por Canal 21 y la TV P\u00fablica. Luego de la misa, monse\u00f1or Luis Rivas har\u00e1 una semblanza del cardenal Jorge Mar\u00eda Mej\u00eda (+ 2014) y el magister Gerardo Garc\u00eda Helder se referir\u00e1 al presb\u00edtero Alfredo Trusso (+ 2006).<\/p>\n<p>El jueves 24 de septiembre a las 19,30 la Eucarist\u00eda ser\u00e1 presidida por monse\u00f1or Nicol\u00e1s Baisi, obispo auxiliar de La Plata y luego el padre Luis Liberti SVD tendr\u00e1 una exposici\u00f3n acerca de la \u201cInfluencia de obispos y peritos argentinos en la promulgaci\u00f3n de la Dei Verbum\u201d. La entrada es libre y gratuita.<\/p>\n<p>Informes: pastoralbiblicacea@gmail.com.+<\/p>\n<p>Fuente: AICA<\/p>\n<!-- AddThis Advanced Settings generic via filter on the_content --><!-- AddThis Share Buttons generic via filter on the_content -->","protected":false},"excerpt":{"rendered":"<p>\u201cYo los llamo amigos\u201d, es el lema de la Campa\u00f1a B\u00edblica Nacional 2015 que organiza el Departamento de Pastoral B\u00edblica de la Comisi\u00f3n Episcopal de [&hellip;]<!-- AddThis Advanced Settings generic via filter on get_the_excerpt --><!-- AddThis Share Buttons generic via filter on get_the_excerpt --><\/p>\n","protected":false},"author":2,"featured_media":10052,"comment_status":"open","ping_status":"open","sticky":false,"template":"","format":"standard","meta":{"footnotes":""},"categories":[5],"tags":[],"class_list":["post-10051","post","type-post","status-publish","format-standard","has-post-thumbnail","hentry","category-generales"],"_links":{"self":[{"href":"https:\/\/obispadodezaratecampana.org\/index.php?rest_route=\/wp\/v2\/posts\/10051","targetHints":{"allow":["GET"]}}],"collection":[{"href":"https:\/\/obispadodezaratecampana.org\/index.php?rest_route=\/wp\/v2\/posts"}],"about":[{"href":"https:\/\/obispadodezaratecampana.org\/index.php?rest_route=\/wp\/v2\/types\/post"}],"author":[{"embeddable":true,"href":"https:\/\/obispadodezaratecampana.org\/index.php?rest_route=\/wp\/v2\/users\/2"}],"replies":[{"embeddable":true,"href":"https:\/\/obispadodezaratecampana.org\/index.php?rest_route=%2Fwp%2Fv2%2Fcomments&post=10051"}],"version-history":[{"count":1,"href":"https:\/\/obispadodezaratecampana.org\/index.php?rest_route=\/wp\/v2\/posts\/10051\/revisions"}],"predecessor-version":[{"id":10053,"href":"https:\/\/obispadodezaratecampana.org\/index.php?rest_route=\/wp\/v2\/posts\/10051\/revisions\/10053"}],"wp:featuredmedia":[{"embeddable":true,"href":"https:\/\/obispadodezaratecampana.org\/index.php?rest_route=\/wp\/v2\/media\/10052"}],"wp:attachment":[{"href":"https:\/\/obispadodezaratecampana.org\/index.php?rest_route=%2Fwp%2Fv2%2Fmedia&parent=10051"}],"wp:term":[{"taxonomy":"category","embeddable":true,"href":"https:\/\/obispadodezaratecampana.org\/index.php?rest_route=%2Fwp%2Fv2%2Fcategories&post=10051"},{"taxonomy":"post_tag","embeddable":true,"href":"https:\/\/obispadodezaratecampana.org\/index.php?rest_route=%2Fwp%2Fv2%2Ftags&post=10051"}],"curies":[{"name":"wp","href":"https:\/\/api.w.org\/{rel}","templated":true}]}}