{"id":10000,"date":"2015-09-01T19:02:38","date_gmt":"2015-09-01T22:02:38","guid":{"rendered":"http:\/\/obispadodezaratecampana.org\/?p=10000"},"modified":"2015-09-01T19:02:38","modified_gmt":"2015-09-01T22:02:38","slug":"se-realizo-jornada-vocacional-en-derqui-pilar","status":"publish","type":"post","link":"https:\/\/obispadodezaratecampana.org\/?p=10000","title":{"rendered":"Se realiz\u00f3 jornada Vocacional en Derqui &#8211; Pilar"},"content":{"rendered":"<p><strong>:: JORNADA VOCACIONAL EN DERQUI ::<\/strong><\/p>\n<p>Miguel Giraldo \u00a0&#8211; seminarista de nuestra di\u00f3cesis &#8211; comparti\u00f3 \u00a0las fotos y detalle del Encuentro Vocacional(en su perfil de facebook) que han compartido junto a j\u00f3venes de Derqui a fines de agosto. Los padres Hugo Lovatto &#8211; Rector del Seminario Diocesano- y Guillermo Gutierrez \u00a0que compartieron esta iniciativa . Bendiciones para todos.<\/p>\n<p>&lt;&lt; Primer encuentro vocacional realizado el S\u00e1bado 29 de Agosto de 2015 en la Parroquia San Antonio de Padua- Derqui (Pilar).<\/p>\n<p>&#8220;Ustedes son piedras vivas que Dios est\u00e1 usando para construir un templo espiritual. Por lo tanto, ac\u00e9rquense a Jesucristo, pues \u00c9l es la piedra viva que la gente despreci\u00f3, pero que Dios eligi\u00f3 como la piedra m\u00e1s valiosa&#8221; 1 Pedro 2,4 &gt;&gt;<\/p>\n<p><img fetchpriority=\"high\" decoding=\"async\" class=\"size-medium wp-image-10001 aligncenter\" src=\"http:\/\/obispadodezaratecampana.org\/wp-content\/uploads\/2015\/09\/11879165_10206650686898044_6623596099971048157_o-300x225.jpg\" alt=\"11879165_10206650686898044_6623596099971048157_o\" width=\"300\" height=\"225\" srcset=\"https:\/\/obispadodezaratecampana.org\/wp-content\/uploads\/2015\/09\/11879165_10206650686898044_6623596099971048157_o-300x225.jpg 300w, https:\/\/obispadodezaratecampana.org\/wp-content\/uploads\/2015\/09\/11879165_10206650686898044_6623596099971048157_o-1024x768.jpg 1024w, https:\/\/obispadodezaratecampana.org\/wp-content\/uploads\/2015\/09\/11879165_10206650686898044_6623596099971048157_o.jpg 2048w\" sizes=\"(max-width: 300px) 100vw, 300px\" \/><\/p>\n<p><img decoding=\"async\" class=\"size-medium wp-image-10002 aligncenter\" src=\"http:\/\/obispadodezaratecampana.org\/wp-content\/uploads\/2015\/09\/11930882_10206650683137950_9132601623103909719_o-300x225.jpg\" alt=\"11930882_10206650683137950_9132601623103909719_o\" width=\"300\" height=\"225\" srcset=\"https:\/\/obispadodezaratecampana.org\/wp-content\/uploads\/2015\/09\/11930882_10206650683137950_9132601623103909719_o-300x225.jpg 300w, https:\/\/obispadodezaratecampana.org\/wp-content\/uploads\/2015\/09\/11930882_10206650683137950_9132601623103909719_o-1024x768.jpg 1024w, https:\/\/obispadodezaratecampana.org\/wp-content\/uploads\/2015\/09\/11930882_10206650683137950_9132601623103909719_o.jpg 2048w\" sizes=\"(max-width: 300px) 100vw, 300px\" \/><\/p>\n<p><img decoding=\"async\" class=\"wp-image-10003 aligncenter\" src=\"http:\/\/obispadodezaratecampana.org\/wp-content\/uploads\/2015\/09\/11914248_10206650686418032_128447685010614902_o-225x300.jpg\" alt=\"11914248_10206650686418032_128447685010614902_o\" width=\"295\" height=\"300\" \/><\/p>\n<p><img loading=\"lazy\" decoding=\"async\" class=\"wp-image-10004 aligncenter\" src=\"http:\/\/obispadodezaratecampana.org\/wp-content\/uploads\/2015\/09\/11947961_10206650683857968_7391010925966561855_o-225x300.jpg\" alt=\"11947961_10206650683857968_7391010925966561855_o\" width=\"297\" height=\"300\" \/><\/p>\n<p><img loading=\"lazy\" decoding=\"async\" class=\"wp-image-10005 aligncenter\" src=\"http:\/\/obispadodezaratecampana.org\/wp-content\/uploads\/2015\/09\/11875192_10206650682617937_7345096236771281277_o-225x300.jpg\" alt=\"11875192_10206650682617937_7345096236771281277_o\" width=\"256\" height=\"386\" \/><\/p>\n<!-- AddThis Advanced Settings generic via filter on the_content --><!-- AddThis Share Buttons generic via filter on the_content -->","protected":false},"excerpt":{"rendered":"<p>:: JORNADA VOCACIONAL EN DERQUI :: Miguel Giraldo \u00a0&#8211; seminarista de nuestra di\u00f3cesis &#8211; comparti\u00f3 \u00a0las fotos y detalle del Encuentro Vocacional(en su perfil de [&hellip;]<!-- AddThis Advanced Settings generic via filter on get_the_excerpt --><!-- AddThis Share Buttons generic via filter on get_the_excerpt --><\/p>\n","protected":false},"author":2,"featured_media":10002,"comment_status":"open","ping_status":"open","sticky":false,"template":"","format":"standard","meta":{"footnotes":""},"categories":[3],"tags":[],"class_list":["post-10000","post","type-post","status-publish","format-standard","has-post-thumbnail","hentry","category-noticiasparroquiales"],"_links":{"self":[{"href":"https:\/\/obispadodezaratecampana.org\/index.php?rest_route=\/wp\/v2\/posts\/10000","targetHints":{"allow":["GET"]}}],"collection":[{"href":"https:\/\/obispadodezaratecampana.org\/index.php?rest_route=\/wp\/v2\/posts"}],"about":[{"href":"https:\/\/obispadodezaratecampana.org\/index.php?rest_route=\/wp\/v2\/types\/post"}],"author":[{"embeddable":true,"href":"https:\/\/obispadodezaratecampana.org\/index.php?rest_route=\/wp\/v2\/users\/2"}],"replies":[{"embeddable":true,"href":"https:\/\/obispadodezaratecampana.org\/index.php?rest_route=%2Fwp%2Fv2%2Fcomments&post=10000"}],"version-history":[{"count":1,"href":"https:\/\/obispadodezaratecampana.org\/index.php?rest_route=\/wp\/v2\/posts\/10000\/revisions"}],"predecessor-version":[{"id":10006,"href":"https:\/\/obispadodezaratecampana.org\/index.php?rest_route=\/wp\/v2\/posts\/10000\/revisions\/10006"}],"wp:featuredmedia":[{"embeddable":true,"href":"https:\/\/obispadodezaratecampana.org\/index.php?rest_route=\/wp\/v2\/media\/10002"}],"wp:attachment":[{"href":"https:\/\/obispadodezaratecampana.org\/index.php?rest_route=%2Fwp%2Fv2%2Fmedia&parent=10000"}],"wp:term":[{"taxonomy":"category","embeddable":true,"href":"https:\/\/obispadodezaratecampana.org\/index.php?rest_route=%2Fwp%2Fv2%2Fcategories&post=10000"},{"taxonomy":"post_tag","embeddable":true,"href":"https:\/\/obispadodezaratecampana.org\/index.php?rest_route=%2Fwp%2Fv2%2Ftags&post=10000"}],"curies":[{"name":"wp","href":"https:\/\/api.w.org\/{rel}","templated":true}]}}