{"id":9355,"date":"2015-07-03T00:38:02","date_gmt":"2015-07-03T03:38:02","guid":{"rendered":"http:\/\/obispadodezaratecampana.org\/?p=9355"},"modified":"2015-07-03T01:19:12","modified_gmt":"2015-07-03T04:19:12","slug":"fiestas-patronales-seminario-san-pedro-y-san-pablo","status":"publish","type":"post","link":"http:\/\/obispadodezaratecampana.org\/?p=9355","title":{"rendered":"+ Fiestas Patronales:  Seminario San Pedro y San Pablo +"},"content":{"rendered":"<p><strong>Domingo 28 de junio: Fiesta Patronal del Seminario Diocesano<\/strong><\/p>\n<p>En la tarde del domingo 28 de junio, se celebr\u00f3 la santa Misa &#8211; la cual presidi\u00f3 nuestro Obispo Oscar &#8211; con motivo de las Fiestas Patronales del Seminario Diocesano San Pedro y San Pablo .<\/p>\n<p>Pese a las intensas lluvias que persistieron a lo largo de toda la jornada, numerosos fieles se acercaron para compartir esta celebraci\u00f3n, en la capilla del seminario situado en el partido de Campana.<\/p>\n<p>Participaron miembros de la comunidad del seminario: formadores, asesores, seminaristas &#8211; que se est\u00e1n preparando para ser sacerdotes- , familiares y amigos.<\/p>\n<p>Con posterioridad a la liturgia, los presentes disfrutaron de una rica merienda.<\/p>\n<p>Cabe recordar que el 29 de junio, es la solemnidad de los Santos Pedro y Pablo, y que el seminario de nuestra di\u00f3cesis debe su nombre a estos dos pilares de nuestra iglesia.<\/p>\n<p>En este enlace &#8211; correspondiente a la fan page del Obispado de Z\u00e1rate-Campana- \u00a0puede verse el \u00e1lbum completo con las fotos de la celebraci\u00f3n, dado que esta publicaci\u00f3n compartimos solo alguna de ellas :<\/p>\n<p><a title=\"pyp\" href=\"https:\/\/www.facebook.com\/media\/set\/?set=a.1615173235435185.1073741848.1578905429061966&amp;type=3\" target=\"_blank\">https:\/\/www.facebook.com\/media\/set\/?set=a.1615173235435185.1073741848.1578905429061966&amp;type=3<\/a><\/p>\n<p>&nbsp;<\/p>\n<p><img fetchpriority=\"high\" decoding=\"async\" class=\"size-medium wp-image-9358 aligncenter\" src=\"http:\/\/obispadodezaratecampana.org\/wp-content\/uploads\/2015\/07\/misa-300x200.jpg\" alt=\"misa\" width=\"300\" height=\"200\" srcset=\"http:\/\/obispadodezaratecampana.org\/wp-content\/uploads\/2015\/07\/misa-300x200.jpg 300w, http:\/\/obispadodezaratecampana.org\/wp-content\/uploads\/2015\/07\/misa.jpg 960w\" sizes=\"(max-width: 300px) 100vw, 300px\" \/><\/p>\n<p><img decoding=\"async\" class=\"size-medium wp-image-9359 aligncenter\" src=\"http:\/\/obispadodezaratecampana.org\/wp-content\/uploads\/2015\/07\/misag-300x261.jpg\" alt=\"misag\" width=\"300\" height=\"261\" srcset=\"http:\/\/obispadodezaratecampana.org\/wp-content\/uploads\/2015\/07\/misag-300x261.jpg 300w, http:\/\/obispadodezaratecampana.org\/wp-content\/uploads\/2015\/07\/misag.jpg 960w\" sizes=\"(max-width: 300px) 100vw, 300px\" \/><\/p>\n<p><img decoding=\"async\" class=\"size-medium wp-image-9360 aligncenter\" src=\"http:\/\/obispadodezaratecampana.org\/wp-content\/uploads\/2015\/07\/misaf-300x200.jpg\" alt=\"misaf\" width=\"300\" height=\"200\" srcset=\"http:\/\/obispadodezaratecampana.org\/wp-content\/uploads\/2015\/07\/misaf-300x200.jpg 300w, http:\/\/obispadodezaratecampana.org\/wp-content\/uploads\/2015\/07\/misaf.jpg 960w\" sizes=\"(max-width: 300px) 100vw, 300px\" \/><\/p>\n<p><img loading=\"lazy\" decoding=\"async\" class=\"size-medium wp-image-9361 aligncenter\" src=\"http:\/\/obispadodezaratecampana.org\/wp-content\/uploads\/2015\/07\/misae-300x235.jpg\" alt=\"misae\" width=\"300\" height=\"235\" srcset=\"http:\/\/obispadodezaratecampana.org\/wp-content\/uploads\/2015\/07\/misae-300x235.jpg 300w, http:\/\/obispadodezaratecampana.org\/wp-content\/uploads\/2015\/07\/misae.jpg 960w\" sizes=\"(max-width: 300px) 100vw, 300px\" \/><\/p>\n<p><img loading=\"lazy\" decoding=\"async\" class=\"size-medium wp-image-9362 aligncenter\" src=\"http:\/\/obispadodezaratecampana.org\/wp-content\/uploads\/2015\/07\/misad-300x200.jpg\" alt=\"misad\" width=\"300\" height=\"200\" srcset=\"http:\/\/obispadodezaratecampana.org\/wp-content\/uploads\/2015\/07\/misad-300x200.jpg 300w, http:\/\/obispadodezaratecampana.org\/wp-content\/uploads\/2015\/07\/misad.jpg 960w\" sizes=\"(max-width: 300px) 100vw, 300px\" \/><\/p>\n<p><img loading=\"lazy\" decoding=\"async\" class=\"size-medium wp-image-9363 aligncenter\" src=\"http:\/\/obispadodezaratecampana.org\/wp-content\/uploads\/2015\/07\/misac-300x200.jpg\" alt=\"misac\" width=\"300\" height=\"200\" srcset=\"http:\/\/obispadodezaratecampana.org\/wp-content\/uploads\/2015\/07\/misac-300x200.jpg 300w, http:\/\/obispadodezaratecampana.org\/wp-content\/uploads\/2015\/07\/misac.jpg 960w\" sizes=\"(max-width: 300px) 100vw, 300px\" \/><\/p>\n<p><img loading=\"lazy\" decoding=\"async\" class=\"size-medium wp-image-9364 aligncenter\" src=\"http:\/\/obispadodezaratecampana.org\/wp-content\/uploads\/2015\/07\/misab-300x200.jpg\" alt=\"misab\" width=\"300\" height=\"200\" srcset=\"http:\/\/obispadodezaratecampana.org\/wp-content\/uploads\/2015\/07\/misab-300x200.jpg 300w, http:\/\/obispadodezaratecampana.org\/wp-content\/uploads\/2015\/07\/misab.jpg 960w\" sizes=\"(max-width: 300px) 100vw, 300px\" \/><\/p>\n<p><img loading=\"lazy\" decoding=\"async\" class=\"size-medium wp-image-9367 aligncenter\" src=\"http:\/\/obispadodezaratecampana.org\/wp-content\/uploads\/2015\/07\/misay-300x200.jpg\" alt=\"misay\" width=\"300\" height=\"200\" srcset=\"http:\/\/obispadodezaratecampana.org\/wp-content\/uploads\/2015\/07\/misay-300x200.jpg 300w, http:\/\/obispadodezaratecampana.org\/wp-content\/uploads\/2015\/07\/misay.jpg 960w\" sizes=\"(max-width: 300px) 100vw, 300px\" \/><\/p>\n<p><img loading=\"lazy\" decoding=\"async\" class=\"size-medium wp-image-9368 aligncenter\" src=\"http:\/\/obispadodezaratecampana.org\/wp-content\/uploads\/2015\/07\/misax-300x200.jpg\" alt=\"misax\" width=\"300\" height=\"200\" srcset=\"http:\/\/obispadodezaratecampana.org\/wp-content\/uploads\/2015\/07\/misax-300x200.jpg 300w, http:\/\/obispadodezaratecampana.org\/wp-content\/uploads\/2015\/07\/misax.jpg 960w\" sizes=\"(max-width: 300px) 100vw, 300px\" \/><\/p>\n<p><img loading=\"lazy\" decoding=\"async\" class=\"size-medium wp-image-9369 aligncenter\" src=\"http:\/\/obispadodezaratecampana.org\/wp-content\/uploads\/2015\/07\/misatt-300x200.jpg\" alt=\"misatt\" width=\"300\" height=\"200\" srcset=\"http:\/\/obispadodezaratecampana.org\/wp-content\/uploads\/2015\/07\/misatt-300x200.jpg 300w, http:\/\/obispadodezaratecampana.org\/wp-content\/uploads\/2015\/07\/misatt.jpg 960w\" sizes=\"(max-width: 300px) 100vw, 300px\" \/><\/p>\n<p><img loading=\"lazy\" decoding=\"async\" class=\"size-medium wp-image-9366 aligncenter\" src=\"http:\/\/obispadodezaratecampana.org\/wp-content\/uploads\/2015\/07\/misat-300x200.jpg\" alt=\"misat\" width=\"300\" height=\"200\" srcset=\"http:\/\/obispadodezaratecampana.org\/wp-content\/uploads\/2015\/07\/misat-300x200.jpg 300w, http:\/\/obispadodezaratecampana.org\/wp-content\/uploads\/2015\/07\/misat.jpg 960w\" sizes=\"(max-width: 300px) 100vw, 300px\" \/><\/p>\n<p><strong>AUDIOS: \u00a0MONSE\u00d1OR SARLINGA Y EL PADRE HUGO LOVATTO<\/strong><\/p>\n<p>En este link pueden escuchar la homil\u00eda de nuestro Obispo Oscar durante la celebraci\u00f3n lit\u00fargica:<\/p>\n<p><a title=\"oscar\" href=\"https:\/\/soundcloud.com\/obispado-z-rate-campana\/patronales-seminario-sp-y-sp-homilia-mons-sarlinga\" target=\"_blank\">https:\/\/soundcloud.com\/obispado-z-rate-campana\/patronales-seminario-sp-y-sp-homilia-mons-sarlinga<\/a><\/p>\n<p><img loading=\"lazy\" decoding=\"async\" class=\"size-medium wp-image-9357 aligncenter\" src=\"http:\/\/obispadodezaratecampana.org\/wp-content\/uploads\/2015\/07\/oscar-300x200.jpg\" alt=\"oscar\" width=\"300\" height=\"200\" srcset=\"http:\/\/obispadodezaratecampana.org\/wp-content\/uploads\/2015\/07\/oscar-300x200.jpg 300w, http:\/\/obispadodezaratecampana.org\/wp-content\/uploads\/2015\/07\/oscar.jpg 960w\" sizes=\"(max-width: 300px) 100vw, 300px\" \/><\/p>\n<p>En este link pueden escuchar las palabras del Rector del Seminario, el padre Hugo Lovatto al finalizar la Santa Misa:<\/p>\n<p><a title=\"hugo\" href=\"https:\/\/soundcloud.com\/obispado-z-rate-campana\/director-seminario-sp-y-sp-pbro-hugo-lovatto-patronales-2015\" target=\"_blank\">https:\/\/soundcloud.com\/obispado-z-rate-campana\/director-seminario-sp-y-sp-pbro-hugo-lovatto-patronales-2015<\/a><\/p>\n<p><img loading=\"lazy\" decoding=\"async\" class=\"size-medium wp-image-9356 aligncenter\" src=\"http:\/\/obispadodezaratecampana.org\/wp-content\/uploads\/2015\/07\/hugo-300x200.jpg\" alt=\"hugo\" width=\"300\" height=\"200\" srcset=\"http:\/\/obispadodezaratecampana.org\/wp-content\/uploads\/2015\/07\/hugo-300x200.jpg 300w, http:\/\/obispadodezaratecampana.org\/wp-content\/uploads\/2015\/07\/hugo.jpg 960w\" sizes=\"(max-width: 300px) 100vw, 300px\" \/><\/p>\n<p>PERFIL DE FACEBOOK DEL SEMINARIO:<\/p>\n<p><a title=\"semi\" href=\"https:\/\/www.facebook.com\/seminariozaratecampana?fref=ts\" target=\"_blank\">https:\/\/www.facebook.com\/seminariozaratecampana?fref=ts<\/a><\/p>\n<!-- AddThis Advanced Settings generic via filter on the_content --><!-- AddThis Share Buttons generic via filter on the_content -->","protected":false},"excerpt":{"rendered":"<p>Domingo 28 de junio: Fiesta Patronal del Seminario Diocesano En la tarde del domingo 28 de junio, se celebr\u00f3 la santa Misa &#8211; la cual [&hellip;]<!-- AddThis Advanced Settings generic via filter on get_the_excerpt --><!-- AddThis Share Buttons generic via filter on get_the_excerpt --><\/p>\n","protected":false},"author":2,"featured_media":9358,"comment_status":"open","ping_status":"open","sticky":false,"template":"","format":"standard","meta":{"footnotes":""},"categories":[1],"tags":[],"class_list":["post-9355","post","type-post","status-publish","format-standard","has-post-thumbnail","hentry","category-noticiasdiocesanas"],"_links":{"self":[{"href":"http:\/\/obispadodezaratecampana.org\/index.php?rest_route=\/wp\/v2\/posts\/9355","targetHints":{"allow":["GET"]}}],"collection":[{"href":"http:\/\/obispadodezaratecampana.org\/index.php?rest_route=\/wp\/v2\/posts"}],"about":[{"href":"http:\/\/obispadodezaratecampana.org\/index.php?rest_route=\/wp\/v2\/types\/post"}],"author":[{"embeddable":true,"href":"http:\/\/obispadodezaratecampana.org\/index.php?rest_route=\/wp\/v2\/users\/2"}],"replies":[{"embeddable":true,"href":"http:\/\/obispadodezaratecampana.org\/index.php?rest_route=%2Fwp%2Fv2%2Fcomments&post=9355"}],"version-history":[{"count":5,"href":"http:\/\/obispadodezaratecampana.org\/index.php?rest_route=\/wp\/v2\/posts\/9355\/revisions"}],"predecessor-version":[{"id":9371,"href":"http:\/\/obispadodezaratecampana.org\/index.php?rest_route=\/wp\/v2\/posts\/9355\/revisions\/9371"}],"wp:featuredmedia":[{"embeddable":true,"href":"http:\/\/obispadodezaratecampana.org\/index.php?rest_route=\/wp\/v2\/media\/9358"}],"wp:attachment":[{"href":"http:\/\/obispadodezaratecampana.org\/index.php?rest_route=%2Fwp%2Fv2%2Fmedia&parent=9355"}],"wp:term":[{"taxonomy":"category","embeddable":true,"href":"http:\/\/obispadodezaratecampana.org\/index.php?rest_route=%2Fwp%2Fv2%2Fcategories&post=9355"},{"taxonomy":"post_tag","embeddable":true,"href":"http:\/\/obispadodezaratecampana.org\/index.php?rest_route=%2Fwp%2Fv2%2Ftags&post=9355"}],"curies":[{"name":"wp","href":"https:\/\/api.w.org\/{rel}","templated":true}]}}