{"id":9321,"date":"2015-06-28T15:07:20","date_gmt":"2015-06-28T18:07:20","guid":{"rendered":"http:\/\/obispadodezaratecampana.org\/?p=9321"},"modified":"2015-06-28T15:07:20","modified_gmt":"2015-06-28T18:07:20","slug":"ss-francisco-el-domingo-28-de-junio","status":"publish","type":"post","link":"http:\/\/obispadodezaratecampana.org\/?p=9321","title":{"rendered":"SS Francisco el domingo 28 de junio"},"content":{"rendered":"<p>Como todos los domingos el Papa Francisco se asom\u00f3 a la ventana del Palacio Apost\u00f3lico para rezar junto a los miles de fieles y peregrinos provenientes de Roma y de diversos pa\u00edses del mundo la oraci\u00f3n mariana del \u00c1ngelus dominical.<\/p>\n<p>En su meditaci\u00f3n sobre el Evangelio del d\u00eda, que presenta la s\u00faplica a Jes\u00fas por parte de uno de los jefes de la sinagoga para que imponga las manos a su hija de doce a\u00f1os que est\u00e1 muriendo, y mismo episodio en el que el evangelista Juan narra acerca de la mujer que sufr\u00eda p\u00e9rdidas de sangre y que sigue a Jes\u00fas en medio de la multitud para tocar su manto y ser salvada, el Pont\u00edfice evidencia que ambos episodios, que concluyen con la sanaci\u00f3n de la mujer enferma y con la resurrecci\u00f3n de la ni\u00f1a, tienen un \u00fanico centro que es la fe.<\/p>\n<p>El Papa subray\u00f3 en su reflexi\u00f3n que \u201ctodo el Evangelio est\u00e1 escrito en la luz de esta fe\u201d, en la de \u201cJesucristo que ha resucitado y vencido la muerte\u201d, y por cuya victoria \u201ctambi\u00e9n nosotros resucitaremos\u201d; y asimismo advirti\u00f3 que la fe, \u201cque en los primeros cristianos era segura\u201d, puede \u201capa\u00f1arse y hacerse incierta\u201d hasta el punto \u201cque algunos confundan la resurrecci\u00f3n con la reencarnaci\u00f3n\u201d.<\/p>\n<p>As\u00ed el Pastor de la Iglesia Universal, indica que precisamente \u201cla Palabra de Dios de este domingo nos invita a vivir en la certeza de la resurrecci\u00f3n\u201d.<\/p>\n<p>\u201cJes\u00fas es el Se\u00f1or, tiene poder sobre el mal y sobre la muerte, y quiere llevarnos a la casa del Padre, en donde reina la vida\u201d.<\/p>\n<p>\u201cQuien cree en Cristo, debe reconocerse\u201d dijo tambi\u00e9n el Obispo de Roma, \u201cporque promueve la vida en toda situaci\u00f3n, para hacer experimentar a todos, especialmente a los m\u00e1s d\u00e9biles el amor de Dios que libera y salva\u201d, y exhort\u00f3 a pedir al Se\u00f1or por intercesi\u00f3n de la Virgen Mar\u00eda, \u201cel don de una fe fuerte y valerosa, que nos empuje a ser difusores de esperanza y de vida entre nuestros hermanos\u201d.<\/p>\n<p><strong><span style=\"color: #343434;\">Texto completo\u00a0de la meditaci\u00f3n<\/span>\u00a0<span style=\"color: #343434;\">del\u00a0<\/span>Papa<span style=\"color: #343434;\">\u00a0antes de la oraci\u00f3n del\u00a0<\/span>\u00c1ngelus<\/strong><\/p>\n<p>Queridos hermanos y hermanas, \u00a1buenos d\u00edas!<\/p>\n<p>El Evangelio de hoy presenta el relato de la resurrecci\u00f3n de una ni\u00f1a de doce a\u00f1os, hija de uno de los jefes de la sinagoga, el cual se arroja a los pies de Jes\u00fas y le suplica: \u201cMi hijita se est\u00e1 muriendo; ven a imponerle las manos, para que se cure y viva\u201d (Mc 5, 23). En esta oraci\u00f3n sentimos la preocupaci\u00f3n de todo padre por la vida y por el bien de sus hijos. Pero sentimos tambi\u00e9n la gran fe que aquel hombre tiene en Jes\u00fas. Y cuando llega la noticia que la ni\u00f1a ha muerto, Jes\u00fas le dice: \u201cNo temas, basta que creas\u201d (v. 36). \u00a1Da coraje esta palabra de Jes\u00fas! Y tambi\u00e9n la dice a nosotros tantas veces: \u201cNo temas, solamente ten fe\u201d. Una vez entrado en la casa, el Se\u00f1or hizo salir a toda la gente que llora y grita y se dirige a la ni\u00f1a muerta, diciendo: \u201c\u00a1Ni\u00f1a, yo te lo ordeno, lev\u00e1ntate!\u201d (v. 41). E inmediatamente la ni\u00f1a se levant\u00f3 y comenz\u00f3 a caminar. Aqu\u00ed se ve el poder absoluto de Jes\u00fas sobre la muerte, que para \u00c9l es como un sue\u00f1o del cual nos puede despertar. \u00a1Jes\u00fas ha vencido la muerte, y tiene tambi\u00e9n poder sobre la muerte f\u00edsica!<\/p>\n<p>Al interno de este relato, el Evangelista introduce otro episodio: la curaci\u00f3n de una mujer que desde hac\u00eda doce a\u00f1os sufr\u00eda de p\u00e9rdidas de sangre. A causa de esta enfermedad que seg\u00fan la cultura del tiempo la hac\u00eda \u201cimpura\u201d, ella deb\u00eda evitar todo contacto humano: pobrecita, estaba condenada a una muerte civil. Esta mujer an\u00f3nima, en medio a la multitud que sigue a Jes\u00fas, dijo a s\u00ed misma: \u201cCon s\u00f3lo tocar su manto quedar\u00e9 curada\u201d (v. 28). Y as\u00ed sucedi\u00f3: la necesidad de ser liberada la empuj\u00f3 a probar y la fe \u201carranca\u201d, por as\u00ed decir, al Se\u00f1or la curaci\u00f3n. Qui\u00e9n cree \u201ctoca\u201d a Jes\u00fas y toma de \u00c9l la gracia que salva. La fe es esto: tocar a Jes\u00fas y tomar de \u00c9l la gracia que salva. Nos salva, nos salva la vida espiritual, nos salva de tantos problemas. Jes\u00fas se da cuenta y en medio a la gente, busca el rostro de aquella mujer. Ella se adelanta temblorosa y \u00c9l le dice: \u201cHija, tu fe te ha salvado. Vete en paz, y queda curada de tu enfermedad\u201d (v. 34). Es la voz del Padre celestial que habla en Jes\u00fas: \u201c\u00a1Hija, no est\u00e1s condenada, no est\u00e1s excluida, eres mi hija!\u201d Y cada vez que Jes\u00fas se acerca a nosotros, cuando nosotros vamos hacia \u00c9l con la fe, escuchamos esto del Padre: \u201cHijo, t\u00fa eres mi hijo, t\u00fa eres mi hija, t\u00fa te has curado, t\u00fa est\u00e1s curada. Yo perdono a todos y todo. Yo curo todo y a todos\u201d.<\/p>\n<p>Estos dos episodios \u2013 una curaci\u00f3n y una resurrecci\u00f3n \u2013 tienen un \u00fanico centro: la fe. El mensaje es claro, y se puede resumir en una pregunta: \u00bfcreemos que Jes\u00fas \u2013 una pregunta que nos hacemos nosotros &#8211; nos puede curar y nos puede despertar de la muerte? Todo el Evangelio est\u00e1 escrito en la luz de esta fe: Jes\u00fas ha resucitado, ha vencido la muerte, y por esta victoria suya tambi\u00e9n nosotros resucitaremos. Esta fe, que para los primeros cristianos era segura, puede empa\u00f1arse y hacerse incierta, al punto que algunos confunden resurrecci\u00f3n con reencarnaci\u00f3n. Pero la Palabra de Dios de este domingo nos invita a vivir en la certeza de la resurrecci\u00f3n: Jes\u00fas es el Se\u00f1or, Jes\u00fas tiene poder sobre el mal y sobre la muerte, y quiere llevarnos a la casa del Padre, en donde reina la vida. Y all\u00ed nos encontraremos todos, todos los que estamos en la plaza hoy, nos encontraremos en la casa del Padre, en la vida que Jes\u00fas nos dar\u00e1.<\/p>\n<p>La Resurrecci\u00f3n de Cristo act\u00faa en la historia como principio de renovaci\u00f3n y de esperanza. Cualquier persona que est\u00e1 desesperada y cansada hasta la muerte, si se conf\u00eda en Jes\u00fas y en su amor puede recomenzar a vivir. Tambi\u00e9n recomenzar una nueva vida, cambiar vida es un modo de resurgir, de resucitar. La fe es una fuerza de vida, da plenitud a nuestra humanidad; y quien cree en Cristo se debe reconocer porque promueve la vida en toda situaci\u00f3n, para hacer experimentar a todos, especialmente a los m\u00e1s d\u00e9biles, el amor de Dios que libera y salva.<\/p>\n<p>Pidamos al Se\u00f1or, por intercesi\u00f3n de la Virgen Mar\u00eda, el don de una fe fuerte y valerosa, que nos empuje a ser difusores de esperanza y de vida entre nuestros hermanos.<\/p>\n<p><strong>Saludos del Papa despu\u00e9s de la oraci\u00f3n mariana<\/strong><\/p>\n<p>Queridos hermanos y hermanas,<\/p>\n<p>Dirijo mi saludo a todos ustedes, romanos y peregrinos.<\/p>\n<p>Saludo en particular a los participantes en la marcha \u201cUna tierra, una familia humana\u201d. Animo la colaboraci\u00f3n entre personas y asociaciones de diferentes religiones para la promoci\u00f3n de una ecolog\u00eda integral. Agradezco a FOCSIV, OurVoices y a los dem\u00e1s organizadores y les deseo un buen trabajo a los j\u00f3venes de los diversos pa\u00edses que en estos d\u00edas se confrontan sobre el cuidado de la casa com\u00fan.<\/p>\n<p>\u00a1Veo muchas banderas bolivianas! Saludo cordialmente al grupo de bolivianos residentes en Italia, que han tra\u00eddo hasta aqu\u00ed algunas de las im\u00e1genes de la Virgen m\u00e1s representativas de su pa\u00eds. La Virgen de Urcupi\u00f1a, la Virgen de Copacabana y tantas otras. La semana que viene estar\u00e9 en vuestra Patria. Que nuestra Madre del cielo los proteja. Un saludo tambi\u00e9n para el grupo de j\u00f3venes de Ibiza que se preparan para recibir la Confirmaci\u00f3n. Se lo ruego, recen por m\u00ed.<\/p>\n<p>Saludo a las Gu\u00edas, es decir, a las mujeres scout. Son muy buenas estas mujeres, muy buenas, y hacen mucho bien. Son las mujeres scout que pertenecen a la Conferencia Internacional Cat\u00f3lica y les renuevo mi aliento. \u00a1Muchas gracias a ustedes!<\/p>\n<p>Saludo a los fieles de Novoli, la coral polif\u00f3nica de Augusta, a los chicos de algunas parroquias de la di\u00f3cesis de Padua que recibieron la Confirmaci\u00f3n, a los \u201cAbuelos de Sydney\u201d, asociaci\u00f3n de ancianos emigrados en Australia que han venido aqu\u00ed con sus nietos; a los ni\u00f1os de Chernobyl y las familias de Este y Ospedaletto que los alojan; a los ciclistas y motociclistas provenientes de Cardito y a los aficionados a los coches de \u00e9poca.<\/p>\n<p>A todos les deseo un buen domingo y un buen almuerzo. Y por favor, no se olviden de rezar por m\u00ed. Gracias.<\/p>\n<p>Fuente: www.news.va<\/p>\n<!-- AddThis Advanced Settings generic via filter on the_content --><!-- AddThis Share Buttons generic via filter on the_content -->","protected":false},"excerpt":{"rendered":"<p>Como todos los domingos el Papa Francisco se asom\u00f3 a la ventana del Palacio Apost\u00f3lico para rezar junto a los miles de fieles y peregrinos [&hellip;]<!-- AddThis Advanced Settings generic via filter on get_the_excerpt --><!-- AddThis Share Buttons generic via filter on get_the_excerpt --><\/p>\n","protected":false},"author":2,"featured_media":9322,"comment_status":"open","ping_status":"open","sticky":false,"template":"","format":"standard","meta":{"footnotes":""},"categories":[161],"tags":[],"class_list":["post-9321","post","type-post","status-publish","format-standard","has-post-thumbnail","hentry","category-el-papa-leonxiv"],"_links":{"self":[{"href":"http:\/\/obispadodezaratecampana.org\/index.php?rest_route=\/wp\/v2\/posts\/9321","targetHints":{"allow":["GET"]}}],"collection":[{"href":"http:\/\/obispadodezaratecampana.org\/index.php?rest_route=\/wp\/v2\/posts"}],"about":[{"href":"http:\/\/obispadodezaratecampana.org\/index.php?rest_route=\/wp\/v2\/types\/post"}],"author":[{"embeddable":true,"href":"http:\/\/obispadodezaratecampana.org\/index.php?rest_route=\/wp\/v2\/users\/2"}],"replies":[{"embeddable":true,"href":"http:\/\/obispadodezaratecampana.org\/index.php?rest_route=%2Fwp%2Fv2%2Fcomments&post=9321"}],"version-history":[{"count":1,"href":"http:\/\/obispadodezaratecampana.org\/index.php?rest_route=\/wp\/v2\/posts\/9321\/revisions"}],"predecessor-version":[{"id":9323,"href":"http:\/\/obispadodezaratecampana.org\/index.php?rest_route=\/wp\/v2\/posts\/9321\/revisions\/9323"}],"wp:featuredmedia":[{"embeddable":true,"href":"http:\/\/obispadodezaratecampana.org\/index.php?rest_route=\/wp\/v2\/media\/9322"}],"wp:attachment":[{"href":"http:\/\/obispadodezaratecampana.org\/index.php?rest_route=%2Fwp%2Fv2%2Fmedia&parent=9321"}],"wp:term":[{"taxonomy":"category","embeddable":true,"href":"http:\/\/obispadodezaratecampana.org\/index.php?rest_route=%2Fwp%2Fv2%2Fcategories&post=9321"},{"taxonomy":"post_tag","embeddable":true,"href":"http:\/\/obispadodezaratecampana.org\/index.php?rest_route=%2Fwp%2Fv2%2Ftags&post=9321"}],"curies":[{"name":"wp","href":"https:\/\/api.w.org\/{rel}","templated":true}]}}