{"id":9314,"date":"2015-06-27T20:24:03","date_gmt":"2015-06-27T23:24:03","guid":{"rendered":"http:\/\/obispadodezaratecampana.org\/?p=9314"},"modified":"2015-06-27T20:24:03","modified_gmt":"2015-06-27T23:24:03","slug":"francisco-crea-la-secretaria-para-la-comunicacion","status":"publish","type":"post","link":"http:\/\/obispadodezaratecampana.org\/?p=9314","title":{"rendered":"Francisco crea la Secretar\u00eda para la Comunicaci\u00f3n"},"content":{"rendered":"<p><em>El Papa Francisco ha creado con un Motu Proprio un nuevo dicasterio de la Curia Romana: la Secretar\u00eda para la Comunicaci\u00f3n, organismo en el cual \u2013 se afirma \u2013 \u201cconfluir\u00e1n en los tiempos establecidos\u201d el Pontificio Consejo para las Comunicaciones Sociales, la Oficina de Prensa de la Santa Sede, el Servicio Internet Vaticano, Radio Vaticana, el Centro Televisivo Vaticano, L\u2019Osservatore Romano, la Tipograf\u00eda Vaticana, el Servicio Fotogr\u00e1fico, la Librer\u00eda Editora Vaticana. El Prefecto de la flamante Secretar\u00eda para la Comunicaci\u00f3n ser\u00e1 Mons. Dario Edoardo Vigan\u00f2. El servicio es de nuestro colega Alessandro de Carolis.<\/em><\/p>\n<p>\u201cSaneamiento\u201d y \u201creorganizaci\u00f3n\u201d en el sentido de una integraci\u00f3n de los medios de comunicaci\u00f3n vaticanos, porque \u201cel actual contexto comunicativo, caracterizado por la presencia y el desarrollo de los medios digitales, por los factores de la convergencia y de la interactividad, necesita una reflexi\u00f3n del sistema informativo de la Santa Sede\u201d. As\u00ed comienza el Papa Francisco su Motu Proprio explicando las razones de la reforma del sector medi\u00e1tico.<\/p>\n<p>Gesti\u00f3n unitaria<\/p>\n<p>El Motu Proprio habla de un largo trabajo de proyecto y reforma iniciado un a\u00f1o atr\u00e1s y finalizado por la Comisi\u00f3n para los Medios Vaticanos, instituida el pasado 30 de abril. La voluntad de Francisco es que tal reorganizaci\u00f3n \u201cvalorizando cuanto en la historia se ha desarrollado al interno de la estructura de la comunicaci\u00f3n de la Sede Apost\u00f3lica, proceda decididamente hacia una integraci\u00f3n y gesti\u00f3n unitaria\u201d. Con la nueva \u201cSecretar\u00eda para la Comunicaci\u00f3n\u201d, concluye el Pont\u00edfice, \u201cel sistema comunicativo de la Santa Sede responder\u00e1 siempre mejor a las exigencias de la misi\u00f3n de la Iglesia\u201d.<\/p>\n<p>Los cargos<\/p>\n<p>Para dirigir la nueva estructura, el Papa Francisco ha llamado a Mons. Dario Edoardo Vigan\u00f2, Director del Centro Televisivo Vaticano, con quien cooperar\u00e1 Mons. Lucio Adri\u00e1n Ruiz, Jefe de la oficina del Servicio Internet Vaticano. El Director General ser\u00e1 Paolo Nusiner, Director General del diario \u201cAvvenire\u201d, Nueva Editorial Italiana y vice Director, Giacomo Ghisani, Responsable de Relaciones Internacionales y Asuntos Legales de Radio Vaticano y miembro del Consejo de Administraci\u00f3n del Centro Televisivo Vaticano.<\/p>\n<p>Una gradual integraci\u00f3n<\/p>\n<p>Entrando en detalles, el primero de los cuatro art\u00edculos del Motu Proprio establece que \u201cen los tiempos establecidos\u201d confluir\u00e1n en la nueva Secretar\u00eda el Pontificio Consejo para las Comunicaciones Sociales, la Oficina de Prensa de la Santa Sede, el Servicio Internet Vaticano, Radio Vaticano, el Centro Televisivo Vaticano, L\u2019Osservatore Romano, la Tipograf\u00eda Vaticana, el Servicio Fotogr\u00e1fico, la Librer\u00eda Editora Vaticana.<\/p>\n<p>Con la entrada en vigor del Motu Proprio todos estos organismos deber\u00e1n, afirma el art. 2, \u201cproseguir en las propias actividades, ateni\u00e9ndose a las indicaciones dadas por la Secretar\u00eda para la Comunicaci\u00f3n\u201d. El art. 3 afirma que el nuevo dicasterio, \u201cde acuerdo con la Secretar\u00eda de Estado, asumir\u00e1 el sitio web institucional de la Santa Sede \u201cvatican.va\u201d y el servicio Twitter del Sumo Pont\u00edfice \u201c@pontifex\u201d<\/p>\n<p>El \u00faltimo art\u00edculo fija el 29 de junio de 2015 como fecha de inicio de las funciones de la Secretar\u00eda para la Comunicaci\u00f3n e indica como su sede provisoria Palacio Pio, en el que se encuentran las redacciones y oficinas de Radio Vaticano.<\/p>\n<p>Fuente: www.news.va 27 de junio 2015<\/p>\n<!-- AddThis Advanced Settings generic via filter on the_content --><!-- AddThis Share Buttons generic via filter on the_content -->","protected":false},"excerpt":{"rendered":"<p>El Papa Francisco ha creado con un Motu Proprio un nuevo dicasterio de la Curia Romana: la Secretar\u00eda para la Comunicaci\u00f3n, organismo en el cual [&hellip;]<!-- AddThis Advanced Settings generic via filter on get_the_excerpt --><!-- AddThis Share Buttons generic via filter on get_the_excerpt --><\/p>\n","protected":false},"author":2,"featured_media":9315,"comment_status":"open","ping_status":"open","sticky":false,"template":"","format":"standard","meta":{"footnotes":""},"categories":[161],"tags":[],"class_list":["post-9314","post","type-post","status-publish","format-standard","has-post-thumbnail","hentry","category-el-papa-leonxiv"],"_links":{"self":[{"href":"http:\/\/obispadodezaratecampana.org\/index.php?rest_route=\/wp\/v2\/posts\/9314","targetHints":{"allow":["GET"]}}],"collection":[{"href":"http:\/\/obispadodezaratecampana.org\/index.php?rest_route=\/wp\/v2\/posts"}],"about":[{"href":"http:\/\/obispadodezaratecampana.org\/index.php?rest_route=\/wp\/v2\/types\/post"}],"author":[{"embeddable":true,"href":"http:\/\/obispadodezaratecampana.org\/index.php?rest_route=\/wp\/v2\/users\/2"}],"replies":[{"embeddable":true,"href":"http:\/\/obispadodezaratecampana.org\/index.php?rest_route=%2Fwp%2Fv2%2Fcomments&post=9314"}],"version-history":[{"count":1,"href":"http:\/\/obispadodezaratecampana.org\/index.php?rest_route=\/wp\/v2\/posts\/9314\/revisions"}],"predecessor-version":[{"id":9316,"href":"http:\/\/obispadodezaratecampana.org\/index.php?rest_route=\/wp\/v2\/posts\/9314\/revisions\/9316"}],"wp:featuredmedia":[{"embeddable":true,"href":"http:\/\/obispadodezaratecampana.org\/index.php?rest_route=\/wp\/v2\/media\/9315"}],"wp:attachment":[{"href":"http:\/\/obispadodezaratecampana.org\/index.php?rest_route=%2Fwp%2Fv2%2Fmedia&parent=9314"}],"wp:term":[{"taxonomy":"category","embeddable":true,"href":"http:\/\/obispadodezaratecampana.org\/index.php?rest_route=%2Fwp%2Fv2%2Fcategories&post=9314"},{"taxonomy":"post_tag","embeddable":true,"href":"http:\/\/obispadodezaratecampana.org\/index.php?rest_route=%2Fwp%2Fv2%2Ftags&post=9314"}],"curies":[{"name":"wp","href":"https:\/\/api.w.org\/{rel}","templated":true}]}}