{"id":9277,"date":"2015-06-22T16:09:32","date_gmt":"2015-06-22T19:09:32","guid":{"rendered":"http:\/\/obispadodezaratecampana.org\/?p=9277"},"modified":"2015-06-22T16:09:32","modified_gmt":"2015-06-22T19:09:32","slug":"francisco-y-los-jovenes-21-de-junio","status":"publish","type":"post","link":"http:\/\/obispadodezaratecampana.org\/?p=9277","title":{"rendered":"Francisco y los j\u00f3venes &#8211; 21 de junio"},"content":{"rendered":"<p>Una plaza repleta de j\u00f3venes con Rosarios en las manos y entonando \u201cEmanuel\u201d acogieron en la tarde del pasado domingo 21 de junio, al Papa Francisco, llegado a la Plaza Vittorio Veneto de Tur\u00edn donde tambi\u00e9n se encontraba la cruz de la JMJ.<\/p>\n<p>Amor, vida y amigos: fueron \u00e9stos los temas fundamentales del discurso del Papa, respondiendo a las preguntas que le dirigieron algunos j\u00f3venes.<\/p>\n<p>El amor es concreto, es di\u00e1logo, es casto, es sacrificio, es finalmente \u201cservicio\u201d: as\u00ed defini\u00f3 el Papa el amor, respondiendo a la primera pregunta. El Obispo de Roma explic\u00f3 que el amor se mueve en base a dos ejes fundamentales: el primero, es el ser concreto: \u201cel amor est\u00e1 m\u00e1s en las obras que en las palabras\u201d, dijo. El segundo eje, es el di\u00e1logo: \u201cel amor se comunica, se hace en el di\u00e1logo, en comuni\u00f3n\u201d, prosigui\u00f3.<\/p>\n<p>Francisco les invit\u00f3 a vivir plenamente su vida, con amor, andando a \u201ccontra corriente\u201d, siguiendo las palabras del beato Pier Giorgio Frassati: \u201cvivir, no sobrevivir\u201d. \u201cA m\u00ed me da mucha tristeza y mucha pena ver a los j\u00f3venes que se jubilan a los 20 a\u00f1os. Han envejecido r\u00e1pidamente. Lo que hace que un joven no se jubile, son las ganas de amar\u201d, dijo.<\/p>\n<p>El Papa, quien habl\u00f3 sin papeles en la mano, quiso tambi\u00e9n que los j\u00f3venes pensaran sobre los conflictos b\u00e9licos que se viven actualmente en el mundo, en Europa, en \u00c1frica, en Medio Oriente\u2026 \u201c\u00bfyo puedo tener confianza en una vida as\u00ed de este modo?, \u00bfpuedo confiar en los dirigentes mundiales? Cuando yo voy a votar a un candidato; \u00bfpuedo confiar que no llevar\u00e1 mi pa\u00eds a la guerra\u201d. E insisti\u00f3 tambi\u00e9n en la hipocres\u00eda de hablar de paz y fabricar armas.<\/p>\n<p>Fuente: www.news.va<\/p>\n<!-- AddThis Advanced Settings generic via filter on the_content --><!-- AddThis Share Buttons generic via filter on the_content -->","protected":false},"excerpt":{"rendered":"<p>Una plaza repleta de j\u00f3venes con Rosarios en las manos y entonando \u201cEmanuel\u201d acogieron en la tarde del pasado domingo 21 de junio, al Papa [&hellip;]<!-- AddThis Advanced Settings generic via filter on get_the_excerpt --><!-- AddThis Share Buttons generic via filter on get_the_excerpt --><\/p>\n","protected":false},"author":2,"featured_media":9278,"comment_status":"open","ping_status":"open","sticky":false,"template":"","format":"standard","meta":{"footnotes":""},"categories":[161],"tags":[],"class_list":["post-9277","post","type-post","status-publish","format-standard","has-post-thumbnail","hentry","category-el-papa-leonxiv"],"_links":{"self":[{"href":"http:\/\/obispadodezaratecampana.org\/index.php?rest_route=\/wp\/v2\/posts\/9277","targetHints":{"allow":["GET"]}}],"collection":[{"href":"http:\/\/obispadodezaratecampana.org\/index.php?rest_route=\/wp\/v2\/posts"}],"about":[{"href":"http:\/\/obispadodezaratecampana.org\/index.php?rest_route=\/wp\/v2\/types\/post"}],"author":[{"embeddable":true,"href":"http:\/\/obispadodezaratecampana.org\/index.php?rest_route=\/wp\/v2\/users\/2"}],"replies":[{"embeddable":true,"href":"http:\/\/obispadodezaratecampana.org\/index.php?rest_route=%2Fwp%2Fv2%2Fcomments&post=9277"}],"version-history":[{"count":1,"href":"http:\/\/obispadodezaratecampana.org\/index.php?rest_route=\/wp\/v2\/posts\/9277\/revisions"}],"predecessor-version":[{"id":9279,"href":"http:\/\/obispadodezaratecampana.org\/index.php?rest_route=\/wp\/v2\/posts\/9277\/revisions\/9279"}],"wp:featuredmedia":[{"embeddable":true,"href":"http:\/\/obispadodezaratecampana.org\/index.php?rest_route=\/wp\/v2\/media\/9278"}],"wp:attachment":[{"href":"http:\/\/obispadodezaratecampana.org\/index.php?rest_route=%2Fwp%2Fv2%2Fmedia&parent=9277"}],"wp:term":[{"taxonomy":"category","embeddable":true,"href":"http:\/\/obispadodezaratecampana.org\/index.php?rest_route=%2Fwp%2Fv2%2Fcategories&post=9277"},{"taxonomy":"post_tag","embeddable":true,"href":"http:\/\/obispadodezaratecampana.org\/index.php?rest_route=%2Fwp%2Fv2%2Ftags&post=9277"}],"curies":[{"name":"wp","href":"https:\/\/api.w.org\/{rel}","templated":true}]}}