{"id":9268,"date":"2015-06-22T15:47:26","date_gmt":"2015-06-22T18:47:26","guid":{"rendered":"http:\/\/obispadodezaratecampana.org\/?p=9268"},"modified":"2015-06-27T22:22:32","modified_gmt":"2015-06-28T01:22:32","slug":"domingo-28-de-junio-fiesta-patronal-del-seminario","status":"publish","type":"post","link":"http:\/\/obispadodezaratecampana.org\/?p=9268","title":{"rendered":"Domingo 28 de Junio: Fiesta Patronal del Seminario"},"content":{"rendered":"<p>Querida comunidad: Los invitamos a participar de la fiesta patronal del Seminario diocesano San Pedro y San Pablo, el domingo 28 de junio.<\/p>\n<p><em>Celebraremos la Santa Misa \u00a0a las 16 hs, en el Seminario, y luego habr\u00e1 una merienda a la canasta. Agradecemos traer facturas y tortas para compartir.\u00a0<\/em><\/p>\n<p>En la parroquia de Nuestra Se\u00f1ora de Luj\u00e1n y los Santos Ap\u00f3stoles Pedro y Pablo (de Campana), la misa de la Fiesta \u00a0patronal tendr\u00e1 lugar el domingo 28 a las 19 hs.<\/p>\n<p>El Ap\u00f3stol San Pedro es adem\u00e1s el titular de la capilla hom\u00f3nima del barrio Villanueva (Campana).<\/p>\n<p>Este es el enlace del evento en facebook:<a title=\"sanpedroysanpablo\" href=\"https:\/\/www.facebook.com\/events\/1609385019345499\/\" target=\"_blank\">\u00a0https:\/\/www.facebook.com\/events\/1609385019345499\/<\/a><\/p>\n<p style=\"text-align: center;\">Santos Ap\u00f3stoles Pedro y Pablo<\/p>\n<p><img fetchpriority=\"high\" decoding=\"async\" class=\"size-medium wp-image-9309 aligncenter\" src=\"http:\/\/obispadodezaratecampana.org\/wp-content\/uploads\/2015\/06\/pedro-237x300.jpg\" alt=\"pedro\" width=\"237\" height=\"300\" srcset=\"http:\/\/obispadodezaratecampana.org\/wp-content\/uploads\/2015\/06\/pedro-237x300.jpg 237w, http:\/\/obispadodezaratecampana.org\/wp-content\/uploads\/2015\/06\/pedro.jpg 761w\" sizes=\"(max-width: 237px) 100vw, 237px\" \/><\/p>\n<!-- AddThis Advanced Settings generic via filter on the_content --><!-- AddThis Share Buttons generic via filter on the_content -->","protected":false},"excerpt":{"rendered":"<p>Querida comunidad: Los invitamos a participar de la fiesta patronal del Seminario diocesano San Pedro y San Pablo, el domingo 28 de junio. Celebraremos la [&hellip;]<!-- AddThis Advanced Settings generic via filter on get_the_excerpt --><!-- AddThis Share Buttons generic via filter on get_the_excerpt --><\/p>\n","protected":false},"author":2,"featured_media":9269,"comment_status":"open","ping_status":"open","sticky":false,"template":"","format":"standard","meta":{"footnotes":""},"categories":[1],"tags":[],"class_list":["post-9268","post","type-post","status-publish","format-standard","has-post-thumbnail","hentry","category-noticiasdiocesanas"],"_links":{"self":[{"href":"http:\/\/obispadodezaratecampana.org\/index.php?rest_route=\/wp\/v2\/posts\/9268","targetHints":{"allow":["GET"]}}],"collection":[{"href":"http:\/\/obispadodezaratecampana.org\/index.php?rest_route=\/wp\/v2\/posts"}],"about":[{"href":"http:\/\/obispadodezaratecampana.org\/index.php?rest_route=\/wp\/v2\/types\/post"}],"author":[{"embeddable":true,"href":"http:\/\/obispadodezaratecampana.org\/index.php?rest_route=\/wp\/v2\/users\/2"}],"replies":[{"embeddable":true,"href":"http:\/\/obispadodezaratecampana.org\/index.php?rest_route=%2Fwp%2Fv2%2Fcomments&post=9268"}],"version-history":[{"count":4,"href":"http:\/\/obispadodezaratecampana.org\/index.php?rest_route=\/wp\/v2\/posts\/9268\/revisions"}],"predecessor-version":[{"id":9317,"href":"http:\/\/obispadodezaratecampana.org\/index.php?rest_route=\/wp\/v2\/posts\/9268\/revisions\/9317"}],"wp:featuredmedia":[{"embeddable":true,"href":"http:\/\/obispadodezaratecampana.org\/index.php?rest_route=\/wp\/v2\/media\/9269"}],"wp:attachment":[{"href":"http:\/\/obispadodezaratecampana.org\/index.php?rest_route=%2Fwp%2Fv2%2Fmedia&parent=9268"}],"wp:term":[{"taxonomy":"category","embeddable":true,"href":"http:\/\/obispadodezaratecampana.org\/index.php?rest_route=%2Fwp%2Fv2%2Fcategories&post=9268"},{"taxonomy":"post_tag","embeddable":true,"href":"http:\/\/obispadodezaratecampana.org\/index.php?rest_route=%2Fwp%2Fv2%2Ftags&post=9268"}],"curies":[{"name":"wp","href":"https:\/\/api.w.org\/{rel}","templated":true}]}}