{"id":9265,"date":"2015-06-18T17:14:36","date_gmt":"2015-06-18T20:14:36","guid":{"rendered":"http:\/\/obispadodezaratecampana.org\/?p=9265"},"modified":"2015-06-18T17:14:36","modified_gmt":"2015-06-18T20:14:36","slug":"2-jornada-diocesana-de-comunicadores","status":"publish","type":"post","link":"http:\/\/obispadodezaratecampana.org\/?p=9265","title":{"rendered":"2\u00b0 Jornada Diocesana de Comunicadores"},"content":{"rendered":"<p>El pr\u00f3ximo 20 de junio se realizar\u00e1 la 2\u00b0 Jornada Diocesana de Comunicadores. Como quiz\u00e1s algunos de ustedes recuerden, el a\u00f1o pasado ya hab\u00edamos celebrado un encuentro similar. Este a\u00f1o tenemos la intenci\u00f3n de crecer en nuestra formaci\u00f3n, en la espiritualidad del comunicador cat\u00f3lico, en nuestros conocimientos pr\u00e1cticos y aprovechar la ocasi\u00f3n para compartir experiencias e intercambiar aportes.<\/p>\n<p>Se trabajar\u00e1 acerca de la pastoral de la comunicaci\u00f3n y la misi\u00f3n en la Evangelii Gaudium y habr\u00e1 dos talleres: uno acerca de comunicaci\u00f3n social en los medios y otro sobre &#8220;media training&#8221;, es decir, el entrenamiento para poder afrontar una entrevista con \u00e9xito.<\/p>\n<p>El encuentro ser\u00e1 el s\u00e1bado 20 de junio a las 9 hs. en el auditorio Ntra. Sra. de Guadalupe del Obispado diocesano (Av. Int. Jorge R. Varela, ex Av Rivadavia, 413. Campana). Finalizaremos cerca del mediod\u00eda.<\/p>\n<p>Quedan invitados todos los que, de una forma u otra, colabora en la pastoral de la comunicaci\u00f3n en parroquias, movimientos y medios de comunicaci\u00f3n. Les compartimos el link del evento en facebook y agradecemos confirmen su presencia por ese medio o a trav\u00e9s del mail:<\/p>\n<p><a href=\"https:\/\/www.facebook.com\/events\/358895787640031\/\" target=\"_blank\">https:\/\/www.facebook.com\/events\/358895787640031\/<\/a><\/p>\n<p>&nbsp;<\/p>\n<p>Delegaci\u00f3n de Comunicaci\u00f3n Diocesana.<\/p>\n<!-- AddThis Advanced Settings generic via filter on the_content --><!-- AddThis Share Buttons generic via filter on the_content -->","protected":false},"excerpt":{"rendered":"<p>El pr\u00f3ximo 20 de junio se realizar\u00e1 la 2\u00b0 Jornada Diocesana de Comunicadores. Como quiz\u00e1s algunos de ustedes recuerden, el a\u00f1o pasado ya hab\u00edamos celebrado [&hellip;]<!-- AddThis Advanced Settings generic via filter on get_the_excerpt --><!-- AddThis Share Buttons generic via filter on get_the_excerpt --><\/p>\n","protected":false},"author":1,"featured_media":9266,"comment_status":"open","ping_status":"open","sticky":false,"template":"","format":"standard","meta":{"footnotes":""},"categories":[1],"tags":[],"class_list":["post-9265","post","type-post","status-publish","format-standard","has-post-thumbnail","hentry","category-noticiasdiocesanas"],"_links":{"self":[{"href":"http:\/\/obispadodezaratecampana.org\/index.php?rest_route=\/wp\/v2\/posts\/9265","targetHints":{"allow":["GET"]}}],"collection":[{"href":"http:\/\/obispadodezaratecampana.org\/index.php?rest_route=\/wp\/v2\/posts"}],"about":[{"href":"http:\/\/obispadodezaratecampana.org\/index.php?rest_route=\/wp\/v2\/types\/post"}],"author":[{"embeddable":true,"href":"http:\/\/obispadodezaratecampana.org\/index.php?rest_route=\/wp\/v2\/users\/1"}],"replies":[{"embeddable":true,"href":"http:\/\/obispadodezaratecampana.org\/index.php?rest_route=%2Fwp%2Fv2%2Fcomments&post=9265"}],"version-history":[{"count":1,"href":"http:\/\/obispadodezaratecampana.org\/index.php?rest_route=\/wp\/v2\/posts\/9265\/revisions"}],"predecessor-version":[{"id":9267,"href":"http:\/\/obispadodezaratecampana.org\/index.php?rest_route=\/wp\/v2\/posts\/9265\/revisions\/9267"}],"wp:featuredmedia":[{"embeddable":true,"href":"http:\/\/obispadodezaratecampana.org\/index.php?rest_route=\/wp\/v2\/media\/9266"}],"wp:attachment":[{"href":"http:\/\/obispadodezaratecampana.org\/index.php?rest_route=%2Fwp%2Fv2%2Fmedia&parent=9265"}],"wp:term":[{"taxonomy":"category","embeddable":true,"href":"http:\/\/obispadodezaratecampana.org\/index.php?rest_route=%2Fwp%2Fv2%2Fcategories&post=9265"},{"taxonomy":"post_tag","embeddable":true,"href":"http:\/\/obispadodezaratecampana.org\/index.php?rest_route=%2Fwp%2Fv2%2Ftags&post=9265"}],"curies":[{"name":"wp","href":"https:\/\/api.w.org\/{rel}","templated":true}]}}