{"id":9261,"date":"2015-06-18T11:01:45","date_gmt":"2015-06-18T14:01:45","guid":{"rendered":"http:\/\/obispadodezaratecampana.org\/?p=9261"},"modified":"2015-06-18T11:05:24","modified_gmt":"2015-06-18T14:05:24","slug":"nueva-enciclica-del-papa-francisco","status":"publish","type":"post","link":"http:\/\/obispadodezaratecampana.org\/?p=9261","title":{"rendered":"Nueva Enc\u00edclica del Papa Francisco"},"content":{"rendered":"<p>VATICANO, 18 Jun. 15 \/ 05:31 am (ACI).- Esta ma\u00f1ana en el Aula Juan Pablo II en la Sala de Prensa en el Vaticano se present\u00f3 la segunda enc\u00edclica del Papa Francisco titulada \u201cLaudato Si\u2019\u201d (Alabado seas), en la que el Santo Padre reflexiona sobre la creaci\u00f3n.<\/p>\n<p>Para descargar la enc\u00edclica completa en formato PDF, ingrese<\/p>\n<p><a title=\"papa\" href=\"https:\/\/www.aciprensa.com\/noticias\/texto-completo-la-enciclica-laudato-si-del-papa-francisco-en-pdf-y-version-web-64718\/\" target=\"_blank\">https:\/\/www.aciprensa.com\/noticias\/texto-completo-la-enciclica-laudato-si-del-papa-francisco-en-pdf-y-version-web-64718\/<\/a><\/p>\n<!-- AddThis Advanced Settings generic via filter on the_content --><!-- AddThis Share Buttons generic via filter on the_content -->","protected":false},"excerpt":{"rendered":"<p>VATICANO, 18 Jun. 15 \/ 05:31 am (ACI).- Esta ma\u00f1ana en el Aula Juan Pablo II en la Sala de Prensa en el Vaticano se [&hellip;]<!-- AddThis Advanced Settings generic via filter on get_the_excerpt --><!-- AddThis Share Buttons generic via filter on get_the_excerpt --><\/p>\n","protected":false},"author":2,"featured_media":9262,"comment_status":"open","ping_status":"open","sticky":false,"template":"","format":"standard","meta":{"footnotes":""},"categories":[161],"tags":[],"class_list":["post-9261","post","type-post","status-publish","format-standard","has-post-thumbnail","hentry","category-el-papa-leonxiv"],"_links":{"self":[{"href":"http:\/\/obispadodezaratecampana.org\/index.php?rest_route=\/wp\/v2\/posts\/9261","targetHints":{"allow":["GET"]}}],"collection":[{"href":"http:\/\/obispadodezaratecampana.org\/index.php?rest_route=\/wp\/v2\/posts"}],"about":[{"href":"http:\/\/obispadodezaratecampana.org\/index.php?rest_route=\/wp\/v2\/types\/post"}],"author":[{"embeddable":true,"href":"http:\/\/obispadodezaratecampana.org\/index.php?rest_route=\/wp\/v2\/users\/2"}],"replies":[{"embeddable":true,"href":"http:\/\/obispadodezaratecampana.org\/index.php?rest_route=%2Fwp%2Fv2%2Fcomments&post=9261"}],"version-history":[{"count":1,"href":"http:\/\/obispadodezaratecampana.org\/index.php?rest_route=\/wp\/v2\/posts\/9261\/revisions"}],"predecessor-version":[{"id":9263,"href":"http:\/\/obispadodezaratecampana.org\/index.php?rest_route=\/wp\/v2\/posts\/9261\/revisions\/9263"}],"wp:featuredmedia":[{"embeddable":true,"href":"http:\/\/obispadodezaratecampana.org\/index.php?rest_route=\/wp\/v2\/media\/9262"}],"wp:attachment":[{"href":"http:\/\/obispadodezaratecampana.org\/index.php?rest_route=%2Fwp%2Fv2%2Fmedia&parent=9261"}],"wp:term":[{"taxonomy":"category","embeddable":true,"href":"http:\/\/obispadodezaratecampana.org\/index.php?rest_route=%2Fwp%2Fv2%2Fcategories&post=9261"},{"taxonomy":"post_tag","embeddable":true,"href":"http:\/\/obispadodezaratecampana.org\/index.php?rest_route=%2Fwp%2Fv2%2Ftags&post=9261"}],"curies":[{"name":"wp","href":"https:\/\/api.w.org\/{rel}","templated":true}]}}