{"id":9255,"date":"2015-06-13T13:27:11","date_gmt":"2015-06-13T16:27:11","guid":{"rendered":"http:\/\/obispadodezaratecampana.org\/?p=9255"},"modified":"2015-06-13T13:27:11","modified_gmt":"2015-06-13T16:27:11","slug":"la-pobreza-en-nuestro-pais","status":"publish","type":"post","link":"http:\/\/obispadodezaratecampana.org\/?p=9255","title":{"rendered":"&#8211; La Pobreza en nuestro pa\u00eds-"},"content":{"rendered":"<p style=\"color: #666666;\">EL PRESIDENTE DE LA CONFERENCIA EPISCOPAL ARGENTINA: LA POBREZA EXISTE EN PA\u00cdS, Y EST\u00c1 EN TORNO AL 25%<\/p>\n<p style=\"color: #666666;\">Queridos amigos, L&#8217;Osservatore Romano (el diario que se e<span class=\"text_exposed_show\">dita en el Vaticano) recoge hoy en sus p\u00e1ginas una nota publicada ayer por la agencia AICA:<\/span><\/p>\n<div class=\"text_exposed_show\" style=\"color: #666666;\">\n<p>El arzobispo de Santa Fe de la Vera Cruz y presidente de la Conferencia Episcopal Argentina, monse\u00f1or Jos\u00e9 Mar\u00eda Arancedo, asegur\u00f3 que la pobreza &#8220;existe y se habla de dos d\u00edgitos siempre&#8221;, y estim\u00f3 que seg\u00fan datos de la Universidad Cat\u00f3lica Argentina (UCA) es de un 25%.<\/p>\n<p>En declaraciones a LT10 radio Universidad del Litoral, el prelado expres\u00f3 su confianza &#8220;en los \u00edndices del Movimiento Los Sin Techo para la ciudad, y de la Universidad Cat\u00f3lica para el pa\u00eds, que dan un 15,2% y un 25% de pobres, respectivamente&#8221;.<\/p>\n<p>\u201cNecesitamos las estad\u00edsticas, y tiene que ser una tarea de mucho respeto elaborar los n\u00fameros objetivos, porque son para todos y sirven para planificar un pa\u00eds&#8221;, sostuvo.<\/p>\n<p>El arzobispo santafesino aclar\u00f3 que la pobreza &#8220;es un tema sociol\u00f3gico y pol\u00edtico, pero para la Iglesia el pobre es una persona, y eso lo convierte en un tema evang\u00e9lico. Entonces, ponernos a discutir temas de n\u00fameros y chicanas es alejarnos de las personas que necesitan concretamente&#8221;.<\/p>\n<p>Monse\u00f1or Arancedo convoc\u00f3 a la Colecta anual de C\u00e1ritas Argentina que se har\u00e1 este fin de semana con el lema \u201cTodo lo que se comparte se multiplica\u201d, por lo que pidi\u00f3 a los santafesinos &#8220;compartir\u201d: \u201cCompartir no es dar lo que sobra, es dar lo que uno tiene para estar cerca del otro. Siempre esa caridad se multiplica\u201d, concluy\u00f3.<\/p>\n<p>L&#8217;Osservatore Romano tambi\u00e9n recoge unas palabras del obispo de San Isidro y presidente de C\u00e1ritas Argentina, monse\u00f1or Oscar Ojea, respecto a la pol\u00e9mica sobre el n\u00famero de pobres:<\/p>\n<p>&#8220;Esta pol\u00e9mica hace mucho tiempo que existe en el pa\u00eds, n\u00fameros contestados continuamente por un lado y por otro. Lo que produce esta especie de lucha es escamotear un poco la realidad, el contacto con la realidad. El Papa nos dice que la realidad es m\u00e1s importante que la idea. La realidad se impone, la idea se elabora\u201d.<\/p>\n<p>Sobre la acci\u00f3n de Caritas, cabe destacara que en el 2014, Caritas Argentina ayud\u00f3 a 43.000 personas, entre ni\u00f1os, adolescentes, j\u00f3venes y adultos; durante las inundaciones asisti\u00f3 a 10.673 familias damnificadas; complement\u00f3 la alimentaci\u00f3n de 12.677 ni\u00f1os; y acompa\u00f1\u00f3 a 2.892 personas en situaci\u00f3n de riesgo de adicciones.<\/p>\n<p>Fuente: www.news.va<\/p>\n<\/div>\n<!-- AddThis Advanced Settings generic via filter on the_content --><!-- AddThis Share Buttons generic via filter on the_content -->","protected":false},"excerpt":{"rendered":"<p>EL PRESIDENTE DE LA CONFERENCIA EPISCOPAL ARGENTINA: LA POBREZA EXISTE EN PA\u00cdS, Y EST\u00c1 EN TORNO AL 25% Queridos amigos, L&#8217;Osservatore Romano (el diario que [&hellip;]<!-- AddThis Advanced Settings generic via filter on get_the_excerpt --><!-- AddThis Share Buttons generic via filter on get_the_excerpt --><\/p>\n","protected":false},"author":2,"featured_media":9256,"comment_status":"open","ping_status":"open","sticky":false,"template":"","format":"standard","meta":{"footnotes":""},"categories":[161],"tags":[],"class_list":["post-9255","post","type-post","status-publish","format-standard","has-post-thumbnail","hentry","category-el-papa-leonxiv"],"_links":{"self":[{"href":"http:\/\/obispadodezaratecampana.org\/index.php?rest_route=\/wp\/v2\/posts\/9255","targetHints":{"allow":["GET"]}}],"collection":[{"href":"http:\/\/obispadodezaratecampana.org\/index.php?rest_route=\/wp\/v2\/posts"}],"about":[{"href":"http:\/\/obispadodezaratecampana.org\/index.php?rest_route=\/wp\/v2\/types\/post"}],"author":[{"embeddable":true,"href":"http:\/\/obispadodezaratecampana.org\/index.php?rest_route=\/wp\/v2\/users\/2"}],"replies":[{"embeddable":true,"href":"http:\/\/obispadodezaratecampana.org\/index.php?rest_route=%2Fwp%2Fv2%2Fcomments&post=9255"}],"version-history":[{"count":1,"href":"http:\/\/obispadodezaratecampana.org\/index.php?rest_route=\/wp\/v2\/posts\/9255\/revisions"}],"predecessor-version":[{"id":9257,"href":"http:\/\/obispadodezaratecampana.org\/index.php?rest_route=\/wp\/v2\/posts\/9255\/revisions\/9257"}],"wp:featuredmedia":[{"embeddable":true,"href":"http:\/\/obispadodezaratecampana.org\/index.php?rest_route=\/wp\/v2\/media\/9256"}],"wp:attachment":[{"href":"http:\/\/obispadodezaratecampana.org\/index.php?rest_route=%2Fwp%2Fv2%2Fmedia&parent=9255"}],"wp:term":[{"taxonomy":"category","embeddable":true,"href":"http:\/\/obispadodezaratecampana.org\/index.php?rest_route=%2Fwp%2Fv2%2Fcategories&post=9255"},{"taxonomy":"post_tag","embeddable":true,"href":"http:\/\/obispadodezaratecampana.org\/index.php?rest_route=%2Fwp%2Fv2%2Ftags&post=9255"}],"curies":[{"name":"wp","href":"https:\/\/api.w.org\/{rel}","templated":true}]}}