{"id":9252,"date":"2015-06-13T13:19:26","date_gmt":"2015-06-13T16:19:26","guid":{"rendered":"http:\/\/obispadodezaratecampana.org\/?p=9252"},"modified":"2015-06-13T13:19:26","modified_gmt":"2015-06-13T16:19:26","slug":"13-de-junio-inmaculado-corazon-de-maria","status":"publish","type":"post","link":"http:\/\/obispadodezaratecampana.org\/?p=9252","title":{"rendered":"13 de junio: Inmaculado Coraz\u00f3n de Maria"},"content":{"rendered":"<p>Mar\u00eda, Madre de Jes\u00fas y nuestra, nos se\u00f1ala hoy su Inmaculado Coraz\u00f3n. Un coraz\u00f3n que arde de amor divino, que rodeado de rosas blancas nos muestra su pureza total y que atravesado por una espada nos invita a vivir el sendero del dolor-alegr\u00eda.<\/p>\n<p>La Fiesta de su Inmaculado Coraz\u00f3n nos remite de manera directa y misteriosa al Sagrado Coraz\u00f3n de Jes\u00fas. Y es que en Mar\u00eda todo nos dirige a su Hijo. Los Corazones de Jes\u00fas y Mar\u00eda est\u00e1n maravillosamente unidos en el tiempo y la eternidad&#8230;<\/p>\n<p>La Iglesia nos ense\u00f1a que el modo m\u00e1s seguro de llegar a Jes\u00fas es por medio de su Madre.<\/p>\n<p>Por ello, nos consagramos al Coraz\u00f3n de Jes\u00fas por medio del Coraz\u00f3n de Mar\u00eda. Esto se hace evidente en la liturgia, al celebrar ambas fiestas de manera consecutiva, viernes y s\u00e1bado respectivamente, en la semana siguiente al domingo del Corpus Christi.<\/p>\n<p>Santa Mar\u00eda, Mediadora de todas las gracias, nos invita a confiar en su amor maternal, a dirigir nuestras plegarias pidi\u00e9ndole a su Inmaculado Coraz\u00f3n que nos ayude a conformarnos con su Hijo Jes\u00fas.<\/p>\n<p>Venerar su Inmaculado Coraz\u00f3n significa, pues, no s\u00f3lo reverenciar el coraz\u00f3n f\u00edsico sino tambi\u00e9n su persona como fuente y fundamento de todas sus virtudes. Veneramos expresamente su Coraz\u00f3n como s\u00edmbolo de su amor a Dios y a los dem\u00e1s.<\/p>\n<p>El Coraz\u00f3n de Nuestra Madre nos muestra claramente la respuesta a los impulsos de sus dinamismos fundamentales, percibidos, por su profunda pureza, en el aut\u00e9ntico sentido. Al escoger los caminos concretos entre la variedad de las posibilidades, que como a toda persona se le ofrece, Mar\u00eda, preservada de toda mancha por la gracia, responde ejemplar y rectamente a la direcci\u00f3n de tales dinamismos, precisamente seg\u00fan la orientaci\u00f3n en ellos impresa por el Plan de Dios.<\/p>\n<p>Ella, quien atesoraba y meditaba todos los signos de Dios en su Coraz\u00f3n, nos llama a esforzarnos por conocer nuestro propio coraz\u00f3n, es decir la realidad profunda de nuestro ser, aquel misterioso n\u00facleo donde encontramos la huella divina que exige el encuentro pleno con Dios Amor.<\/p>\n<p>Fuente: www.aciprensa.com<\/p>\n<!-- AddThis Advanced Settings generic via filter on the_content --><!-- AddThis Share Buttons generic via filter on the_content -->","protected":false},"excerpt":{"rendered":"<p>Mar\u00eda, Madre de Jes\u00fas y nuestra, nos se\u00f1ala hoy su Inmaculado Coraz\u00f3n. Un coraz\u00f3n que arde de amor divino, que rodeado de rosas blancas nos [&hellip;]<!-- AddThis Advanced Settings generic via filter on get_the_excerpt --><!-- AddThis Share Buttons generic via filter on get_the_excerpt --><\/p>\n","protected":false},"author":2,"featured_media":9253,"comment_status":"open","ping_status":"open","sticky":false,"template":"","format":"standard","meta":{"footnotes":""},"categories":[166],"tags":[],"class_list":["post-9252","post","type-post","status-publish","format-standard","has-post-thumbnail","hentry","category-santoral"],"_links":{"self":[{"href":"http:\/\/obispadodezaratecampana.org\/index.php?rest_route=\/wp\/v2\/posts\/9252","targetHints":{"allow":["GET"]}}],"collection":[{"href":"http:\/\/obispadodezaratecampana.org\/index.php?rest_route=\/wp\/v2\/posts"}],"about":[{"href":"http:\/\/obispadodezaratecampana.org\/index.php?rest_route=\/wp\/v2\/types\/post"}],"author":[{"embeddable":true,"href":"http:\/\/obispadodezaratecampana.org\/index.php?rest_route=\/wp\/v2\/users\/2"}],"replies":[{"embeddable":true,"href":"http:\/\/obispadodezaratecampana.org\/index.php?rest_route=%2Fwp%2Fv2%2Fcomments&post=9252"}],"version-history":[{"count":1,"href":"http:\/\/obispadodezaratecampana.org\/index.php?rest_route=\/wp\/v2\/posts\/9252\/revisions"}],"predecessor-version":[{"id":9254,"href":"http:\/\/obispadodezaratecampana.org\/index.php?rest_route=\/wp\/v2\/posts\/9252\/revisions\/9254"}],"wp:featuredmedia":[{"embeddable":true,"href":"http:\/\/obispadodezaratecampana.org\/index.php?rest_route=\/wp\/v2\/media\/9253"}],"wp:attachment":[{"href":"http:\/\/obispadodezaratecampana.org\/index.php?rest_route=%2Fwp%2Fv2%2Fmedia&parent=9252"}],"wp:term":[{"taxonomy":"category","embeddable":true,"href":"http:\/\/obispadodezaratecampana.org\/index.php?rest_route=%2Fwp%2Fv2%2Fcategories&post=9252"},{"taxonomy":"post_tag","embeddable":true,"href":"http:\/\/obispadodezaratecampana.org\/index.php?rest_route=%2Fwp%2Fv2%2Ftags&post=9252"}],"curies":[{"name":"wp","href":"https:\/\/api.w.org\/{rel}","templated":true}]}}