{"id":9236,"date":"2015-06-12T18:06:43","date_gmt":"2015-06-12T21:06:43","guid":{"rendered":"http:\/\/obispadodezaratecampana.org\/?p=9236"},"modified":"2015-06-13T00:41:10","modified_gmt":"2015-06-13T03:41:10","slug":"fiesta-de-corpus-christi-en-campana","status":"publish","type":"post","link":"http:\/\/obispadodezaratecampana.org\/?p=9236","title":{"rendered":"Fiesta de Corpus Christi en Campana"},"content":{"rendered":"<p><strong>Fiesta de Corpus Christi en Campana<\/strong><\/p>\n<p><em>La importancia de esta celebraci\u00f3n \u2013 que se lleva a cabo en la Iglesia Cat\u00f3lica Universal &#8211; , radica en \u00a0que los cristianos creemos que Dios Hijo \u2013 Jesus- est\u00e1 realmente presente en CUERPO-SANGRE-ALMA y DIVINIDAD en la Eucarist\u00eda .<\/em><\/p>\n<p>La Santa Misa en Campana, \u00a0fue presidida por el Obispo Oscar Sarlinga el domingo 7 de junio en la Catedral Santa Florentina a las 11 hs, siendo concelebrante el cura p\u00e1rroco y Vicario General de la Di\u00f3cesis Monse\u00f1or Ariel Perez. Luego de ella, se realiz\u00f3 la procesi\u00f3n alrededor de la Plaza Eduardo Costa, encabezada por Jesus Sacramentado. Las diversas pastorales de la comunidad de la Catedral y otras capillas de la ciudad, acompa\u00f1aron y participaron de esta tradicional celebraci\u00f3n de nuestra Iglesia en honor a Jesus Sacramentado.<\/p>\n<p>Cabe mencionar, que de los tres di\u00e1conos presentes en la celebraci\u00f3n : Pedro Bruno, Jer\u00f3nimo Martinez y Gustavo Parodi, los dos \u00faltimos lo son en condici\u00f3n transitoria, dado que ser\u00e1n ordenados sacerdotes. La ordenaci\u00f3n sacerdotal de Gustavo ser\u00e1 el s\u00e1bado 4 de julio, a las 11 hs en la Catedral Santa Florentina.<\/p>\n<p>En este enlace se puede escuchar la homil\u00eda de Mons. Sarlinga durante la misa:\u00a0<a title=\"corpus\" href=\"https:\/\/soundcloud.com\/obispado-z-rate-campana\/homilia-mos-sarlinga-corpus-christi-7-de-junio-2015\" target=\"_blank\">https:\/\/soundcloud.com\/obispado-z-rate-campana\/homilia-mos-sarlinga-corpus-christi-7-de-junio-2015<\/a><\/p>\n<p>Video con fragmento de la Procesi\u00f3n:\u00a0<a title=\"corpus\" href=\"https:\/\/www.youtube.com\/watch?v=myY7AYSLwtA\" target=\"_blank\">https:\/\/www.youtube.com\/watch?v=myY7AYSLwtA<\/a><\/p>\n<p><strong>Fotos de la Misa y Procesi\u00f3n\u00a0<\/strong><\/p>\n<p><img fetchpriority=\"high\" decoding=\"async\" class=\"size-medium wp-image-9238 aligncenter\" src=\"http:\/\/obispadodezaratecampana.org\/wp-content\/uploads\/2015\/06\/DSC_0121-300x200.jpg\" alt=\"DSC_0121\" width=\"300\" height=\"200\" srcset=\"http:\/\/obispadodezaratecampana.org\/wp-content\/uploads\/2015\/06\/DSC_0121-300x200.jpg 300w, http:\/\/obispadodezaratecampana.org\/wp-content\/uploads\/2015\/06\/DSC_0121-1024x682.jpg 1024w\" sizes=\"(max-width: 300px) 100vw, 300px\" \/><\/p>\n<p><img decoding=\"async\" class=\"size-medium wp-image-9239 aligncenter\" src=\"http:\/\/obispadodezaratecampana.org\/wp-content\/uploads\/2015\/06\/DSC_0139-300x200.jpg\" alt=\"DSC_0139\" width=\"300\" height=\"200\" srcset=\"http:\/\/obispadodezaratecampana.org\/wp-content\/uploads\/2015\/06\/DSC_0139-300x200.jpg 300w, http:\/\/obispadodezaratecampana.org\/wp-content\/uploads\/2015\/06\/DSC_0139-1024x682.jpg 1024w\" sizes=\"(max-width: 300px) 100vw, 300px\" \/><\/p>\n<p><img decoding=\"async\" class=\"size-medium wp-image-9240 aligncenter\" src=\"http:\/\/obispadodezaratecampana.org\/wp-content\/uploads\/2015\/06\/DSC_0149-300x147.jpg\" alt=\"DSC_0149\" width=\"300\" height=\"147\" srcset=\"http:\/\/obispadodezaratecampana.org\/wp-content\/uploads\/2015\/06\/DSC_0149-300x147.jpg 300w, http:\/\/obispadodezaratecampana.org\/wp-content\/uploads\/2015\/06\/DSC_0149-1024x502.jpg 1024w\" sizes=\"(max-width: 300px) 100vw, 300px\" \/><\/p>\n<p><img loading=\"lazy\" decoding=\"async\" class=\"size-medium wp-image-9241 aligncenter\" src=\"http:\/\/obispadodezaratecampana.org\/wp-content\/uploads\/2015\/06\/DSC_0154-300x200.jpg\" alt=\"DSC_0154\" width=\"300\" height=\"200\" srcset=\"http:\/\/obispadodezaratecampana.org\/wp-content\/uploads\/2015\/06\/DSC_0154-300x200.jpg 300w, http:\/\/obispadodezaratecampana.org\/wp-content\/uploads\/2015\/06\/DSC_0154-1024x682.jpg 1024w\" sizes=\"(max-width: 300px) 100vw, 300px\" \/><\/p>\n<p><img loading=\"lazy\" decoding=\"async\" class=\"size-medium wp-image-9242 aligncenter\" src=\"http:\/\/obispadodezaratecampana.org\/wp-content\/uploads\/2015\/06\/DSC_0170-300x200.jpg\" alt=\"DSC_0170\" width=\"300\" height=\"200\" srcset=\"http:\/\/obispadodezaratecampana.org\/wp-content\/uploads\/2015\/06\/DSC_0170-300x200.jpg 300w, http:\/\/obispadodezaratecampana.org\/wp-content\/uploads\/2015\/06\/DSC_0170-1024x682.jpg 1024w\" sizes=\"(max-width: 300px) 100vw, 300px\" \/><\/p>\n<p><img loading=\"lazy\" decoding=\"async\" class=\"size-medium wp-image-9243 aligncenter\" src=\"http:\/\/obispadodezaratecampana.org\/wp-content\/uploads\/2015\/06\/DSC_0178-300x200.jpg\" alt=\"DSC_0178\" width=\"300\" height=\"200\" srcset=\"http:\/\/obispadodezaratecampana.org\/wp-content\/uploads\/2015\/06\/DSC_0178-300x200.jpg 300w, http:\/\/obispadodezaratecampana.org\/wp-content\/uploads\/2015\/06\/DSC_0178-1024x682.jpg 1024w\" sizes=\"(max-width: 300px) 100vw, 300px\" \/><\/p>\n<p><img loading=\"lazy\" decoding=\"async\" class=\"size-medium wp-image-9244 aligncenter\" src=\"http:\/\/obispadodezaratecampana.org\/wp-content\/uploads\/2015\/06\/DSC_0179-300x165.jpg\" alt=\"DSC_0179\" width=\"300\" height=\"165\" srcset=\"http:\/\/obispadodezaratecampana.org\/wp-content\/uploads\/2015\/06\/DSC_0179-300x165.jpg 300w, http:\/\/obispadodezaratecampana.org\/wp-content\/uploads\/2015\/06\/DSC_0179-1024x566.jpg 1024w\" sizes=\"(max-width: 300px) 100vw, 300px\" \/><\/p>\n<p><img loading=\"lazy\" decoding=\"async\" class=\"size-medium wp-image-9245 aligncenter\" src=\"http:\/\/obispadodezaratecampana.org\/wp-content\/uploads\/2015\/06\/DSC_0194-300x200.jpg\" alt=\"DSC_0194\" width=\"300\" height=\"200\" srcset=\"http:\/\/obispadodezaratecampana.org\/wp-content\/uploads\/2015\/06\/DSC_0194-300x200.jpg 300w, http:\/\/obispadodezaratecampana.org\/wp-content\/uploads\/2015\/06\/DSC_0194-1024x682.jpg 1024w\" sizes=\"(max-width: 300px) 100vw, 300px\" \/><\/p>\n<p><img loading=\"lazy\" decoding=\"async\" class=\"size-medium wp-image-9246 aligncenter\" src=\"http:\/\/obispadodezaratecampana.org\/wp-content\/uploads\/2015\/06\/DSC_0204-300x200.jpg\" alt=\"DSC_0204\" width=\"300\" height=\"200\" srcset=\"http:\/\/obispadodezaratecampana.org\/wp-content\/uploads\/2015\/06\/DSC_0204-300x200.jpg 300w, http:\/\/obispadodezaratecampana.org\/wp-content\/uploads\/2015\/06\/DSC_0204-1024x682.jpg 1024w\" sizes=\"(max-width: 300px) 100vw, 300px\" \/><\/p>\n<p><img loading=\"lazy\" decoding=\"async\" class=\"size-medium wp-image-9247 aligncenter\" src=\"http:\/\/obispadodezaratecampana.org\/wp-content\/uploads\/2015\/06\/DSC_0220-300x200.jpg\" alt=\"DSC_0220\" width=\"300\" height=\"200\" srcset=\"http:\/\/obispadodezaratecampana.org\/wp-content\/uploads\/2015\/06\/DSC_0220-300x200.jpg 300w, http:\/\/obispadodezaratecampana.org\/wp-content\/uploads\/2015\/06\/DSC_0220-1024x682.jpg 1024w\" sizes=\"(max-width: 300px) 100vw, 300px\" \/><\/p>\n<!-- AddThis Advanced Settings generic via filter on the_content --><!-- AddThis Share Buttons generic via filter on the_content -->","protected":false},"excerpt":{"rendered":"<p>Fiesta de Corpus Christi en Campana La importancia de esta celebraci\u00f3n \u2013 que se lleva a cabo en la Iglesia Cat\u00f3lica Universal &#8211; , radica [&hellip;]<!-- AddThis Advanced Settings generic via filter on get_the_excerpt --><!-- AddThis Share Buttons generic via filter on get_the_excerpt --><\/p>\n","protected":false},"author":2,"featured_media":9247,"comment_status":"open","ping_status":"open","sticky":false,"template":"","format":"standard","meta":{"footnotes":""},"categories":[1],"tags":[],"class_list":["post-9236","post","type-post","status-publish","format-standard","has-post-thumbnail","hentry","category-noticiasdiocesanas"],"_links":{"self":[{"href":"http:\/\/obispadodezaratecampana.org\/index.php?rest_route=\/wp\/v2\/posts\/9236","targetHints":{"allow":["GET"]}}],"collection":[{"href":"http:\/\/obispadodezaratecampana.org\/index.php?rest_route=\/wp\/v2\/posts"}],"about":[{"href":"http:\/\/obispadodezaratecampana.org\/index.php?rest_route=\/wp\/v2\/types\/post"}],"author":[{"embeddable":true,"href":"http:\/\/obispadodezaratecampana.org\/index.php?rest_route=\/wp\/v2\/users\/2"}],"replies":[{"embeddable":true,"href":"http:\/\/obispadodezaratecampana.org\/index.php?rest_route=%2Fwp%2Fv2%2Fcomments&post=9236"}],"version-history":[{"count":4,"href":"http:\/\/obispadodezaratecampana.org\/index.php?rest_route=\/wp\/v2\/posts\/9236\/revisions"}],"predecessor-version":[{"id":9251,"href":"http:\/\/obispadodezaratecampana.org\/index.php?rest_route=\/wp\/v2\/posts\/9236\/revisions\/9251"}],"wp:featuredmedia":[{"embeddable":true,"href":"http:\/\/obispadodezaratecampana.org\/index.php?rest_route=\/wp\/v2\/media\/9247"}],"wp:attachment":[{"href":"http:\/\/obispadodezaratecampana.org\/index.php?rest_route=%2Fwp%2Fv2%2Fmedia&parent=9236"}],"wp:term":[{"taxonomy":"category","embeddable":true,"href":"http:\/\/obispadodezaratecampana.org\/index.php?rest_route=%2Fwp%2Fv2%2Fcategories&post=9236"},{"taxonomy":"post_tag","embeddable":true,"href":"http:\/\/obispadodezaratecampana.org\/index.php?rest_route=%2Fwp%2Fv2%2Ftags&post=9236"}],"curies":[{"name":"wp","href":"https:\/\/api.w.org\/{rel}","templated":true}]}}