{"id":9230,"date":"2015-06-12T06:34:00","date_gmt":"2015-06-12T09:34:00","guid":{"rendered":"http:\/\/obispadodezaratecampana.org\/?p=9230"},"modified":"2015-06-12T06:34:00","modified_gmt":"2015-06-12T09:34:00","slug":"solemnidad-sagrado-corazon-de-jesus","status":"publish","type":"post","link":"http:\/\/obispadodezaratecampana.org\/?p=9230","title":{"rendered":"SOLEMNIDAD SAGRADO CORAZON DE JESUS"},"content":{"rendered":"<p><strong>Viernes 12 de junio: Solemnidad del Sagrado Coraz\u00f3n de Jesus<\/strong><\/p>\n<p>San Juan Pablo II, y el Sagrado Coraz\u00f3n:<\/p>\n<p><a title=\"sagrado coraz\u00f3n\" href=\"https:\/\/www.aciprensa.com\/fiestas\/sagradocorazon\/juanpabloii.htm\" target=\"_blank\">\u00a0https:\/\/www.aciprensa.com\/fiestas\/sagradocorazon\/juanpabloii.htm<\/a><\/p>\n<p><strong>Devoci\u00f3n al Sagrado Coraz\u00f3n de Jesus<\/strong><\/p>\n<p>Fuente: www.catholic.net<\/p>\n<p>Explicaci\u00f3n de la fiesta<\/p>\n<p>La imagen del Sagrado Coraz\u00f3n de Jes\u00fas, nos recuerda el n\u00facleo central de nuestra fe: todo lo que Dios nos ama con su Coraz\u00f3n y todo lo que nosotros, por tanto, le debemos amar. Jes\u00fas tiene un Coraz\u00f3n que ama sin medida.<\/p>\n<p>Y tanto nos ama, que sufre cuando su inmenso amor no es correspondido.<\/p>\n<p>La Iglesia dedica todo el mes de junio al Sagrado Coraz\u00f3n de Jes\u00fas, con la finalidad de que los cat\u00f3licos lo veneremos, lo honremos y lo imitemos especialmente en estos 30 d\u00edas.<\/p>\n<p>Esto significa que debemos vivir este mes demostrandole a Jes\u00fas con nuestras obras que lo amamos, que correspondemos al gran amor que \u00c9l nos tiene y que nos ha demostrado entreg\u00e1ndose a la muerte por nosotros, qued\u00e1ndose en la Eucarist\u00eda y ense\u00f1\u00e1ndonos el camino a la vida eterna.<br \/>\nTodos los d\u00edas podemos acercarnos a Jes\u00fas o alejarnos de \u00c9l. De nosotros depende, ya que \u00c9l siempre nos est\u00e1 esperando y amando.<\/p>\n<p>Debemos vivir recordandolo y pensar cada vez que actuamos: \u00bfQu\u00e9 har\u00eda Jes\u00fas en esta situaci\u00f3n, qu\u00e9 le dictar\u00eda su Coraz\u00f3n? Y eso es lo que debemos hacer (ante un problema en la familia, en el trabajo, en nuestra comunidad, con nuestras amistades, etc.).<br \/>\nDebemos, por tanto, pensan si las obras o acciones que vamos a hacer nos alejan o acercan a Dios.<\/p>\n<p>Es recomendable tener en casa o en el trabajo una imagen del Sagrado Coraz\u00f3n de Jes\u00fas nos ayuda a recordar su gran amor y, a imitarlo en este mes de junio y durante todo el a\u00f1o.<br \/>\nOrigen de la devoci\u00f3n al Sagrado Coraz\u00f3n de Jes\u00fas<\/p>\n<p>Santa Margarita Mar\u00eda de Alacoque era una religiosa de la Orden de la Visitaci\u00f3n. Ten\u00eda un gran amor por Jes\u00fas. Y Jes\u00fas tuvo un amor especial por ella.<\/p>\n<p>Se le apareci\u00f3 en varias ocasiones para decirle lo mucho que la amaba a ella y a todos los hombres y lo mucho que le dol\u00eda a su Coraz\u00f3n que los hombres se alejaran de \u00c9l por el pecado.<\/p>\n<p>Durante estas visitas a su alma, Jes\u00fas le pidi\u00f3 que nos ense\u00f1ara a quererlo m\u00e1s, a tenerle devoci\u00f3n, a rezar y, sobre todo, a tener un buen comportamiento para que su Coraz\u00f3n no sufra m\u00e1s con nuestros pecados.<\/p>\n<p>El pecado nos aleja de Jes\u00fas y esto lo entristece porque \u00c9l quiere que todos lleguemos al Cielo con \u00c9l. Nosotros podemos demostrar nuestro amor al Sagrado Coraz\u00f3n de Jes\u00fas con nuestras obras: en esto precisamente consiste la devoci\u00f3n al Sagrado Coraz\u00f3n de Jes\u00fas.<br \/>\nLas promesas del Sagrado Coraz\u00f3n de Jes\u00fas<\/p>\n<p>Jes\u00fas le prometi\u00f3 a Santa Margarita de Alacoque, que si un apersona comulgaba los primeros viernes de mes, durante nueve meses seguidos, le conceder\u00eda lo siguiente:<\/p>\n<p>1. Les dar\u00e9 todas las gracias necesarias a su estado (casado(a), soltero(a), viudo(a) o consagrado(a) a Dios).<br \/>\n2. Pondr\u00e9 paz en sus familias.<br \/>\n3. Los consolar\u00e9 en todas las aflicciones.<br \/>\n4. Ser\u00e9 su refugio durante la vida y, sobre todo, a la hora de la muerte.<br \/>\n5. Bendecir\u00e9 abundantemente sus empresas.<br \/>\n6. Los pecadores hallar\u00e1n misericordia.<br \/>\n7. Los tibios se har\u00e1n fervorosos.<br \/>\n8. Los fervorosos se elevar\u00e1n r\u00e1pidamente a gran perfecci\u00f3n.<br \/>\n9. Bendecir\u00e9 los lugares donde la imagen de mi Coraz\u00f3n sea expuesta y venerada.<br \/>\n10. Les dar\u00e9 la gracia de mover los corazones m\u00e1s endurecidos.<br \/>\n11. Las personas que propaguen esta devoci\u00f3n tendr\u00e1n su nombre escrito en mi Coraz\u00f3n y jam\u00e1s ser\u00e1 borrado de \u00c9l.<br \/>\n12. La gracia de la penitencia final: es decir, no morir\u00e1n en desgracia y sin haber recibido los Sacramentos.<\/p>\n<p>Oraci\u00f3n de Consagraci\u00f3n al Sagrado Coraz\u00f3n de Jes\u00fas<\/p>\n<p>Podemos conseguir una estampa o una figura en donde se vea el Sagrado Coraz\u00f3n de Jes\u00fas y, ante ella, llevar a cabo la consagraci\u00f3n familiar a su Sagrado Coraz\u00f3n, de la siguiente manera:<\/p>\n<p>Se\u00f1or Jesucristo, arrodillados a tus pies,<br \/>\nrenovamos alegremente la Consagraci\u00f3n<br \/>\nde nuestra familia a tu Divino Coraz\u00f3n.<\/p>\n<p>S\u00e9, hoy y siempre, nuestro Gu\u00eda,<br \/>\nel Jefe protector de nuestro hogar,<br \/>\nel Rey y Centro de nuestros corazones.<\/p>\n<p>Bendice a nuestra familia, nuestra casa,<br \/>\na nuestros vecinos, parientes y amigos.<\/p>\n<p>Ay\u00fadanos a cumplir fielmente nuestros deberes, y participa de nuestras alegr\u00edas y angustias, de nuestras esperanzas y dudas, de nuestro trabajo y de nuestras diversiones.<\/p>\n<p>Danos fuerza, Se\u00f1or, para que carguemos nuestra cruz de cada d\u00eda y sepamos ofrecer todos nuestros actos, junto con tu sacrificio, al Padre.<\/p>\n<p>Que la justicia, la fraternidad, el perd\u00f3n y la misericordia est\u00e9n presentes en nuestro hogar y en nuestras comunidades.<br \/>\nQueremos ser instrumentos de paz y de vida.<\/p>\n<p>Que nuestro amor a tu Coraz\u00f3n compense,<br \/>\nde alguna manera, la frialdad y la indiferencia, la ingratitud y la falta de amor de quienes no te conocen, te desprecian o rechazan.<\/p>\n<p>Sagrado Coraz\u00f3n de Jes\u00fas, tenemos confianza en Ti.<br \/>\nConfianza profunda, ilimitada.<\/p>\n<p>Sugerencias para vivir la fiesta<\/p>\n<p>Poner una estampa del Sagrado Coraz\u00f3n de Jes\u00fas, alg\u00fan pensamiento y la oraci\u00f3n para la Consagraci\u00f3n al Sagrado Coraz\u00f3n de Jes\u00fas.<\/p>\n<p>Hacer una oraci\u00f3n en la que todos pidamos por tener un coraz\u00f3n como el de Cristo.<\/p>\n<p>Leer en el Evangelio pasajes en los que se podamos observar la actitud de Jes\u00fas como fruto de su Coraz\u00f3n.<\/p>\n<p>Primeros viernes de mes<\/p>\n<p>La pr\u00e1ctica fervorosa de los primeros viernes de mes, un don del Sagrado Coraz\u00f3n.<\/p>\n<p>La Iglesia ha bendecido esta piadosa costumbre iniciada con las promesas de Jesucristo a santa Margarita Mar\u00eda de Alacoque, indicando el esp\u00edritu de reparaci\u00f3n y de conversi\u00f3n con que hay que vivirla.<\/p>\n<p>&#8220;Te prometo, en la excesiva misericordia de mi Coraz\u00f3n, que su Amor omnipotente conceder\u00e1 a todos los que comulguen los nueve primeros viernes de mes seguidos, la gracia de la penitencia final&#8221; (Benedicto XV, en la bula de canonizaci\u00f3n de santa Margarita Mar\u00eda de Alacoque recoge estas palabras de Cristo).<\/p>\n<p>La comuni\u00f3n en estos primeros viernes de mes ha de llevar a una profunda renovaci\u00f3n espiritual, como reparaci\u00f3n por los pecados personales del mes precedente y como ayuda para vivir m\u00e1s unido a Cristo en el siguiente, y a incrementar la entrega al apostolado para la salvaci\u00f3n de los hombres.<\/p>\n<p>&nbsp;<\/p>\n<p>&nbsp;<\/p>\n<p>&nbsp;<\/p>\n<p>&nbsp;<\/p>\n<p>&nbsp;<\/p>\n<!-- AddThis Advanced Settings generic via filter on the_content --><!-- AddThis Share Buttons generic via filter on the_content -->","protected":false},"excerpt":{"rendered":"<p>Viernes 12 de junio: Solemnidad del Sagrado Coraz\u00f3n de Jesus San Juan Pablo II, y el Sagrado Coraz\u00f3n: \u00a0https:\/\/www.aciprensa.com\/fiestas\/sagradocorazon\/juanpabloii.htm Devoci\u00f3n al Sagrado Coraz\u00f3n de Jesus [&hellip;]<!-- AddThis Advanced Settings generic via filter on get_the_excerpt --><!-- AddThis Share Buttons generic via filter on get_the_excerpt --><\/p>\n","protected":false},"author":2,"featured_media":9231,"comment_status":"open","ping_status":"open","sticky":false,"template":"","format":"standard","meta":{"footnotes":""},"categories":[1],"tags":[],"class_list":["post-9230","post","type-post","status-publish","format-standard","has-post-thumbnail","hentry","category-noticiasdiocesanas"],"_links":{"self":[{"href":"http:\/\/obispadodezaratecampana.org\/index.php?rest_route=\/wp\/v2\/posts\/9230","targetHints":{"allow":["GET"]}}],"collection":[{"href":"http:\/\/obispadodezaratecampana.org\/index.php?rest_route=\/wp\/v2\/posts"}],"about":[{"href":"http:\/\/obispadodezaratecampana.org\/index.php?rest_route=\/wp\/v2\/types\/post"}],"author":[{"embeddable":true,"href":"http:\/\/obispadodezaratecampana.org\/index.php?rest_route=\/wp\/v2\/users\/2"}],"replies":[{"embeddable":true,"href":"http:\/\/obispadodezaratecampana.org\/index.php?rest_route=%2Fwp%2Fv2%2Fcomments&post=9230"}],"version-history":[{"count":1,"href":"http:\/\/obispadodezaratecampana.org\/index.php?rest_route=\/wp\/v2\/posts\/9230\/revisions"}],"predecessor-version":[{"id":9232,"href":"http:\/\/obispadodezaratecampana.org\/index.php?rest_route=\/wp\/v2\/posts\/9230\/revisions\/9232"}],"wp:featuredmedia":[{"embeddable":true,"href":"http:\/\/obispadodezaratecampana.org\/index.php?rest_route=\/wp\/v2\/media\/9231"}],"wp:attachment":[{"href":"http:\/\/obispadodezaratecampana.org\/index.php?rest_route=%2Fwp%2Fv2%2Fmedia&parent=9230"}],"wp:term":[{"taxonomy":"category","embeddable":true,"href":"http:\/\/obispadodezaratecampana.org\/index.php?rest_route=%2Fwp%2Fv2%2Fcategories&post=9230"},{"taxonomy":"post_tag","embeddable":true,"href":"http:\/\/obispadodezaratecampana.org\/index.php?rest_route=%2Fwp%2Fv2%2Ftags&post=9230"}],"curies":[{"name":"wp","href":"https:\/\/api.w.org\/{rel}","templated":true}]}}