{"id":9216,"date":"2015-06-11T17:04:13","date_gmt":"2015-06-11T20:04:13","guid":{"rendered":"http:\/\/obispadodezaratecampana.org\/?p=9216"},"modified":"2015-06-11T17:04:13","modified_gmt":"2015-06-11T20:04:13","slug":"11-de-junio-san-bernabe","status":"publish","type":"post","link":"http:\/\/obispadodezaratecampana.org\/?p=9216","title":{"rendered":"11 de junio: San Bernab\u00e9"},"content":{"rendered":"<p>San Bernab\u00e9 &#8211; Ap\u00f3stol &#8211;\u00a0Siglo I<\/p>\n<p>\u00bfQu\u00e9 me ense\u00f1ar\u00e1 la vida de San Bernab\u00e9? \u00bfA compartir mis bienes con los pobres? \u00bfA tratar de descubrir las aptitudes que otros tienen para el apostolado y a ayudarles a emplearlas bien? \u00bfA dedicar mi vida a propagar nuestra santa religi\u00f3n? El Esp\u00edritu Santo me ilumine.<\/p>\n<p>Cristo en la CruzLa historia de San Bernab\u00e9 est\u00e1 escrita en el libro de Los Hechos de los ap\u00f3stoles, en la S. Biblia.<\/p>\n<p>Antes se llamaba Jos\u00e9, pero los ap\u00f3stoles le cambiaron su nombre por el de Bernab\u00e9, que significa &#8220;el esforzado&#8221;, &#8220;el que anima y entusiasma&#8221;.<\/p>\n<p>Era jud\u00edo, de la tribu de Lev\u00ed, pero naci\u00f3 en la isla de Chipre. Se hizo muy popular en la primitiva Iglesia porque vendi\u00f3 las fincas que ten\u00eda y luego llev\u00f3 el dinero que obtuvo y se lo dio a los ap\u00f3stoles para que lo repartieran a los pobres.<\/p>\n<p>Un m\u00e9rito formidable de San Bernab\u00e9 es el haber descubierto el gran valor que hab\u00eda en aquel reci\u00e9n convertido que se llamaba Saulo y que m\u00e1s tarde se llamar\u00eda San Pablo. Cuando despu\u00e9s de su conversi\u00f3n Saulo lleg\u00f3 a Jerusal\u00e9n, los cristianos sospechaban de \u00e9l y se le alejaban, pero entonces Bernab\u00e9 lo tom\u00f3 de la mano y lo present\u00f3 a los ap\u00f3stoles y se los recomend\u00f3. Y el ser\u00e1 el que lo encaminar\u00e1 despu\u00e9s a emprender sus primeras grandes labores apost\u00f3licas.<\/p>\n<p>La S. Biblia, en el libro de los Hechos de los Ap\u00f3stoles, hace de Bernab\u00e9 unos elogios que es dif\u00edcil encontrarlos respecto de otros personajes. Dice as\u00ed: &#8220;Bernab\u00e9 era un hombre bueno, lleno de fe y de Esp\u00edritu Santo&#8221; (Hechos 11, 24).<\/p>\n<p>Cuando Saulo o San Pablo tuvo que salir huyendo de Jerusal\u00e9n porque los jud\u00edos trataban de asesinarlo, se fue a su ciudad de Tarso, y all\u00e1 se qued\u00f3 un tiempo. Mientras tanto en la ciudad de Antioqu\u00eda hab\u00eda sucedido algo muy especial. Al principio los disc\u00edpulos de Jes\u00fas solamente predicaban el Evangelio a los israelitas, pero de pronto algunos empezaron a ense\u00f1ar las doctrinas cristianas a los paganos en Antioqu\u00eda, y result\u00f3 que aquellas gentes respondieron de una manera admirable y se convirtieron por centenares. Al saber esta noticia, los ap\u00f3stoles lo enviaron desde Jerusal\u00e9n a que se informara de lo que all\u00ed estaba sucediendo y les llevara noticias. Bernab\u00e9 se qued\u00f3 encantado del fervor de aquellos paganos convertidos y estuvo con ellos por un buen tiempo anim\u00e1ndolos y acabando de instruirlos. En aquella ciudad fue donde por primera vez se llam\u00f3 &#8220;cristianos&#8221; a los seguidores de Cristo.<\/p>\n<p>Entonces se le ocurri\u00f3 a Bernab\u00e9 la feliz idea de dirigirse a Tarso a invitar a Saulo a que se le uniera en el apostolado en Antioqu\u00eda y \u00e9ste acept\u00f3 con gusto.<\/p>\n<p>Desde entonces Bernab\u00e9 y Saulo trabajaban asociados ayud\u00e1ndose en todo el uno al otro, y obteniendo resonantes triunfos. Por todo un a\u00f1o predicaron en Antioqu\u00eda, cuidad que se convirti\u00f3 en el gran centro de evangelizaci\u00f3n, del cual fueron saliendo misioneros a evangelizar a diversos lugares.<\/p>\n<p>Por aquel tiempo hubo una gran hambre en Jerusal\u00e9n y sus alrededores y los cristianos de Antioqu\u00eda hicieron una colecta y la enviaron a los ap\u00f3stoles por medio de Bernab\u00e9 y Saulo. Ellos al volver a Jerusal\u00e9n se trajeron a Marcos (el futuro San Marcos evangelista) que era familiar de Bernab\u00e9. Ven\u00eda a ayudarles en la evangelizaci\u00f3n.<\/p>\n<p>Un d\u00eda mientras los cristianos de Antioqu\u00eda estaban en oraci\u00f3n, el Esp\u00edritu Santo habl\u00f3 por medio de algunos de ellos que eran profetas y dijo: &#8220;Separen a Bernab\u00e9 y Saulo, que los tengo destinados a una misi\u00f3n especial&#8221;. Los cristianos rezaron por ellos, les impusieron las manos, y los dos, acompa\u00f1ados de Marcos, despu\u00e9s de orar y ayunar, partieron para su primer viaje misionero.<\/p>\n<p>En Chipre, la isla donde hab\u00eda nacido San Bernab\u00e9, encontraron muy buena aceptaci\u00f3n a su predicaci\u00f3n, y lograron convertir al cristianismo nada menos que al mismo gobernador, que se llamaba Sergio Pablo. En honor a esta notable conversi\u00f3n, Saulo se cambi\u00f3 su nombre por el de Pablo. Y Bernab\u00e9 tuvo la gran alegr\u00eda de que su tierra natal aceptara la religi\u00f3n de Jesucristo.<\/p>\n<p>Luego emprendieron su primer viaje misionero por las ciudades y naciones del Asia Menor. En la otra ciudad de Antioqu\u00eda (de Pisidia) al ver que los jud\u00edos no quer\u00edan atender su predicaci\u00f3n, Bernab\u00e9 y Pablo declararon que de ahora en adelante les predicar\u00edan a los paganos, a los no israelitas, con lo cual los paganos sintieron una inmensa alegr\u00eda al saber que la nueva religi\u00f3n no los despreciaba a ellos sino que m\u00e1s bien los prefer\u00eda. All\u00ed en Iconio estuvieron a punto de ser apedreados por una revoluci\u00f3n tramada por los jud\u00edos y tuvieron que salir huyendo. Pero dejaron una buena cantidad de convertidos y confirmaron sus ense\u00f1anzas con formidables se\u00f1ales y prodigios que Dios obraba por medio de estos dos santos ap\u00f3stoles.<\/p>\n<p>En la ciudad de Listra, al llegar curaron milagrosamente a un paral\u00edtico y entonces la gente crey\u00f3 que ellos eran dos dioses. A Bernab\u00e9 por ser alto y majestuoso le dec\u00edan que era el dios Zeus y a Pablo por la facilidad con la que hablaba lo llamaban el dios Mercurio. Y ya les iban a ofrecer un toro en sacrificio, cuando ellos les declararon que no eran tales dioses, sino unos simples mortales. Luego llegaron unos jud\u00edos de Iconio y promovieron un tumulto y apedrearon a Pablo y cuando lo creyeron muerto se fueron, pero \u00e9l se levant\u00f3 luego y curado instant\u00e1neamente entr\u00f3 otra vez en la ciudad.<\/p>\n<p>Despu\u00e9s de todo esto Bernab\u00e9 y Pablo se devolvieron ciudad por ciudad donde hab\u00edan estado evangelizando y se dedicaron a animar a los nuevos cristianos y les recordaban que &#8220;es necesario pasar por muchas tribulaciones para entrar en el Reino de Dios&#8221; (Hechos 14, 22).<\/p>\n<p>Al llegar a Antioqu\u00eda se encontraron con que los cristianos estaban divididos en dos partidos: unos (dirigidos por los antiguos jud\u00edos) dec\u00edan que para salvarse hab\u00eda que circuncidarse y cumplir todos los detalles de las leyes de Mois\u00e9s. Otros dec\u00edan que no, que basta cumplir las leyes principales. Bernab\u00e9 y Pablo se pusieron del lado de los que dec\u00edan que no hab\u00eda que circuncidarse, y como la discusi\u00f3n se pon\u00eda acalorada, los de Antioqu\u00eda enviaron a Jerusal\u00e9n una embajada para que consultara con los ap\u00f3stoles. La embajada estaba presidida por Bernab\u00e9 y Pablo. Los ap\u00f3stoles reunieron un concilio y le dieron la raz\u00f3n a Bernab\u00e9 y Pablo y luego pasaron horas muy emocionantes oy\u00e9ndoles contar las formidables aventuras de sus viajes misioneros.<\/p>\n<p>Volvieron a Antioqu\u00eda y dispusieron organizar un segundo viaje misionero. Pero Bernab\u00e9 quer\u00eda llevar como ayudante a su primo Marcos, y Pablo se opon\u00eda, porque Marcos les hab\u00eda abandonado en la mitad del viaje anterior (por miedo a tantas dificultades). Y as\u00ed fue que se separaron y Bernab\u00e9 se fue a acabar de evangelizar en su isla de Chipre y San Pablo se fue a su segundo viaje. M\u00e1s tarde se encontraron otra vez como amigos misionando en Corinto (1 Cor. 9,6).<\/p>\n<!-- AddThis Advanced Settings generic via filter on the_content --><!-- AddThis Share Buttons generic via filter on the_content -->","protected":false},"excerpt":{"rendered":"<p>San Bernab\u00e9 &#8211; Ap\u00f3stol &#8211;\u00a0Siglo I \u00bfQu\u00e9 me ense\u00f1ar\u00e1 la vida de San Bernab\u00e9? \u00bfA compartir mis bienes con los pobres? \u00bfA tratar de descubrir [&hellip;]<!-- AddThis Advanced Settings generic via filter on get_the_excerpt --><!-- AddThis Share Buttons generic via filter on get_the_excerpt --><\/p>\n","protected":false},"author":2,"featured_media":9217,"comment_status":"open","ping_status":"open","sticky":false,"template":"","format":"standard","meta":{"footnotes":""},"categories":[166],"tags":[],"class_list":["post-9216","post","type-post","status-publish","format-standard","has-post-thumbnail","hentry","category-santoral"],"_links":{"self":[{"href":"http:\/\/obispadodezaratecampana.org\/index.php?rest_route=\/wp\/v2\/posts\/9216","targetHints":{"allow":["GET"]}}],"collection":[{"href":"http:\/\/obispadodezaratecampana.org\/index.php?rest_route=\/wp\/v2\/posts"}],"about":[{"href":"http:\/\/obispadodezaratecampana.org\/index.php?rest_route=\/wp\/v2\/types\/post"}],"author":[{"embeddable":true,"href":"http:\/\/obispadodezaratecampana.org\/index.php?rest_route=\/wp\/v2\/users\/2"}],"replies":[{"embeddable":true,"href":"http:\/\/obispadodezaratecampana.org\/index.php?rest_route=%2Fwp%2Fv2%2Fcomments&post=9216"}],"version-history":[{"count":1,"href":"http:\/\/obispadodezaratecampana.org\/index.php?rest_route=\/wp\/v2\/posts\/9216\/revisions"}],"predecessor-version":[{"id":9218,"href":"http:\/\/obispadodezaratecampana.org\/index.php?rest_route=\/wp\/v2\/posts\/9216\/revisions\/9218"}],"wp:featuredmedia":[{"embeddable":true,"href":"http:\/\/obispadodezaratecampana.org\/index.php?rest_route=\/wp\/v2\/media\/9217"}],"wp:attachment":[{"href":"http:\/\/obispadodezaratecampana.org\/index.php?rest_route=%2Fwp%2Fv2%2Fmedia&parent=9216"}],"wp:term":[{"taxonomy":"category","embeddable":true,"href":"http:\/\/obispadodezaratecampana.org\/index.php?rest_route=%2Fwp%2Fv2%2Fcategories&post=9216"},{"taxonomy":"post_tag","embeddable":true,"href":"http:\/\/obispadodezaratecampana.org\/index.php?rest_route=%2Fwp%2Fv2%2Ftags&post=9216"}],"curies":[{"name":"wp","href":"https:\/\/api.w.org\/{rel}","templated":true}]}}