{"id":9073,"date":"2015-05-26T18:15:12","date_gmt":"2015-05-26T21:15:12","guid":{"rendered":"http:\/\/obispadodezaratecampana.org\/?p=9073"},"modified":"2015-09-22T08:49:17","modified_gmt":"2015-09-22T11:49:17","slug":"fechas-y-lugares-donde-se-presentara-la-exposicion-de-milagros-en-la-eucaristia","status":"publish","type":"post","link":"http:\/\/obispadodezaratecampana.org\/?p=9073","title":{"rendered":"Fechas y lugares donde se presentar\u00e1 la exposici\u00f3n de Milagros en la Eucarist\u00eda"},"content":{"rendered":"<p dir=\"ltr\" style=\"color: #222222;\"><span style=\"color: #000000;\">La exposici\u00f3n presenta parte de los Milagros Eucar\u00edsticos principales que ocurrieron a lo largo de los siglos en varios pa\u00edses del mundo y que han sido reconocidos por la Iglesia. Por medio de los paneles es posible \u201cvisitar virtualmente\u201d los lugares donde ocurrieron los Milagros. La exposici\u00f3n ya fue presentada en el Vaticano y ha visitado m\u00e1s de 10.000 parroquias en todo el mundo\u00a0y ha sido traducida en varios idiomas.<\/span><\/p>\n<p dir=\"ltr\" style=\"color: #222222;\">Los lugares en los que se presentar\u00e1 de modo gratuito ser\u00e1n\u00a0(las fechas pueden llegar a sufrir modificaciones):<\/p>\n<p dir=\"ltr\" style=\"color: #222222;\"><strong>Catedral Santa Florentina (04\/06 &#8211; 14\/06)<\/strong><\/p>\n<p dir=\"ltr\" style=\"color: #222222;\"><strong>Pquia Ntra. Sra. de las Gracias, Pilar (15\/06 &#8211; 28\/06)<\/strong><\/p>\n<p dir=\"ltr\" style=\"color: #222222;\"><strong>Pquia. Maria de Nazaret, Z\u00e1rate (29\/06 &#8211; 12\/07)<\/strong><\/p>\n<p dir=\"ltr\" style=\"color: #222222;\"><strong>Pquia San Antonio de Padua y Capilla Villa L\u00eda, San Antonio de Areco (27\/07 &#8211; 16\/08)<\/strong><\/p>\n<p dir=\"ltr\" style=\"color: #222222;\"><strong>Pquia. Ntra. Sra. de F\u00e1tima, Z\u00e1rate (17\/08 &#8211; 31\/08)<\/strong><\/p>\n<p dir=\"ltr\" style=\"color: #222222;\"><strong>Pquia Exaltaci\u00f3n de la Cruz, Capilla del Se\u00f1or (01\/09 &#8211; 15\/09)<\/strong><\/p>\n<p dir=\"ltr\" style=\"color: #222222;\"><strong>Pquia Ntra. Sra. del Rosario, Parada Robles (16\/09 &#8211; 29\/09)<\/strong><\/p>\n<p dir=\"ltr\" style=\"color: #222222;\"><strong>Pquia Ntra Sra del Pilar, Pilar (01\/10 &#8211; 18\/10)<\/strong><\/p>\n<p dir=\"ltr\" style=\"color: #222222;\"><strong>Colegio Esp\u00edritu Santo, Maq. Savio (19\/10 &#8211; 30\/10)<\/strong><\/p>\n<p dir=\"ltr\" style=\"color: #222222;\"><strong>Cocatedral Natividad del Se\u00f1or, Escobar (31\/10 &#8211; 15\/11)<\/strong><\/p>\n<p dir=\"ltr\" style=\"color: #222222;\"><strong>Pquia Santiago Ap\u00f3stol, Baradero (16\/11 &#8211; 30\/11)<\/strong><\/p>\n<p dir=\"ltr\" style=\"color: #222222;\">Si otra parroquia o instituci\u00f3n\u00a0quiere tener la exposici\u00f3n se puede escribir\u00a0un mail a infodiocesiszc@gmail.com para coordinar las fechas.<\/p>\n<!-- AddThis Advanced Settings generic via filter on the_content --><!-- AddThis Share Buttons generic via filter on the_content -->","protected":false},"excerpt":{"rendered":"<p>La exposici\u00f3n presenta parte de los Milagros Eucar\u00edsticos principales que ocurrieron a lo largo de los siglos en varios pa\u00edses del mundo y que han [&hellip;]<!-- AddThis Advanced Settings generic via filter on get_the_excerpt --><!-- AddThis Share Buttons generic via filter on get_the_excerpt --><\/p>\n","protected":false},"author":1,"featured_media":9074,"comment_status":"open","ping_status":"open","sticky":false,"template":"","format":"standard","meta":{"footnotes":""},"categories":[1],"tags":[],"class_list":["post-9073","post","type-post","status-publish","format-standard","has-post-thumbnail","hentry","category-noticiasdiocesanas"],"_links":{"self":[{"href":"http:\/\/obispadodezaratecampana.org\/index.php?rest_route=\/wp\/v2\/posts\/9073","targetHints":{"allow":["GET"]}}],"collection":[{"href":"http:\/\/obispadodezaratecampana.org\/index.php?rest_route=\/wp\/v2\/posts"}],"about":[{"href":"http:\/\/obispadodezaratecampana.org\/index.php?rest_route=\/wp\/v2\/types\/post"}],"author":[{"embeddable":true,"href":"http:\/\/obispadodezaratecampana.org\/index.php?rest_route=\/wp\/v2\/users\/1"}],"replies":[{"embeddable":true,"href":"http:\/\/obispadodezaratecampana.org\/index.php?rest_route=%2Fwp%2Fv2%2Fcomments&post=9073"}],"version-history":[{"count":10,"href":"http:\/\/obispadodezaratecampana.org\/index.php?rest_route=\/wp\/v2\/posts\/9073\/revisions"}],"predecessor-version":[{"id":10447,"href":"http:\/\/obispadodezaratecampana.org\/index.php?rest_route=\/wp\/v2\/posts\/9073\/revisions\/10447"}],"wp:featuredmedia":[{"embeddable":true,"href":"http:\/\/obispadodezaratecampana.org\/index.php?rest_route=\/wp\/v2\/media\/9074"}],"wp:attachment":[{"href":"http:\/\/obispadodezaratecampana.org\/index.php?rest_route=%2Fwp%2Fv2%2Fmedia&parent=9073"}],"wp:term":[{"taxonomy":"category","embeddable":true,"href":"http:\/\/obispadodezaratecampana.org\/index.php?rest_route=%2Fwp%2Fv2%2Fcategories&post=9073"},{"taxonomy":"post_tag","embeddable":true,"href":"http:\/\/obispadodezaratecampana.org\/index.php?rest_route=%2Fwp%2Fv2%2Ftags&post=9073"}],"curies":[{"name":"wp","href":"https:\/\/api.w.org\/{rel}","templated":true}]}}