{"id":9066,"date":"2015-05-26T10:00:12","date_gmt":"2015-05-26T13:00:12","guid":{"rendered":"http:\/\/obispadodezaratecampana.org\/?p=9066"},"modified":"2015-05-26T10:00:12","modified_gmt":"2015-05-26T13:00:12","slug":"celebracion-de-pentecostes-en-la-parroquia-santiago-apostol-de-baradero","status":"publish","type":"post","link":"http:\/\/obispadodezaratecampana.org\/?p=9066","title":{"rendered":"Celebraci\u00f3n de Pentecost\u00e9s en la parroquia Santiago Ap\u00f3stol de Baradero"},"content":{"rendered":"<p><span style=\"color: #222222;\">El s\u00e1bado despu\u00e9s de la Misa de las 19Hs. los fieles se trasladaron al colegio San Jos\u00e9 donde se llevo a cabo la Vigilia de Pentecost\u00e9s, Que significado tiene esta celebraci\u00f3n, los cat\u00f3licos toman esta fecha como conmemoraci\u00f3n del descenso del Esp\u00edritu Santo sobre los ap\u00f3stoles de Jesucristo, lo cual marca el nacimiento de la Iglesia.<\/span><br style=\"color: #222222;\" \/><span style=\"color: #222222;\">\u00a0<\/span><br style=\"color: #222222;\" \/><span style=\"color: #222222;\">Varios fueron los j\u00f3venes que se dieron cita en la Vigilia donde acompa\u00f1ados por las Catequistas, Religiosas, los Sacerdotes, Di\u00e1conos, Seminarista y padres, hicieron de esta noche una verdadera fiesta.<\/span><br style=\"color: #222222;\" \/><span style=\"color: #222222;\">Juegos, canciones, karaoke\u00a0y un compartir a la canasta que daba fin a la parte festiva de la vigilia, para pasar luego a la Capilla del colegio a ponerse en presencia del Sant\u00edsimo.<\/span><br style=\"color: #222222;\" \/><span style=\"color: #222222;\">\u00a0<\/span><br style=\"color: #222222;\" \/><span style=\"color: #222222;\">\u00a0<\/span><br style=\"color: #222222;\" \/><span style=\"color: #222222;\">El domingo en la Misa de los ni\u00f1os la Parroquia se vest\u00eda de fiesta, al entrar se pod\u00eda observar el trabajo del grupo de Catequistas que con los ornamentos indicaban la presencia del Esp\u00edritu Santo.<\/span><br style=\"color: #222222;\" \/><span style=\"color: #222222;\">\u00a0<\/span><br style=\"color: #222222;\" \/><span style=\"color: #222222;\">Un grupo de alumnos de catequesis del ateneo Parroquial hizo una representaci\u00f3n, para dar comienzo a la Santa Misa.<\/span><\/p>\n<!-- AddThis Advanced Settings generic via filter on the_content --><!-- AddThis Share Buttons generic via filter on the_content -->","protected":false},"excerpt":{"rendered":"<p>El s\u00e1bado despu\u00e9s de la Misa de las 19Hs. los fieles se trasladaron al colegio San Jos\u00e9 donde se llevo a cabo la Vigilia de [&hellip;]<!-- AddThis Advanced Settings generic via filter on get_the_excerpt --><!-- AddThis Share Buttons generic via filter on get_the_excerpt --><\/p>\n","protected":false},"author":1,"featured_media":9067,"comment_status":"open","ping_status":"open","sticky":false,"template":"","format":"standard","meta":{"footnotes":""},"categories":[3],"tags":[],"class_list":["post-9066","post","type-post","status-publish","format-standard","has-post-thumbnail","hentry","category-noticiasparroquiales"],"_links":{"self":[{"href":"http:\/\/obispadodezaratecampana.org\/index.php?rest_route=\/wp\/v2\/posts\/9066","targetHints":{"allow":["GET"]}}],"collection":[{"href":"http:\/\/obispadodezaratecampana.org\/index.php?rest_route=\/wp\/v2\/posts"}],"about":[{"href":"http:\/\/obispadodezaratecampana.org\/index.php?rest_route=\/wp\/v2\/types\/post"}],"author":[{"embeddable":true,"href":"http:\/\/obispadodezaratecampana.org\/index.php?rest_route=\/wp\/v2\/users\/1"}],"replies":[{"embeddable":true,"href":"http:\/\/obispadodezaratecampana.org\/index.php?rest_route=%2Fwp%2Fv2%2Fcomments&post=9066"}],"version-history":[{"count":1,"href":"http:\/\/obispadodezaratecampana.org\/index.php?rest_route=\/wp\/v2\/posts\/9066\/revisions"}],"predecessor-version":[{"id":9071,"href":"http:\/\/obispadodezaratecampana.org\/index.php?rest_route=\/wp\/v2\/posts\/9066\/revisions\/9071"}],"wp:featuredmedia":[{"embeddable":true,"href":"http:\/\/obispadodezaratecampana.org\/index.php?rest_route=\/wp\/v2\/media\/9067"}],"wp:attachment":[{"href":"http:\/\/obispadodezaratecampana.org\/index.php?rest_route=%2Fwp%2Fv2%2Fmedia&parent=9066"}],"wp:term":[{"taxonomy":"category","embeddable":true,"href":"http:\/\/obispadodezaratecampana.org\/index.php?rest_route=%2Fwp%2Fv2%2Fcategories&post=9066"},{"taxonomy":"post_tag","embeddable":true,"href":"http:\/\/obispadodezaratecampana.org\/index.php?rest_route=%2Fwp%2Fv2%2Ftags&post=9066"}],"curies":[{"name":"wp","href":"https:\/\/api.w.org\/{rel}","templated":true}]}}