{"id":9059,"date":"2015-05-26T09:09:50","date_gmt":"2015-05-26T12:09:50","guid":{"rendered":"http:\/\/obispadodezaratecampana.org\/?p=9059"},"modified":"2015-05-27T22:22:57","modified_gmt":"2015-05-28T01:22:57","slug":"te-deum-en-la-catedral-santa-florentina","status":"publish","type":"post","link":"http:\/\/obispadodezaratecampana.org\/?p=9059","title":{"rendered":"TE DEUM EN LA CATEDRAL SANTA FLORENTINA"},"content":{"rendered":"<p>En la soleada ma\u00f1ana del lunes 25 de mayo, se llev\u00f3 a cabo el tradicional Te Deum en la Catedral Santa Florentina. Fue presidido por nuestro Obispo, estando presentes adem\u00e1s: Mons. Ariel Perez &#8211; Vicario General de la di\u00f3cesis y cura p\u00e1rroco de la Catedral- y el padre Agust\u00edn Villa &#8211; p\u00e1rroco de Ntra. Sra. de Luj\u00e1n y los Santos Ap\u00f3stoles Pedro y Pablo- , el di\u00e1cono permanente Pedro Bruno y el transitorio &#8211; que pr\u00f3ximamente ser\u00e1 sacerdote- Gustavo Parodi. El templo catedralicio se vio colmado de miembros de la comunidad, abanderados y personal de colegios , empresas e instituciones del partido de Campana, entre los que se encontraban representantes del gobierno Municipal.<br \/>\nLuego del Te Deum, gran parte de los asistentes, se dirigieron al escenario dispuesto frente a la Municipalidad para participar del acto C\u00edvico correspondiente a esta Fiesta Patria.<br \/>\n(Cabe mencionar que la banda municipal est\u00e1 cumpliendo 70 a\u00f1os.)<\/p>\n<p>En este enlace de facebook &#8211; de la Cadena Santa Mar\u00eda &#8211; pueden escuchar el audio con las palabras de nuestro Obispo:<\/p>\n<p><a title=\"te deum\" href=\"https:\/\/www.facebook.com\/349422915176146\/videos\/vb.349422915176146\/761612593957174\/?type=2&amp;theater\" target=\"_blank\">https:\/\/www.facebook.com\/349422915176146\/videos\/vb.349422915176146\/761612593957174\/?type=2&amp;theater<\/a><\/p>\n<p>En la secci\u00f3n de videos de la Fan Page del Obispado de Z\u00e1rate- Campana, pueden ver dos breves videos acerca de esta jornada:<\/p>\n<p><a title=\"videos\" href=\"https:\/\/www.facebook.com\/obispadozc\/videos\" target=\"_blank\">https:\/\/www.facebook.com\/obispadozc\/videos<\/a><\/p>\n<p><a title=\"te deum\" href=\"https:\/\/www.facebook.com\/349422915176146\/videos\/vb.349422915176146\/761612593957174\/?type=2&amp;theater\" target=\"_blank\"><img fetchpriority=\"high\" decoding=\"async\" class=\"size-medium wp-image-9061 aligncenter\" src=\"http:\/\/obispadodezaratecampana.org\/wp-content\/uploads\/2015\/05\/tedi-300x199.jpg\" alt=\"tedi\" width=\"300\" height=\"199\" srcset=\"http:\/\/obispadodezaratecampana.org\/wp-content\/uploads\/2015\/05\/tedi-300x199.jpg 300w, http:\/\/obispadodezaratecampana.org\/wp-content\/uploads\/2015\/05\/tedi-1024x682.jpg 1024w, http:\/\/obispadodezaratecampana.org\/wp-content\/uploads\/2015\/05\/tedi.jpg 2048w\" sizes=\"(max-width: 300px) 100vw, 300px\" \/><\/a><\/p>\n<p><a href=\"http:\/\/obispadodezaratecampana.org\/wp-content\/uploads\/2015\/05\/ted.jpg\"><img decoding=\"async\" class=\"size-medium wp-image-9062 aligncenter\" src=\"http:\/\/obispadodezaratecampana.org\/wp-content\/uploads\/2015\/05\/ted-300x199.jpg\" alt=\"ted\" width=\"300\" height=\"199\" srcset=\"http:\/\/obispadodezaratecampana.org\/wp-content\/uploads\/2015\/05\/ted-300x199.jpg 300w, http:\/\/obispadodezaratecampana.org\/wp-content\/uploads\/2015\/05\/ted-1024x682.jpg 1024w, http:\/\/obispadodezaratecampana.org\/wp-content\/uploads\/2015\/05\/ted.jpg 2048w\" sizes=\"(max-width: 300px) 100vw, 300px\" \/><\/a><\/p>\n<p><a href=\"http:\/\/obispadodezaratecampana.org\/wp-content\/uploads\/2015\/05\/oscar2.jpg\"><img decoding=\"async\" class=\"size-medium wp-image-9063 aligncenter\" src=\"http:\/\/obispadodezaratecampana.org\/wp-content\/uploads\/2015\/05\/oscar2-300x261.jpg\" alt=\"oscar\" width=\"300\" height=\"261\" srcset=\"http:\/\/obispadodezaratecampana.org\/wp-content\/uploads\/2015\/05\/oscar2-300x261.jpg 300w, http:\/\/obispadodezaratecampana.org\/wp-content\/uploads\/2015\/05\/oscar2-1024x891.jpg 1024w, http:\/\/obispadodezaratecampana.org\/wp-content\/uploads\/2015\/05\/oscar2.jpg 2048w\" sizes=\"(max-width: 300px) 100vw, 300px\" \/><\/a><\/p>\n<!-- AddThis Advanced Settings generic via filter on the_content --><!-- AddThis Share Buttons generic via filter on the_content -->","protected":false},"excerpt":{"rendered":"<p>En la soleada ma\u00f1ana del lunes 25 de mayo, se llev\u00f3 a cabo el tradicional Te Deum en la Catedral Santa Florentina. Fue presidido por [&hellip;]<!-- AddThis Advanced Settings generic via filter on get_the_excerpt --><!-- AddThis Share Buttons generic via filter on get_the_excerpt --><\/p>\n","protected":false},"author":2,"featured_media":9060,"comment_status":"open","ping_status":"open","sticky":false,"template":"","format":"standard","meta":{"footnotes":""},"categories":[1],"tags":[],"class_list":["post-9059","post","type-post","status-publish","format-standard","has-post-thumbnail","hentry","category-noticiasdiocesanas"],"_links":{"self":[{"href":"http:\/\/obispadodezaratecampana.org\/index.php?rest_route=\/wp\/v2\/posts\/9059","targetHints":{"allow":["GET"]}}],"collection":[{"href":"http:\/\/obispadodezaratecampana.org\/index.php?rest_route=\/wp\/v2\/posts"}],"about":[{"href":"http:\/\/obispadodezaratecampana.org\/index.php?rest_route=\/wp\/v2\/types\/post"}],"author":[{"embeddable":true,"href":"http:\/\/obispadodezaratecampana.org\/index.php?rest_route=\/wp\/v2\/users\/2"}],"replies":[{"embeddable":true,"href":"http:\/\/obispadodezaratecampana.org\/index.php?rest_route=%2Fwp%2Fv2%2Fcomments&post=9059"}],"version-history":[{"count":5,"href":"http:\/\/obispadodezaratecampana.org\/index.php?rest_route=\/wp\/v2\/posts\/9059\/revisions"}],"predecessor-version":[{"id":9085,"href":"http:\/\/obispadodezaratecampana.org\/index.php?rest_route=\/wp\/v2\/posts\/9059\/revisions\/9085"}],"wp:featuredmedia":[{"embeddable":true,"href":"http:\/\/obispadodezaratecampana.org\/index.php?rest_route=\/wp\/v2\/media\/9060"}],"wp:attachment":[{"href":"http:\/\/obispadodezaratecampana.org\/index.php?rest_route=%2Fwp%2Fv2%2Fmedia&parent=9059"}],"wp:term":[{"taxonomy":"category","embeddable":true,"href":"http:\/\/obispadodezaratecampana.org\/index.php?rest_route=%2Fwp%2Fv2%2Fcategories&post=9059"},{"taxonomy":"post_tag","embeddable":true,"href":"http:\/\/obispadodezaratecampana.org\/index.php?rest_route=%2Fwp%2Fv2%2Ftags&post=9059"}],"curies":[{"name":"wp","href":"https:\/\/api.w.org\/{rel}","templated":true}]}}