{"id":8963,"date":"2015-05-14T00:13:23","date_gmt":"2015-05-14T03:13:23","guid":{"rendered":"http:\/\/obispadodezaratecampana.org\/?p=8963"},"modified":"2015-05-14T00:13:23","modified_gmt":"2015-05-14T03:13:23","slug":"francisco-permiso-perdon-gracias","status":"publish","type":"post","link":"http:\/\/obispadodezaratecampana.org\/?p=8963","title":{"rendered":"Francisco: &#8220;PERMISO, PERD\u00d3N, GRACIAS&#8221;"},"content":{"rendered":"<p>TRES CONSEJOS DEL PAPA FRANCISCO PARA VIVIR BIEN EN FAMILIA<br \/>\nQueridos amigos, el Papa Francisco comenz\u00f3 hoy &#8211; 13 de mayo &#8211; una serie de reflexiones sobre &#8220;la vida de la familia, su vida real, con sus tiempos y sus acontecimientos&#8221;.<br \/>\nHoy se refiri\u00f3 a tres palabras que &#8220;abren el camino para vivir bien en la familia, para vivir en paz. Son palabras simples, \u00a1pero no tan f\u00e1ciles de poner en pr\u00e1ctica! Encierran una gran fuerza; la fuerza de custodiar la casa, tambi\u00e9n a trav\u00e9s de miles dificultades y pruebas; en cambio, su falta, poco a poco abre grietas que pueden hacerla incluso derrumbar&#8221;.<br \/>\nEstas tres palabras son: permiso, gracias, perd\u00f3n.<br \/>\n1- Permiso<br \/>\n&#8220;Cuando nos preocupamos por pedir gentilmente tambi\u00e9n aquello que quiz\u00e1s pensamos que podemos pretender, nosotros ponemos una verdadera protecci\u00f3n para el esp\u00edritu de la convivencia matrimonial y familiar.<br \/>\nEntrar en la vida del otro, incluso cuando es parte de nuestra vida, necesita la delicadeza de una actitud no invasiva, que renueva la confianza y el respeto. La confianza no autoriza a dar todo por supuesto.<br \/>\nY el amor, cuanto m\u00e1s \u00edntimo y profundo es, tanto m\u00e1s exige el respeto de la libertad y la capacidad de esperar que el otro abra la puerta de su coraz\u00f3n.<br \/>\nPodemos recordar aqu\u00ed la palabra de Jes\u00fas en el libro del Apocalipsis, que hemos escuchado: \u201cYo estoy junto a la puerta y llamo: si alguien oye mi voz y me abre, entrar\u00e9 en su casa y cenaremos juntos\u201d (3,20).<br \/>\n\u00a1Tambi\u00e9n el Se\u00f1or pide el permiso para entrar! No lo olvidemos. Antes de hacer una cosa en familia: \u201c\u00bfPermiso, puedo hacerlo?\u201d \u201c\u00bfTe gusta que lo haga as\u00ed?\u201d Ese lenguaje verdaderamente educado, pero lleno de amor. Y esto hace tanto bien a las familias&#8221;.<br \/>\n2- Gracias<br \/>\nEn la sociedad actual, &#8220;la gentileza y la capacidad de agradecer son vistas como un signo de debilidad, e incluso provocan desconfianza. Esta tendencia debe ser contrastada en el seno mismo de la familia.<br \/>\nDebemos ser firmes en la educaci\u00f3n a la gratitud, al reconocimiento: la dignidad de la persona y la justicia social pasan ambas por aqu\u00ed. Si la vida familiar descuida este estilo, tambi\u00e9n la vida social lo perder\u00e1.<br \/>\nLa gratitud, luego, para un creyente, est\u00e1 en el coraz\u00f3n mismo de la fe: un cristiano que no sabe agradecer es uno que ha olvidado la lengua de Dios. \u00a1Es feo esto, eh! Recordemos la pregunta de Jes\u00fas, cuando cur\u00f3 a diez leprosos y s\u00f3lo uno de ellos volvi\u00f3 para darle las gracias (cfr. Lc 17\/18).<br \/>\nUna vez escuch\u00e9 sobre una persona anciana, muy sabia, muy buena, simple, con aquella sabidur\u00eda de la piedad, de la vida: &#8220;La gratitud es una planta que crece solamente en la tierra de las almas nobles&#8221;. La nobleza del alma, la gracia de Dios en el alma nos empujan a decir: \u201cGracias\u201d. Es la flor de un alma noble. \u00c9sta es una bella cosa.<br \/>\n3- Perd\u00f3n<br \/>\n&#8220;Palabra dif\u00edcil, cierto, sin embargo tan necesaria. Cuando falta, peque\u00f1as grietas se ensanchan \u2013 tambi\u00e9n sin quererlo \u2013 hasta transformarse en fosos profundos. Por eso, en la oraci\u00f3n que Jes\u00fas nos ense\u00f1\u00f3, el \u201cPadre Nuestro\u201d -que resume todas las peticiones esenciales para nuestra vida-, encontramos esta expresi\u00f3n: \u201cPerdona nuestras ofensas, como nosotros perdonamos a los que nos han ofendido\u201d (Mt 6,12).<br \/>\nReconocer que hemos cometido una falta y estar deseosos de restituir lo que se ha quitado \u2013 respeto, sinceridad, amor \u2013 nos hace dignos del perd\u00f3n. Y as\u00ed se detiene la infecci\u00f3n.<br \/>\nSi no somos capaces de disculparnos, quiere decir que ni siquiera somos capaces de perdonar. En la casa donde no se pide perd\u00f3n comienza a faltar el aire, las aguas se vuelven estancadas. Tantas heridas de los afectos, tantas laceraciones en las familias comienzan con la perdida de esta palabra preciosa: \u201cdisc\u00falpame\u201d.<br \/>\nEn la vida matrimonial se pelea tantas veces\u2026 tambi\u00e9n \u00a1\u201cvuelan los platos\u201d eh! Pero les doy un consejo: nunca terminen la jornada sin hacer las paces.<br \/>\nEscuchen bien: \u00bfhan peleado marido y mujer? \u00bfHijos con padres? \u00bfHan peleado fuerte? Eso no est\u00e1 bien. Pero no es el problema: el problema es que este sentimiento permanezca a\u00fan al d\u00eda siguiente. Por eso, si han peleado, nunca terminen la jornada sin hacer las paces en familia.<br \/>\n\u00bfY c\u00f3mo debo hacer las paces? \u00bfPonerme de rodillas? \u00a1No! Solamente un peque\u00f1o gesto, una cosita as\u00ed. \u00a1Y la armon\u00eda familiar vuelve, eh! \u00a1Basta una caricia! Sin palabras. Pero nunca terminar la jornada en familia sin hacer las paces. \u00bfEntendido? \u00a1No es f\u00e1cil, eh! Pero se debe hacer. Y con esto la vida ser\u00e1 m\u00e1s bella&#8221;.<\/p>\n<p>Fuente: www.news.va<\/p>\n<!-- AddThis Advanced Settings generic via filter on the_content --><!-- AddThis Share Buttons generic via filter on the_content -->","protected":false},"excerpt":{"rendered":"<p>TRES CONSEJOS DEL PAPA FRANCISCO PARA VIVIR BIEN EN FAMILIA Queridos amigos, el Papa Francisco comenz\u00f3 hoy &#8211; 13 de mayo &#8211; una serie de [&hellip;]<!-- AddThis Advanced Settings generic via filter on get_the_excerpt --><!-- AddThis Share Buttons generic via filter on get_the_excerpt --><\/p>\n","protected":false},"author":2,"featured_media":8964,"comment_status":"open","ping_status":"open","sticky":false,"template":"","format":"standard","meta":{"footnotes":""},"categories":[161],"tags":[],"class_list":["post-8963","post","type-post","status-publish","format-standard","has-post-thumbnail","hentry","category-el-papa-leonxiv"],"_links":{"self":[{"href":"http:\/\/obispadodezaratecampana.org\/index.php?rest_route=\/wp\/v2\/posts\/8963","targetHints":{"allow":["GET"]}}],"collection":[{"href":"http:\/\/obispadodezaratecampana.org\/index.php?rest_route=\/wp\/v2\/posts"}],"about":[{"href":"http:\/\/obispadodezaratecampana.org\/index.php?rest_route=\/wp\/v2\/types\/post"}],"author":[{"embeddable":true,"href":"http:\/\/obispadodezaratecampana.org\/index.php?rest_route=\/wp\/v2\/users\/2"}],"replies":[{"embeddable":true,"href":"http:\/\/obispadodezaratecampana.org\/index.php?rest_route=%2Fwp%2Fv2%2Fcomments&post=8963"}],"version-history":[{"count":1,"href":"http:\/\/obispadodezaratecampana.org\/index.php?rest_route=\/wp\/v2\/posts\/8963\/revisions"}],"predecessor-version":[{"id":8965,"href":"http:\/\/obispadodezaratecampana.org\/index.php?rest_route=\/wp\/v2\/posts\/8963\/revisions\/8965"}],"wp:featuredmedia":[{"embeddable":true,"href":"http:\/\/obispadodezaratecampana.org\/index.php?rest_route=\/wp\/v2\/media\/8964"}],"wp:attachment":[{"href":"http:\/\/obispadodezaratecampana.org\/index.php?rest_route=%2Fwp%2Fv2%2Fmedia&parent=8963"}],"wp:term":[{"taxonomy":"category","embeddable":true,"href":"http:\/\/obispadodezaratecampana.org\/index.php?rest_route=%2Fwp%2Fv2%2Fcategories&post=8963"},{"taxonomy":"post_tag","embeddable":true,"href":"http:\/\/obispadodezaratecampana.org\/index.php?rest_route=%2Fwp%2Fv2%2Ftags&post=8963"}],"curies":[{"name":"wp","href":"https:\/\/api.w.org\/{rel}","templated":true}]}}